{"id":22811,"date":"2021-08-23T13:00:06","date_gmt":"2021-08-23T11:00:06","guid":{"rendered":"https:\/\/www.labunie.com.pl\/?p=22811"},"modified":"2021-08-24T15:35:00","modified_gmt":"2021-08-24T13:35:00","slug":"gmina-labunie-na-dozynkach-powiatowo-gminnych-w-sitnie","status":"publish","type":"post","link":"https:\/\/labunie.com.pl\/?p=22811","title":{"rendered":"Gmina \u0141abunie na Do\u017cynkach Powiatowo-Gminnych w Sitnie"},"content":{"rendered":"\n<p><strong>Gmina \u0141abunie wzi\u0119\u0142a udzia\u0142 na Do\u017cynkach Powiatowo-Gminych w Sitnie. Gmin\u0119 reprezentowa\u0142 W\u00f3jt\u00a0 &#8211; Mariusz Kukie\u0142ka oraz delegacje z wie\u0144cami do\u017cynkowymi &#8211; So\u0142ectwo Moc\u00f3wka i So\u0142ectwo \u0141abu\u0144ki Pierwsze.<\/strong><\/p>\n\n\n\n<div style=\"height:12px\" aria-hidden=\"true\" class=\"wp-block-spacer\"><\/div>\n\n\n\n<!--more-->\n\n\n\n<p>Do\u017cynki Powiatowo-Gminne w Sitnie odby\u0142y si\u0119 w niedziel\u0119, 22 sierpnia. Ka\u017cda z gmin powiatu zamojskiego mog\u0142a by\u0107 reprezentowana przez maksymalnie dwie delegacje z wie\u0144cami do\u017cynkowymi. W tym roku Gmin\u0119 \u0141abunie reprezentowali w delegacji: W\u00f3jt Gminy \u0141abunie &#8211; Mariusz Kukie\u0142ka oraz So\u0142ectwo Moc\u00f3wka i So\u0142ectwo \u0141abu\u0144ki Pierwsze.\u00a0<\/p>\n<p>So\u0142ectwo w Moc\u00f3wce\u00a0 &#8211; na czele delegacji Przewodnicz\u0105ca Ko\u0142a Gospody\u0144 Wiejskich w Moc\u00f3wce &#8211; Pani Helena Wa\u0142aszyk, kt\u00f3ra r\u00f3wnie\u017c nios\u0142a chleb.\u00a0 So\u0142ectwo prezentowa\u0142o wieniec wsp\u00f3\u0142czesny &#8211; \u017cniwiarza i \u017cniwiark\u0119. Wieniec wykonany by\u0142 z k\u0142os\u00f3w zb\u00f3\u017c, przyozdobiony zosta\u0142 kwiatami.<\/p>\n<p>So\u0142etcwo \u0141abu\u0144ki Pierwsze &#8211; na czele delegacji so\u0142tys wsi &#8211; Pan Andrzej Grula, kt\u00f3ry ni\u00f3s\u0142 chleb. Delegacja prezentowa\u0142a wieniec tradycyjny w kszta\u0142cie kopu\u0142y wykonany z k\u0142os\u00f3w zb\u00f3\u017c i r\u00f3wnie\u017c przyozdobiony kwiatami, a tak\u017ce warzywami i owocami. Delegacj\u0119 z wie\u0144cem reprezentowa\u0142o Ko\u0142o Gospody\u0144 Wiejskich w \u0141abu\u0144kach Pierwszych na czele z Przewodnicz\u0105c\u0105 &#8211; Pani\u0105 El\u017cbiet\u0105 Garbacz.\u00a0<\/p>\n<p>Gratulujemy pi\u0119knych wie\u0144c\u00f3w do\u017cynkowych.<\/p>\n\n\n\n<div style=\"height:13px\" aria-hidden=\"true\" class=\"wp-block-spacer\"><\/div>\n\n\n\n<figure class=\"wp-block-gallery columns-2 is-cropped wp-block-gallery-1 is-layout-flex wp-block-gallery-is-layout-flex\"><ul class=\"blocks-gallery-grid\"><li class=\"blocks-gallery-item\"><figure><a href=\"https:\/\/www.labunie.com.pl\/wp-content\/uploads\/2021\/08\/Bez-tytulu-1-2.png\" data-rel=\"lightbox-gallery-hpLTZt3M\" data-rl_title=\"\" data-rl_caption=\"\" title=\"\"><img loading=\"lazy\" decoding=\"async\" width=\"1024\" height=\"765\" src=\"https:\/\/www.labunie.com.pl\/wp-content\/uploads\/2021\/08\/Bez-tytulu-1-2-1024x765.png\" alt=\"\" data-id=\"22826\" data-full-url=\"https:\/\/www.labunie.com.pl\/wp-content\/uploads\/2021\/08\/Bez-tytulu-1-2.png\" data-link=\"https:\/\/www.labunie.com.pl\/?attachment_id=22826\" class=\"wp-image-22826\" srcset=\"https:\/\/labunie.com.pl\/wp-content\/uploads\/2021\/08\/Bez-tytulu-1-2-1024x765.png 1024w, https:\/\/labunie.com.pl\/wp-content\/uploads\/2021\/08\/Bez-tytulu-1-2-300x224.png 300w, https:\/\/labunie.com.pl\/wp-content\/uploads\/2021\/08\/Bez-tytulu-1-2-768x574.png 768w, https:\/\/labunie.com.pl\/wp-content\/uploads\/2021\/08\/Bez-tytulu-1-2.png 1031w\" sizes=\"auto, (max-width: 1024px) 100vw, 1024px\" \/><\/a><figcaption class=\"blocks-gallery-item__caption\">So\u0142ectwo Moc\u00f3wka<\/figcaption><\/figure><\/li><li class=\"blocks-gallery-item\"><figure><a href=\"https:\/\/www.labunie.com.pl\/wp-content\/uploads\/2021\/08\/Bez-tytulu-2-3.png\" data-rel=\"lightbox-gallery-hpLTZt3M\" data-rl_title=\"\" data-rl_caption=\"\" title=\"\"><img loading=\"lazy\" decoding=\"async\" width=\"1024\" height=\"765\" src=\"https:\/\/www.labunie.com.pl\/wp-content\/uploads\/2021\/08\/Bez-tytulu-2-3-1024x765.png\" alt=\"\" data-id=\"22827\" data-full-url=\"https:\/\/www.labunie.com.pl\/wp-content\/uploads\/2021\/08\/Bez-tytulu-2-3.png\" data-link=\"https:\/\/www.labunie.com.pl\/?attachment_id=22827\" class=\"wp-image-22827\" srcset=\"https:\/\/labunie.com.pl\/wp-content\/uploads\/2021\/08\/Bez-tytulu-2-3-1024x765.png 1024w, https:\/\/labunie.com.pl\/wp-content\/uploads\/2021\/08\/Bez-tytulu-2-3-300x224.png 300w, https:\/\/labunie.com.pl\/wp-content\/uploads\/2021\/08\/Bez-tytulu-2-3-768x574.png 768w, https:\/\/labunie.com.pl\/wp-content\/uploads\/2021\/08\/Bez-tytulu-2-3.png 1031w\" sizes=\"auto, (max-width: 1024px) 100vw, 1024px\" \/><\/a><figcaption class=\"blocks-gallery-item__caption\">So\u0142ectwo \u0141abu\u0144ki Pierwsze<\/figcaption><\/figure><\/li><\/ul><\/figure>\n","protected":false},"excerpt":{"rendered":"<p>Gmina \u0141abunie wzi\u0119\u0142a udzia\u0142 na Do\u017cynkach Powiatowo-Gminych w Sitnie. Gmin\u0119 reprezentowa\u0142 W\u00f3jt\u00a0 &#8211; Mariusz Kukie\u0142ka oraz delegacje z wie\u0144cami do\u017cynkowymi &#8211; So\u0142ectwo Moc\u00f3wka i So\u0142ectwo \u0141abu\u0144ki Pierwsze.<\/p>\n","protected":false},"author":11,"featured_media":22830,"comment_status":"closed","ping_status":"closed","sticky":false,"template":"","format":"standard","meta":{"footnotes":""},"categories":[1],"tags":[],"class_list":["post-22811","post","type-post","status-publish","format-standard","has-post-thumbnail","hentry","category-wpisy","clearfix"],"_links":{"self":[{"href":"https:\/\/labunie.com.pl\/index.php?rest_route=\/wp\/v2\/posts\/22811","targetHints":{"allow":["GET"]}}],"collection":[{"href":"https:\/\/labunie.com.pl\/index.php?rest_route=\/wp\/v2\/posts"}],"about":[{"href":"https:\/\/labunie.com.pl\/index.php?rest_route=\/wp\/v2\/types\/post"}],"author":[{"embeddable":true,"href":"https:\/\/labunie.com.pl\/index.php?rest_route=\/wp\/v2\/users\/11"}],"replies":[{"embeddable":true,"href":"https:\/\/labunie.com.pl\/index.php?rest_route=%2Fwp%2Fv2%2Fcomments&post=22811"}],"version-history":[{"count":4,"href":"https:\/\/labunie.com.pl\/index.php?rest_route=\/wp\/v2\/posts\/22811\/revisions"}],"predecessor-version":[{"id":22846,"href":"https:\/\/labunie.com.pl\/index.php?rest_route=\/wp\/v2\/posts\/22811\/revisions\/22846"}],"wp:featuredmedia":[{"embeddable":true,"href":"https:\/\/labunie.com.pl\/index.php?rest_route=\/wp\/v2\/media\/22830"}],"wp:attachment":[{"href":"https:\/\/labunie.com.pl\/index.php?rest_route=%2Fwp%2Fv2%2Fmedia&parent=22811"}],"wp:term":[{"taxonomy":"category","embeddable":true,"href":"https:\/\/labunie.com.pl\/index.php?rest_route=%2Fwp%2Fv2%2Fcategories&post=22811"},{"taxonomy":"post_tag","embeddable":true,"href":"https:\/\/labunie.com.pl\/index.php?rest_route=%2Fwp%2Fv2%2Ftags&post=22811"}],"curies":[{"name":"wp","href":"https:\/\/api.w.org\/{rel}","templated":true}]}}