{"id":23036,"date":"2021-09-03T08:39:33","date_gmt":"2021-09-03T06:39:33","guid":{"rendered":"https:\/\/www.labunie.com.pl\/?p=23036"},"modified":"2021-09-03T08:39:34","modified_gmt":"2021-09-03T06:39:34","slug":"piekno-powiatu-zamojskiego-fotokonkurs","status":"publish","type":"post","link":"https:\/\/labunie.com.pl\/?p=23036","title":{"rendered":"Pi\u0119kno Powiatu Zamojskiego &#8211; fotokonkurs"},"content":{"rendered":"\n<p><strong>Ruszy\u0142a II edycja Powiatowego Konkursu Fotograficznego pn.: \u201ePi\u0119kno Powiatu Zamojskiego w obiektywie\u201d pod Honorowym Patronatem Starosty Zamojskiego.<\/strong><\/p>\n\n\n\n<div style=\"height:14px\" aria-hidden=\"true\" class=\"wp-block-spacer\"><\/div>\n\n\n\n<!--more-->\n\n\n\n<p>Konkurs ma charakter otwarty, mo\u017ce bra\u0107 w nim udzia\u0142 ka\u017cda zainteresowana osoba, kt\u00f3ra profesjonalnie lub amatorsko zajmuje si\u0119 fotografi\u0105 i jest mieszka\u0144cem powiatu zamojskiego.\u00a0Zdj\u0119cia na konkurs mo\u017cna zg\u0142asza\u0107 do dnia 30 wrze\u015bnia 2021 roku.<\/p>\n<p>Zach\u0119camy do pokazania pi\u0119kna powiatu zamojskiego, zaprezentowania w ciekawy i niecodzienny spos\u00f3b skrywanych na jego terenie zabytk\u00f3w architektonicznych, a tak\u017ce niezwykle urokliwej fauny i flory.<\/p>\n<p>Nagrodzone i wyr\u00f3\u017cnione zdj\u0119cia, wraz z imieniem i nazwiskiem autora, znajd\u0105 si\u0119 w kalendarzu Powiatu Zamojskiego na 2022 rok. Nagrody finansowe w konkursie ufundowane przez Starostwo Powiatowe w Zamo\u015bciu, zostan\u0105 przyznane za I, II i III miejsce, odpowiednio w wysoko\u015bci 800,00 z\u0142, 600,00 z\u0142 i 400,00 z\u0142. Ponadto autorzy 9 wyr\u00f3\u017cnionych prac, otrzymaj\u0105 nagrody w wysoko\u015bci po 200,00 z\u0142.\u00a0<\/p>\n\n\n\n<div style=\"height:12px\" aria-hidden=\"true\" class=\"wp-block-spacer\"><\/div>\n\n\n\n\n\n<figure class=\"wp-block-image size-large\"><img loading=\"lazy\" decoding=\"async\" width=\"707\" height=\"1000\" src=\"https:\/\/www.labunie.com.pl\/wp-content\/uploads\/2021\/09\/11921b.jpg\" alt=\"\" class=\"wp-image-23038\" srcset=\"https:\/\/labunie.com.pl\/wp-content\/uploads\/2021\/09\/11921b.jpg 707w, https:\/\/labunie.com.pl\/wp-content\/uploads\/2021\/09\/11921b-212x300.jpg 212w\" sizes=\"auto, (max-width: 707px) 100vw, 707px\" \/><\/figure>\n","protected":false},"excerpt":{"rendered":"<p>Ruszy\u0142a II edycja Powiatowego Konkursu Fotograficznego pn.: \u201ePi\u0119kno Powiatu Zamojskiego w obiektywie\u201d pod Honorowym Patronatem Starosty Zamojskiego.<\/p>\n","protected":false},"author":11,"featured_media":23040,"comment_status":"closed","ping_status":"closed","sticky":false,"template":"","format":"standard","meta":{"footnotes":""},"categories":[1],"tags":[],"class_list":["post-23036","post","type-post","status-publish","format-standard","has-post-thumbnail","hentry","category-wpisy","clearfix"],"_links":{"self":[{"href":"https:\/\/labunie.com.pl\/index.php?rest_route=\/wp\/v2\/posts\/23036","targetHints":{"allow":["GET"]}}],"collection":[{"href":"https:\/\/labunie.com.pl\/index.php?rest_route=\/wp\/v2\/posts"}],"about":[{"href":"https:\/\/labunie.com.pl\/index.php?rest_route=\/wp\/v2\/types\/post"}],"author":[{"embeddable":true,"href":"https:\/\/labunie.com.pl\/index.php?rest_route=\/wp\/v2\/users\/11"}],"replies":[{"embeddable":true,"href":"https:\/\/labunie.com.pl\/index.php?rest_route=%2Fwp%2Fv2%2Fcomments&post=23036"}],"version-history":[{"count":2,"href":"https:\/\/labunie.com.pl\/index.php?rest_route=\/wp\/v2\/posts\/23036\/revisions"}],"predecessor-version":[{"id":23039,"href":"https:\/\/labunie.com.pl\/index.php?rest_route=\/wp\/v2\/posts\/23036\/revisions\/23039"}],"wp:featuredmedia":[{"embeddable":true,"href":"https:\/\/labunie.com.pl\/index.php?rest_route=\/wp\/v2\/media\/23040"}],"wp:attachment":[{"href":"https:\/\/labunie.com.pl\/index.php?rest_route=%2Fwp%2Fv2%2Fmedia&parent=23036"}],"wp:term":[{"taxonomy":"category","embeddable":true,"href":"https:\/\/labunie.com.pl\/index.php?rest_route=%2Fwp%2Fv2%2Fcategories&post=23036"},{"taxonomy":"post_tag","embeddable":true,"href":"https:\/\/labunie.com.pl\/index.php?rest_route=%2Fwp%2Fv2%2Ftags&post=23036"}],"curies":[{"name":"wp","href":"https:\/\/api.w.org\/{rel}","templated":true}]}}