{"id":23221,"date":"2021-09-14T14:30:18","date_gmt":"2021-09-14T12:30:18","guid":{"rendered":"https:\/\/www.labunie.com.pl\/?p=23221"},"modified":"2021-09-14T14:31:32","modified_gmt":"2021-09-14T12:31:32","slug":"dwa-teatry-w-zamosciu","status":"publish","type":"post","link":"https:\/\/labunie.com.pl\/?p=23221","title":{"rendered":"Dwa Teatry w Zamo\u015bciu"},"content":{"rendered":"\n<p><strong>W&nbsp;imieniu organizator\u00f3w &#8211; TVP, Polskiego Radia i wsp\u00f3\u0142organizatora &#8211; Miasta Zamo\u015b\u0107 &#8211; zapraszamy na Festiwal Dwa Teatry w Zamo\u015bciu.&nbsp;<\/strong><\/p>\n\n\n\n<div style=\"height:13px\" aria-hidden=\"true\" class=\"wp-block-spacer\"><\/div>\n\n\n\n<!--more-->\n\n\n\n<p>W dniach 17-20 wrze\u015bnia w zabytkowej przestrzeni zamojskiego zespo\u0142u staromiejskiego b\u0119d\u0105 odbywa\u0142y si\u0119 projekcje spektakli telewizyjnych, s\u0142uchowiska radiowe, spotkania z tw\u00f3rcami, koncerty muzyczne i widowiska plenerowe. Na wydarzenia zapraszamy m.in. do Sali \u015alub\u00f3w i sali Consulatus zamojskiego Ratusza, auli Pa\u0144stwowej Szko\u0142y Muzycznej, Jazz Club Kosz i zamojskiej Synagogi.<\/p>\n<p>Gala fina\u0142owa Festiwalu odb\u0119dzie si\u0119 w poniedzia\u0142ek, 20 wrze\u015bnia na p\u0142ycie Rynku Wielkiego w Zamo\u015bciu. Transmisja z wszystkich wydarze\u0144 Festiwalu b\u0119dzie dost\u0119pna na antenach Telewizji Polskiej i Polskiego Radia.<\/p>\n<p>Poni\u017cej publikujemy program Festiwalu i wydarzenia towarzysz\u0105ce.<\/p>\n<p>\u0179r\u00f3d\u0142o: zamosc.pl<\/p>\n<p>&nbsp;<\/p>\n\n\n\n<div class=\"wp-block-file\"><a href=\"https:\/\/www.labunie.com.pl\/wp-content\/uploads\/2021\/09\/12732_program-festiwalu-dwa-teatry-zamosc-2021.pdf\">Program Festiwalu<\/a><a href=\"https:\/\/www.labunie.com.pl\/wp-content\/uploads\/2021\/09\/12732_program-festiwalu-dwa-teatry-zamosc-2021.pdf\" class=\"wp-block-file__button\" download>Pobierz<\/a><\/div>\n\n\n\n\n\n<div class=\"wp-block-file\"><a href=\"https:\/\/www.labunie.com.pl\/wp-content\/uploads\/2021\/09\/12733_wydarzenia-towarzyszace-festiwalu-dwa-teatry-zamosc-2021.pdf\">Wydarzenia towarzysz\u0105ce festiwalu<\/a><a href=\"https:\/\/www.labunie.com.pl\/wp-content\/uploads\/2021\/09\/12733_wydarzenia-towarzyszace-festiwalu-dwa-teatry-zamosc-2021.pdf\" class=\"wp-block-file__button\" download>Pobierz<\/a><\/div>\n","protected":false},"excerpt":{"rendered":"<p>W&nbsp;imieniu organizator\u00f3w &#8211; TVP, Polskiego Radia i wsp\u00f3\u0142organizatora &#8211; Miasta Zamo\u015b\u0107 &#8211; zapraszamy na Festiwal Dwa Teatry w Zamo\u015bciu.&nbsp;<\/p>\n","protected":false},"author":11,"featured_media":23224,"comment_status":"closed","ping_status":"closed","sticky":false,"template":"","format":"standard","meta":{"footnotes":""},"categories":[1],"tags":[],"class_list":["post-23221","post","type-post","status-publish","format-standard","has-post-thumbnail","hentry","category-wpisy","clearfix"],"_links":{"self":[{"href":"https:\/\/labunie.com.pl\/index.php?rest_route=\/wp\/v2\/posts\/23221","targetHints":{"allow":["GET"]}}],"collection":[{"href":"https:\/\/labunie.com.pl\/index.php?rest_route=\/wp\/v2\/posts"}],"about":[{"href":"https:\/\/labunie.com.pl\/index.php?rest_route=\/wp\/v2\/types\/post"}],"author":[{"embeddable":true,"href":"https:\/\/labunie.com.pl\/index.php?rest_route=\/wp\/v2\/users\/11"}],"replies":[{"embeddable":true,"href":"https:\/\/labunie.com.pl\/index.php?rest_route=%2Fwp%2Fv2%2Fcomments&post=23221"}],"version-history":[{"count":2,"href":"https:\/\/labunie.com.pl\/index.php?rest_route=\/wp\/v2\/posts\/23221\/revisions"}],"predecessor-version":[{"id":23226,"href":"https:\/\/labunie.com.pl\/index.php?rest_route=\/wp\/v2\/posts\/23221\/revisions\/23226"}],"wp:featuredmedia":[{"embeddable":true,"href":"https:\/\/labunie.com.pl\/index.php?rest_route=\/wp\/v2\/media\/23224"}],"wp:attachment":[{"href":"https:\/\/labunie.com.pl\/index.php?rest_route=%2Fwp%2Fv2%2Fmedia&parent=23221"}],"wp:term":[{"taxonomy":"category","embeddable":true,"href":"https:\/\/labunie.com.pl\/index.php?rest_route=%2Fwp%2Fv2%2Fcategories&post=23221"},{"taxonomy":"post_tag","embeddable":true,"href":"https:\/\/labunie.com.pl\/index.php?rest_route=%2Fwp%2Fv2%2Ftags&post=23221"}],"curies":[{"name":"wp","href":"https:\/\/api.w.org\/{rel}","templated":true}]}}