{"id":23362,"date":"2021-09-30T13:15:21","date_gmt":"2021-09-30T11:15:21","guid":{"rendered":"https:\/\/www.labunie.com.pl\/?p=23362"},"modified":"2021-10-01T08:11:20","modified_gmt":"2021-10-01T06:11:20","slug":"aktywne-popoludnia-z-fitnessem-w-gminie-labunie","status":"publish","type":"post","link":"https:\/\/labunie.com.pl\/?p=23362","title":{"rendered":"Aktywne popo\u0142udnia z fitnessem w gminie \u0141abunie"},"content":{"rendered":"\n<p><strong>Zapraszamy na zaj\u0119cia fitness do \u0141abu\u0144 i \u0141abuniek. Wybierz &#8211; intensywny aerobik lub fitness po\u0142\u0105czony z ta\u0144cem.<\/strong><\/p>\n\n\n\n<!--more-->\n\n\n\n<div style=\"height:12px\" aria-hidden=\"true\" class=\"wp-block-spacer\"><\/div>\n\n\n\n<p>Je\u017celi lubisz intensywny trening na spalenie maksimum kalorii to zapraszamy na aerobik do hali sportowej w szkole w \u0141abu\u0144kach Pierwszych &#8211; <strong><span style=\"color: #ff0000;\">w poniedzia\u0142ki i \u015brody od 19.00 do 20.00.<\/span><\/strong><span style=\"color: #000000;\"> Zaj\u0119cia do ko\u0144ca grudnia prowadzi Dawid Kolaja. Wst\u0119p bezp\u0142atny. <br \/><\/span><\/p>\n<p>\u00a0<\/p>\n<p>Je\u017celi lubisz \u0142agodniejszy fitness po\u0142\u0105czony z ta\u0144cem, nie mo\u017cesz intensywnie \u0107wiczy\u0107 to zapraszamy na drugie zaj\u0119cia fitness, kt\u00f3re ruszaj\u0105 ju\u017c w pi\u0105tek 1 pa\u017adziernika i potrwaj\u0105 do ko\u0144ca roku. Tu mo\u017cna \u0107wiczy\u0107 <span style=\"color: #ff0000;\"><strong>w poniedzia\u0142ki i pi\u0105tki od 19.00 do 20.00. <\/strong><span style=\"color: #000000;\">Zaj\u0119cia poprowadzi Beata Kulczy\u0144ska. Te zaj\u0119cia r\u00f3wnie\u017c dofinansowuje gmina ( wymagana symboliczna op\u0142ata uzale\u017cniona od liczby uczestnik\u00f3w) <\/span><\/span><\/p>\n<p>\u00a0<\/p>\n\n\n\n<figure class=\"wp-block-image size-large\"><img loading=\"lazy\" decoding=\"async\" width=\"573\" height=\"776\" src=\"https:\/\/www.labunie.com.pl\/wp-content\/uploads\/2021\/09\/Bez-tytulu-27.png\" alt=\"\" class=\"wp-image-23372\" srcset=\"https:\/\/labunie.com.pl\/wp-content\/uploads\/2021\/09\/Bez-tytulu-27.png 573w, https:\/\/labunie.com.pl\/wp-content\/uploads\/2021\/09\/Bez-tytulu-27-222x300.png 222w\" sizes=\"auto, (max-width: 573px) 100vw, 573px\" \/><\/figure>\n","protected":false},"excerpt":{"rendered":"<p>Zapraszamy na zaj\u0119cia fitness do \u0141abu\u0144 i \u0141abuniek. Wybierz &#8211; intensywny aerobik lub fitness po\u0142\u0105czony z ta\u0144cem.<\/p>\n","protected":false},"author":11,"featured_media":23365,"comment_status":"closed","ping_status":"closed","sticky":false,"template":"","format":"standard","meta":{"footnotes":""},"categories":[1],"tags":[],"class_list":["post-23362","post","type-post","status-publish","format-standard","has-post-thumbnail","hentry","category-wpisy","clearfix"],"_links":{"self":[{"href":"https:\/\/labunie.com.pl\/index.php?rest_route=\/wp\/v2\/posts\/23362","targetHints":{"allow":["GET"]}}],"collection":[{"href":"https:\/\/labunie.com.pl\/index.php?rest_route=\/wp\/v2\/posts"}],"about":[{"href":"https:\/\/labunie.com.pl\/index.php?rest_route=\/wp\/v2\/types\/post"}],"author":[{"embeddable":true,"href":"https:\/\/labunie.com.pl\/index.php?rest_route=\/wp\/v2\/users\/11"}],"replies":[{"embeddable":true,"href":"https:\/\/labunie.com.pl\/index.php?rest_route=%2Fwp%2Fv2%2Fcomments&post=23362"}],"version-history":[{"count":5,"href":"https:\/\/labunie.com.pl\/index.php?rest_route=\/wp\/v2\/posts\/23362\/revisions"}],"predecessor-version":[{"id":24744,"href":"https:\/\/labunie.com.pl\/index.php?rest_route=\/wp\/v2\/posts\/23362\/revisions\/24744"}],"wp:featuredmedia":[{"embeddable":true,"href":"https:\/\/labunie.com.pl\/index.php?rest_route=\/wp\/v2\/media\/23365"}],"wp:attachment":[{"href":"https:\/\/labunie.com.pl\/index.php?rest_route=%2Fwp%2Fv2%2Fmedia&parent=23362"}],"wp:term":[{"taxonomy":"category","embeddable":true,"href":"https:\/\/labunie.com.pl\/index.php?rest_route=%2Fwp%2Fv2%2Fcategories&post=23362"},{"taxonomy":"post_tag","embeddable":true,"href":"https:\/\/labunie.com.pl\/index.php?rest_route=%2Fwp%2Fv2%2Ftags&post=23362"}],"curies":[{"name":"wp","href":"https:\/\/api.w.org\/{rel}","templated":true}]}}