{"id":23559,"date":"2021-10-18T14:07:22","date_gmt":"2021-10-18T12:07:22","guid":{"rendered":"https:\/\/www.labunie.com.pl\/?p=23559"},"modified":"2021-10-18T22:34:56","modified_gmt":"2021-10-18T20:34:56","slug":"opieka-wytchnieniowa-edycja-2022","status":"publish","type":"post","link":"https:\/\/labunie.com.pl\/?p=23559","title":{"rendered":"Opieka wytchnieniowa &#8211; edycja 2022"},"content":{"rendered":"\n<p><strong>Gminny O\u015brodek Pomocy Spo\u0142ecznej w \u0141abuniach w zwi\u0105zku z og\u0142oszonym przez Ministerstwo Rodziny i Polityki Spo\u0142ecznej Programem \u201eOpieka wytchnieniowa\u201d \u2013 edycja 2022, prosi o kontakt osoby zainteresowane uzyskaniem wsparcia.<\/strong><\/p>\n\n\n\n<!--more-->\n\n\n\n<div class=\"wp-block-image\"><figure class=\"aligncenter size-large\"><img loading=\"lazy\" decoding=\"async\" width=\"800\" height=\"280\" src=\"https:\/\/www.labunie.com.pl\/wp-content\/uploads\/2021\/06\/pl-f_pl-g.png\" alt=\"\" class=\"wp-image-21564\" srcset=\"https:\/\/labunie.com.pl\/wp-content\/uploads\/2021\/06\/pl-f_pl-g.png 800w, https:\/\/labunie.com.pl\/wp-content\/uploads\/2021\/06\/pl-f_pl-g-300x105.png 300w, https:\/\/labunie.com.pl\/wp-content\/uploads\/2021\/06\/pl-f_pl-g-768x269.png 768w\" sizes=\"auto, (max-width: 800px) 100vw, 800px\" \/><\/figure><\/div>\n\n\n\n<div style=\"height:20px\" aria-hidden=\"true\" class=\"wp-block-spacer\"><\/div>\n\n\n\n<p>W zwi\u0105zku <strong>z og\u0142oszeniem przez Ministra Rodziny i Polityki Spo\u0142ecznej naboru wniosk\u00f3w w ramach Programu &#8220;Opieka wytchnieniowa&#8221; &#8211; edycja 2022<\/strong>, kt\u00f3rego<strong> celem jest wsparcie cz\u0142onk\u00f3w rodzin lub opiekun\u00f3w<\/strong> sprawuj\u0105cych bezpo\u015bredni\u0105 opiek\u0119 nad: dzie\u0107mi z orzeczeniem o niepe\u0142nosprawno\u015bci lub osobami posiadaj\u0105cymi orzeczenie o znacznym stopniu niepe\u0142nosprawno\u015bci lub orzeczenie traktowane na r\u00f3wni z orzeczeniem o znacznym stopniu niepe\u0142nosprawno\u015bci (zgodnie z art. 5 i art. 62 Ustawy z dnia 27 sierpnia 1997 r. o rehabilitacji zawodowej i spo\u0142ecznej oraz zatrudnianiu os\u00f3b niepe\u0142nosprawnych) <strong>poprzez mo\u017cliwo\u015b\u0107 uzyskania dora\u017anej, czasowej pomocy w formie us\u0142ugi opieki wytchnieniowej<\/strong> prosimy o kontakt osoby zainteresowane \u015bwiadczeniem us\u0142ugi opieki wytchnieniowej w ramach pobytu dziennego w miejscu zamieszkania osoby niepe\u0142nosprawnej z Gminnym O\u015brodkiem Pomocy Spo\u0142ecznej w \u0141abuniach ul. Orzechowa 10 lub pod nr telefonu: 84 611 30 08 w terminie <strong>od dnia 19. 10. 2021 r. do dnia 22. 10. 2021 r<\/strong>.<\/p>\n\n\n\n<div style=\"height:20px\" aria-hidden=\"true\" class=\"wp-block-spacer\"><\/div>\n\n\n\n<div class=\"wp-block-file\"><a href=\"https:\/\/www.labunie.com.pl\/wp-content\/uploads\/2021\/10\/Ogloszenie-do-programu-Opieka-wytchnieniowa-edycja-2022-.pdf\">Og\u0142oszenie do programu Opieka wytchnieniowa edycja 2022<\/a><a href=\"https:\/\/www.labunie.com.pl\/wp-content\/uploads\/2021\/10\/Ogloszenie-do-programu-Opieka-wytchnieniowa-edycja-2022-.pdf\" class=\"wp-block-file__button\" download>Pobierz<\/a><\/div>\n","protected":false},"excerpt":{"rendered":"<p>Gminny O\u015brodek Pomocy Spo\u0142ecznej w \u0141abuniach w zwi\u0105zku z og\u0142oszonym przez Ministerstwo Rodziny i Polityki Spo\u0142ecznej Programem \u201eOpieka wytchnieniowa\u201d \u2013 edycja 2022, prosi o kontakt osoby zainteresowane uzyskaniem wsparcia.<\/p>\n","protected":false},"author":7,"featured_media":23297,"comment_status":"closed","ping_status":"closed","sticky":false,"template":"","format":"standard","meta":{"footnotes":""},"categories":[1],"tags":[],"class_list":["post-23559","post","type-post","status-publish","format-standard","has-post-thumbnail","hentry","category-wpisy","clearfix"],"_links":{"self":[{"href":"https:\/\/labunie.com.pl\/index.php?rest_route=\/wp\/v2\/posts\/23559","targetHints":{"allow":["GET"]}}],"collection":[{"href":"https:\/\/labunie.com.pl\/index.php?rest_route=\/wp\/v2\/posts"}],"about":[{"href":"https:\/\/labunie.com.pl\/index.php?rest_route=\/wp\/v2\/types\/post"}],"author":[{"embeddable":true,"href":"https:\/\/labunie.com.pl\/index.php?rest_route=\/wp\/v2\/users\/7"}],"replies":[{"embeddable":true,"href":"https:\/\/labunie.com.pl\/index.php?rest_route=%2Fwp%2Fv2%2Fcomments&post=23559"}],"version-history":[{"count":2,"href":"https:\/\/labunie.com.pl\/index.php?rest_route=\/wp\/v2\/posts\/23559\/revisions"}],"predecessor-version":[{"id":23563,"href":"https:\/\/labunie.com.pl\/index.php?rest_route=\/wp\/v2\/posts\/23559\/revisions\/23563"}],"wp:featuredmedia":[{"embeddable":true,"href":"https:\/\/labunie.com.pl\/index.php?rest_route=\/wp\/v2\/media\/23297"}],"wp:attachment":[{"href":"https:\/\/labunie.com.pl\/index.php?rest_route=%2Fwp%2Fv2%2Fmedia&parent=23559"}],"wp:term":[{"taxonomy":"category","embeddable":true,"href":"https:\/\/labunie.com.pl\/index.php?rest_route=%2Fwp%2Fv2%2Fcategories&post=23559"},{"taxonomy":"post_tag","embeddable":true,"href":"https:\/\/labunie.com.pl\/index.php?rest_route=%2Fwp%2Fv2%2Ftags&post=23559"}],"curies":[{"name":"wp","href":"https:\/\/api.w.org\/{rel}","templated":true}]}}