{"id":23565,"date":"2021-10-19T12:47:05","date_gmt":"2021-10-19T10:47:05","guid":{"rendered":"https:\/\/www.labunie.com.pl\/?p=23565"},"modified":"2021-10-29T21:49:04","modified_gmt":"2021-10-29T19:49:04","slug":"zapraszamy-na-rodzinny-rajd-pieszy-szlakiem-pamieci-niepodleglej","status":"publish","type":"post","link":"https:\/\/labunie.com.pl\/?p=23565","title":{"rendered":"Zapraszamy na rodzinny rajd pieszy &#8220;Szlakiem pami\u0119ci Niepodleg\u0142ej&#8221;"},"content":{"rendered":"\n<p><strong>Zapraszamy ca\u0142e rodziny na familijny rajd pieszy &#8220;Szlakiem pami\u0119ci Niepodleg\u0142ej&#8221; z okazji Narodowego \u015awi\u0119ta Niepodleg\u0142o\u015bci. Najpierw odwiedzimy miejsca pami\u0119ci, potem ogrzejemy si\u0119 przy ognisku. Zapisy ju\u017c ruszy\u0142y.<\/strong><\/p>\n\n\n\n<div style=\"height:7px\" aria-hidden=\"true\" class=\"wp-block-spacer\"><\/div>\n\n\n\n<!--more-->\n\n\n\n<p>Rajd adresowany jest do rodzin &#8211; mieszka\u0144c\u00f3w gminy \u0141abunie. Wydarzenie odb\u0119dzie si\u0119 o 11 listopada. Startujemy o godz. 13.00. Spotykamy si\u0119 przy Izbie Muzealnej w Barchaczowie, sk\u0105d autokar zabiera nas do Br\u00f3dka. St\u0105d rozpoczynamy nasz rajd. Odwiedzimy po drodze miejsca pami\u0119ci, zapalimy znicze, pos\u0142uchamy o wydarzeniach historycznych zwi\u0105zanych z lokaln\u0105 Niepodleg\u0142\u0105, us\u0142yszymy ciekawostki historyczne. Na koniec ogrzejemy si\u0119 przy ognisku, zjemy pieczon\u0105 kie\u0142bask\u0119 i s\u0142odko\u015bci.<\/p>\n<p>Zapisy na rajd do 29 pa\u017adziernika pod nr tel.: 84 611 60 23 lub e-mailowo: d.saran@labunie.com.pl<\/p>\n<p>Szczeg\u00f3\u0142y w regulaminie<\/p>\n\n\n\n<div style=\"height:13px\" aria-hidden=\"true\" class=\"wp-block-spacer\"><\/div>\n\n\n\n<div class=\"wp-block-file\"><a href=\"https:\/\/www.labunie.com.pl\/wp-content\/uploads\/2021\/10\/REGULAMIN-RAJDU-2021.pdf\">REGULAMIN-RAJDU-2021<\/a><a href=\"https:\/\/www.labunie.com.pl\/wp-content\/uploads\/2021\/10\/REGULAMIN-RAJDU-2021.pdf\" class=\"wp-block-file__button\" download>Pobierz<\/a><\/div>\n","protected":false},"excerpt":{"rendered":"<p>Zapraszamy ca\u0142e rodziny na familijny rajd pieszy &#8220;Szlakiem pami\u0119ci Niepodleg\u0142ej&#8221; z okazji Narodowego \u015awi\u0119ta Niepodleg\u0142o\u015bci. Najpierw odwiedzimy miejsca pami\u0119ci, potem ogrzejemy si\u0119 przy ognisku. Zapisy ju\u017c ruszy\u0142y.<\/p>\n","protected":false},"author":11,"featured_media":23568,"comment_status":"closed","ping_status":"closed","sticky":false,"template":"","format":"standard","meta":{"footnotes":""},"categories":[1],"tags":[],"class_list":["post-23565","post","type-post","status-publish","format-standard","has-post-thumbnail","hentry","category-wpisy","clearfix"],"_links":{"self":[{"href":"https:\/\/labunie.com.pl\/index.php?rest_route=\/wp\/v2\/posts\/23565","targetHints":{"allow":["GET"]}}],"collection":[{"href":"https:\/\/labunie.com.pl\/index.php?rest_route=\/wp\/v2\/posts"}],"about":[{"href":"https:\/\/labunie.com.pl\/index.php?rest_route=\/wp\/v2\/types\/post"}],"author":[{"embeddable":true,"href":"https:\/\/labunie.com.pl\/index.php?rest_route=\/wp\/v2\/users\/11"}],"replies":[{"embeddable":true,"href":"https:\/\/labunie.com.pl\/index.php?rest_route=%2Fwp%2Fv2%2Fcomments&post=23565"}],"version-history":[{"count":3,"href":"https:\/\/labunie.com.pl\/index.php?rest_route=\/wp\/v2\/posts\/23565\/revisions"}],"predecessor-version":[{"id":23601,"href":"https:\/\/labunie.com.pl\/index.php?rest_route=\/wp\/v2\/posts\/23565\/revisions\/23601"}],"wp:featuredmedia":[{"embeddable":true,"href":"https:\/\/labunie.com.pl\/index.php?rest_route=\/wp\/v2\/media\/23568"}],"wp:attachment":[{"href":"https:\/\/labunie.com.pl\/index.php?rest_route=%2Fwp%2Fv2%2Fmedia&parent=23565"}],"wp:term":[{"taxonomy":"category","embeddable":true,"href":"https:\/\/labunie.com.pl\/index.php?rest_route=%2Fwp%2Fv2%2Fcategories&post=23565"},{"taxonomy":"post_tag","embeddable":true,"href":"https:\/\/labunie.com.pl\/index.php?rest_route=%2Fwp%2Fv2%2Ftags&post=23565"}],"curies":[{"name":"wp","href":"https:\/\/api.w.org\/{rel}","templated":true}]}}