{"id":23668,"date":"2021-10-26T11:21:50","date_gmt":"2021-10-26T09:21:50","guid":{"rendered":"https:\/\/www.labunie.com.pl\/?p=23668"},"modified":"2021-10-26T11:22:24","modified_gmt":"2021-10-26T09:22:24","slug":"wystawa-w-bibliotece-publicznej-gminy-labunie","status":"publish","type":"post","link":"https:\/\/labunie.com.pl\/?p=23668","title":{"rendered":"Wystawa w Bibliotece Publicznej Gminy \u0141abunie"},"content":{"rendered":"\n<p class=\"has-text-align-center\"><span style=\"color:#0693e3\" class=\"tadv-color\"><strong>Rok 2021 \u2013 Rokiem kardyna\u0142a Stefana Wyszy\u0144skiego<\/strong><br><strong>Wystawa w Bibliotece Publicznej Gminy \u0141abunie<\/strong><br><strong>2 XI-30 XII 2021<\/strong><\/span><\/p>\n\n\n\n<p><strong>\u201eKsi\u0105dz Stefan Wyszy\u0144ski na Zamojszczy\u017anie oraz w gminie Kra\u015bniczyn\u201d to tytu\u0142 wystawy kt\u00f3r\u0105 mo\u017cna ogl\u0105da\u0107 w holu Biblioteki Publicznej Gminy \u0141abunie.<\/strong><\/p>\n\n\n\n<!--more-->\n\n\n\n<p>Kard. Stefan Wyszy\u0144ski wpisa\u0142 si\u0119 na trwa\u0142e w dzieje Ko\u015bcio\u0142a i Narodu Polskiego. Wspominamy go z szacunkiem, jako S\u0142ug\u0119 Bo\u017cego, wielkiego patriot\u0119, spo\u0142ecznika, m\u0119\u017ca stanu.<\/p>\n\n\n\n<p>Na Zamojszczy\u017anie Stefan Wyszy\u0144ski przebywa\u0142 kilkakrotnie \u2013 pierwszy raz w tragicznym czasie II wojny \u015bwiatowej i okupacji niemieckiej, gdy ukrywa\u0142 si\u0119 przed aresztowaniem, a p\u00f3\u017aniej, gdy zosta\u0142 ordynariuszem diecezji lubelskiej.<\/p>\n\n\n\n<p>Urodzi\u0142 si\u0119 3 sierpnia 1901 r. w Zuzeli (wie\u015b nad rzek\u0105 Bug w woj. mazowieckim, w powiecie ostrowskim, w Gminie Nur). W wieku 19 lat wst\u0105pi\u0142 do Wy\u017cszego Seminarium Duchownego we W\u0142oc\u0142awku. W roku 1924 przyj\u0105\u0142 \u015bwi\u0119cenia kap\u0142a\u0144skie, a w 1929 r. uko\u0144czy\u0142 studia na Katolickim Uniwersytecie Lubelskim w Lublinie, broni\u0105c prac\u0119 doktorsk\u0105. Po wybuchu II wojny \u015bwiatowej, ze wzgl\u0119du na swoje zaanga\u017cowanie spo\u0142eczne oraz przedwojenne publikacje nt. niemieckiego nacjonalizmu, by\u0142 poszukiwany przez w\u0142adze okupacyjne. Na polecenie rektora seminarium w kt\u00f3rym pracowa\u0142 jako wyk\u0142adowca opu\u015bci\u0142 W\u0142oc\u0142awek i ukrywa\u0142 si\u0119. Od pa\u017adziernika 1941 r. do czerwca 1942 r. znalaz\u0142 schronienie we wsi \u017bu\u0142\u00f3w w Gminie Kra\u015bniczyn w powiecie krasnostawskim. Przebywa\u0142 tak\u017ce w Marcin\u00f3wce, Podwysokiem, Majdanie Skierbieszowskim. B\u0119d\u0105c w Stanis\u0142awce odwiedza\u0142 Rozdo\u0142y, \u017buk\u00f3w i okolice D\u0119biny.<\/p>\n\n\n\n<p>W marcu 1946 r. ksi\u0105dz Wyszy\u0144ski jako rektor seminarium zosta\u0142 mianowany przez papie\u017ca Piusa XII ordynariuszem diecezji lubelskiej. Funkcj\u0119 t\u0119 pe\u0142ni do listopada 1948 r. Przez prawie trzyletni pobyt, z zaanga\u017cowaniem i energi\u0105, s\u0142u\u017cy wyniszczonej po wojnie diecezji. Reorganizowa\u0142 kuri\u0119, tworzy\u0142 domy rekolekcyjne. Wizytowa\u0142 parafie. Znane s\u0105 jego wizytacje dekanat\u00f3w \u00f3wczesnej diecezji lubelskiej (zamojskiego, tomaszowskiego, hrubieszowskiego). Jako biskup lubelski odwiedza\u0142 Zamo\u015b\u0107, zamojskie szko\u0142y (m.in. nr 1, 2, 5, gimnazja), szpital i ko\u015bcio\u0142y. Go\u015bci\u0142 tak\u017ce w\u015br\u00f3d harcerzy. W 1948 roku odwiedzi\u0142 Zamo\u015b\u0107 trzykrotnie m.in. 1 lipca, towarzysz\u0105c prymasowi Augustowi Hlondowi, kt\u00f3ry zwiedza\u0142 Zamo\u015b\u0107 i park.<\/p>\n\n\n\n<p>Prezentowane na wystawie fotografie pochodz\u0105 ze zbior\u00f3w Archiwum Pa\u0144stwowego w Zamo\u015bciu. Dotycz\u0105 czas\u00f3w przedwojennych oraz wojennych. S\u0105 to uj\u0119cia z wizytacji, podobizny bliskich Kardyna\u0142a Wyszy\u0144skiego. Na jednym z afiszy zaprezentowano map\u0119 z zaznaczonymi miejscami pobytu kardyna\u0142a Wyszy\u0144skiego. Do mapy do\u0142\u0105czone s\u0105 aktualne zdj\u0119cia miejsc upami\u0119tniaj\u0105ce pobyt tej wyj\u0105tkowej postaci. <\/p>\n\n\n\n<div style=\"height:40px\" aria-hidden=\"true\" class=\"wp-block-spacer\"><\/div>\n\n\n\n<p class=\"has-text-align-right\"><em>Agnieszka Szyku\u0142a-\u017bygawska<\/em><\/p>\n\n\n\n<div style=\"height:40px\" aria-hidden=\"true\" class=\"wp-block-spacer\"><\/div>\n\n\n\n<div class=\"wp-block-image\"><figure class=\"aligncenter size-large\"><img loading=\"lazy\" decoding=\"async\" width=\"724\" height=\"1024\" src=\"https:\/\/www.labunie.com.pl\/wp-content\/uploads\/2021\/10\/Wystawa_Wyszynski-724x1024.jpg\" alt=\"\" class=\"wp-image-23669\" srcset=\"https:\/\/labunie.com.pl\/wp-content\/uploads\/2021\/10\/Wystawa_Wyszynski-724x1024.jpg 724w, https:\/\/labunie.com.pl\/wp-content\/uploads\/2021\/10\/Wystawa_Wyszynski-212x300.jpg 212w, https:\/\/labunie.com.pl\/wp-content\/uploads\/2021\/10\/Wystawa_Wyszynski-768x1086.jpg 768w, https:\/\/labunie.com.pl\/wp-content\/uploads\/2021\/10\/Wystawa_Wyszynski.jpg 1000w\" sizes=\"auto, (max-width: 724px) 100vw, 724px\" \/><\/figure><\/div>\n","protected":false},"excerpt":{"rendered":"<p>Rok 2021 \u2013 Rokiem kardyna\u0142a Stefana Wyszy\u0144skiegoWystawa w Bibliotece Publicznej Gminy \u0141abunie2 XI-30 XII 2021 \u201eKsi\u0105dz Stefan Wyszy\u0144ski na Zamojszczy\u017anie oraz w gminie Kra\u015bniczyn\u201d to tytu\u0142 wystawy kt\u00f3r\u0105 mo\u017cna ogl\u0105da\u0107 w holu Biblioteki Publicznej Gminy \u0141abunie.<\/p>\n","protected":false},"author":7,"featured_media":23316,"comment_status":"closed","ping_status":"closed","sticky":false,"template":"","format":"standard","meta":{"footnotes":""},"categories":[1],"tags":[],"class_list":["post-23668","post","type-post","status-publish","format-standard","has-post-thumbnail","hentry","category-wpisy","clearfix"],"_links":{"self":[{"href":"https:\/\/labunie.com.pl\/index.php?rest_route=\/wp\/v2\/posts\/23668","targetHints":{"allow":["GET"]}}],"collection":[{"href":"https:\/\/labunie.com.pl\/index.php?rest_route=\/wp\/v2\/posts"}],"about":[{"href":"https:\/\/labunie.com.pl\/index.php?rest_route=\/wp\/v2\/types\/post"}],"author":[{"embeddable":true,"href":"https:\/\/labunie.com.pl\/index.php?rest_route=\/wp\/v2\/users\/7"}],"replies":[{"embeddable":true,"href":"https:\/\/labunie.com.pl\/index.php?rest_route=%2Fwp%2Fv2%2Fcomments&post=23668"}],"version-history":[{"count":4,"href":"https:\/\/labunie.com.pl\/index.php?rest_route=\/wp\/v2\/posts\/23668\/revisions"}],"predecessor-version":[{"id":23673,"href":"https:\/\/labunie.com.pl\/index.php?rest_route=\/wp\/v2\/posts\/23668\/revisions\/23673"}],"wp:featuredmedia":[{"embeddable":true,"href":"https:\/\/labunie.com.pl\/index.php?rest_route=\/wp\/v2\/media\/23316"}],"wp:attachment":[{"href":"https:\/\/labunie.com.pl\/index.php?rest_route=%2Fwp%2Fv2%2Fmedia&parent=23668"}],"wp:term":[{"taxonomy":"category","embeddable":true,"href":"https:\/\/labunie.com.pl\/index.php?rest_route=%2Fwp%2Fv2%2Fcategories&post=23668"},{"taxonomy":"post_tag","embeddable":true,"href":"https:\/\/labunie.com.pl\/index.php?rest_route=%2Fwp%2Fv2%2Ftags&post=23668"}],"curies":[{"name":"wp","href":"https:\/\/api.w.org\/{rel}","templated":true}]}}