{"id":23767,"date":"2021-11-10T09:24:20","date_gmt":"2021-11-10T08:24:20","guid":{"rendered":"https:\/\/www.labunie.com.pl\/?p=23767"},"modified":"2021-11-12T13:07:44","modified_gmt":"2021-11-12T12:07:44","slug":"gmina-labunie-dla-niepodleglej-4","status":"publish","type":"post","link":"https:\/\/labunie.com.pl\/?p=23767","title":{"rendered":"Gmina \u0141abunie dla Niepodleg\u0142ej"},"content":{"rendered":"\n<p><strong>Zawsze z my\u015bl\u0105 o Niepodleg\u0142ej. Do\u0142\u0105cz do obchod\u00f3w \u015awi\u0119ta Niepodleg\u0142o\u015bci.<\/strong><\/p>\n\n\n\n<div style=\"height:10px\" aria-hidden=\"true\" class=\"wp-block-spacer\"><\/div>\n\n\n\n<!--more-->\n\n\n\n<p>W czwartek, 11 listopada odb\u0119d\u0105 si\u0119 gminne uroczysto\u015bci z okazji 103. rocznicy odzyskania przez Polsk\u0119 niepodleg\u0142o\u015bci. W ko\u015bciele parafialnym w \u0141abuniach o godz. 10.00 rozpocznie si\u0119 uroczysta Msza \u015aw. w intencji Ojczyzny. Jak co roku r\u00f3wnie\u017c, w miejscach pami\u0119ci na terenie Gminy \u0141abunie zostan\u0105 z\u0142o\u017cone wie\u0144ce i zapalone znicze. <\/p>\n\n\n\n<p>Z uwagi na sytuacj\u0119 epidemiczn\u0105 nie zaplanowano innych wydarze\u0144 z udzia\u0142em mieszka\u0144c\u00f3w gminy  \u0141abunie. Zach\u0119camy za to do rodzinnego \u015bwi\u0119towania Niepodleg\u0142ej. Poni\u017cej wi\u0119c publikujemy link do ubieg\u0142orocznej galerii zdj\u0119\u0107, gdzie W\u00f3jt Gminy \u0141abunie &#8211; Mariusz Kukie\u0142ka oraz Przewodnicz\u0105ca Rady Gminy \u0141abunie &#8211; El\u017cbieta Ku\u017ama z\u0142o\u017cyli wie\u0144ce i zapalili znicze. Zach\u0119camy do odwiedzenia tych miejsc w gronie rodziny i oddania ho\u0142du tym, kt\u00f3rzy walczyli o Niepodleg\u0142\u0105. <\/p>\n\n\n\n<figure class=\"wp-block-embed is-type-wp-embed is-provider-urzad-gminy-labunie wp-block-embed-urzad-gminy-labunie\"><div class=\"wp-block-embed__wrapper\">\n<blockquote class=\"wp-embedded-content\" data-secret=\"BAKy7VnswX\"><a href=\"https:\/\/www.labunie.com.pl\/?p=19133\">Gmina \u0141abunie dla Niepodleg\u0142ej<\/a><\/blockquote><iframe loading=\"lazy\" class=\"wp-embedded-content\" sandbox=\"allow-scripts\" security=\"restricted\" style=\"position: absolute; clip: rect(1px, 1px, 1px, 1px);\" title=\"&#8222;Gmina \u0141abunie dla Niepodleg\u0142ej&#8221; &#8212; Urz\u0105d Gminy \u0141abunie\" src=\"https:\/\/www.labunie.com.pl\/?p=19133&#038;embed=true#?secret=BAKy7VnswX\" data-secret=\"BAKy7VnswX\" width=\"600\" height=\"338\" frameborder=\"0\" marginwidth=\"0\" marginheight=\"0\" scrolling=\"no\"><\/iframe>\n<\/div><\/figure>\n\n\n\n<p>Mamy r\u00f3wnie\u017c dla Pa\u0144stwa muzyczn\u0105 niespodziank\u0119 w wykonaniu Gminnego  Ch\u00f3ru Konsonans pod dyrekcj\u0105 Pani Agnieszki Brylewicz, kt\u00f3ry specjalnie dla mieszka\u0144c\u00f3w gminy \u0141abunie przygotowa\u0142 patriotyczny klip &#8220;Uwierz Polsko&#8221;. <\/p>\n\n\n\n<p>Niech \u017cyje Niepodleg\u0142a! <\/p>\n\n\n\n<figure class=\"wp-block-embed is-type-video is-provider-youtube wp-block-embed-youtube wp-embed-aspect-16-9 wp-has-aspect-ratio\"><div class=\"wp-block-embed__wrapper\">\n<iframe loading=\"lazy\" title=\"Ch\u00f3r &quot;Konsonans&quot; - &quot;Uwierz Polsko&quot;\" width=\"1280\" height=\"720\" src=\"https:\/\/www.youtube.com\/embed\/nXiDzEoTE94?feature=oembed\" frameborder=\"0\" allow=\"accelerometer; autoplay; clipboard-write; encrypted-media; gyroscope; picture-in-picture\" allowfullscreen><\/iframe>\n<\/div><\/figure>\n","protected":false},"excerpt":{"rendered":"<p>Zawsze z my\u015bl\u0105 o Niepodleg\u0142ej. Do\u0142\u0105cz do obchod\u00f3w \u015awi\u0119ta Niepodleg\u0142o\u015bci.<\/p>\n","protected":false},"author":11,"featured_media":23782,"comment_status":"closed","ping_status":"closed","sticky":false,"template":"","format":"standard","meta":{"footnotes":""},"categories":[1],"tags":[],"class_list":["post-23767","post","type-post","status-publish","format-standard","has-post-thumbnail","hentry","category-wpisy","clearfix"],"_links":{"self":[{"href":"https:\/\/labunie.com.pl\/index.php?rest_route=\/wp\/v2\/posts\/23767","targetHints":{"allow":["GET"]}}],"collection":[{"href":"https:\/\/labunie.com.pl\/index.php?rest_route=\/wp\/v2\/posts"}],"about":[{"href":"https:\/\/labunie.com.pl\/index.php?rest_route=\/wp\/v2\/types\/post"}],"author":[{"embeddable":true,"href":"https:\/\/labunie.com.pl\/index.php?rest_route=\/wp\/v2\/users\/11"}],"replies":[{"embeddable":true,"href":"https:\/\/labunie.com.pl\/index.php?rest_route=%2Fwp%2Fv2%2Fcomments&post=23767"}],"version-history":[{"count":5,"href":"https:\/\/labunie.com.pl\/index.php?rest_route=\/wp\/v2\/posts\/23767\/revisions"}],"predecessor-version":[{"id":23834,"href":"https:\/\/labunie.com.pl\/index.php?rest_route=\/wp\/v2\/posts\/23767\/revisions\/23834"}],"wp:featuredmedia":[{"embeddable":true,"href":"https:\/\/labunie.com.pl\/index.php?rest_route=\/wp\/v2\/media\/23782"}],"wp:attachment":[{"href":"https:\/\/labunie.com.pl\/index.php?rest_route=%2Fwp%2Fv2%2Fmedia&parent=23767"}],"wp:term":[{"taxonomy":"category","embeddable":true,"href":"https:\/\/labunie.com.pl\/index.php?rest_route=%2Fwp%2Fv2%2Fcategories&post=23767"},{"taxonomy":"post_tag","embeddable":true,"href":"https:\/\/labunie.com.pl\/index.php?rest_route=%2Fwp%2Fv2%2Ftags&post=23767"}],"curies":[{"name":"wp","href":"https:\/\/api.w.org\/{rel}","templated":true}]}}