{"id":23969,"date":"2021-11-23T07:43:56","date_gmt":"2021-11-23T06:43:56","guid":{"rendered":"https:\/\/www.labunie.com.pl\/?p=23969"},"modified":"2021-11-23T07:46:06","modified_gmt":"2021-11-23T06:46:06","slug":"kamila-wroblewska-wyspiewala-podium","status":"publish","type":"post","link":"https:\/\/labunie.com.pl\/?p=23969","title":{"rendered":"Kamila Wr\u00f3blewska wy\u015bpiewa\u0142a podium"},"content":{"rendered":"\n<p><strong>Kamila Wr\u00f3blewska z \u0141abu\u0144 zaj\u0119\u0142a I miejsce w kategorii Szk\u00f3\u0142 Ponadpodstawowych w diecezjalnym konkursie piosenki religijnej &#8220;Moja wiara, moja mi\u0142o\u015b\u0107&#8221;. <\/strong><\/p>\n\n\n\n<div style=\"height:8px\" aria-hidden=\"true\" class=\"wp-block-spacer\"><\/div>\n\n\n\n<!--more-->\n\n\n\n<p>Gratulujemy naszej utalentowanej Kamili i \u017cyczymy kolejnych \u015bpiewaj\u0105cych sukces\u00f3w!<\/p>\n<p>\u00a0<\/p>\n\n\n\n<figure class=\"wp-block-embed\"><div class=\"wp-block-embed__wrapper\">\n<blockquote class=\"wp-embedded-content\" data-secret=\"9IKZAwj5RA\"><a href=\"http:\/\/mdk.zamosc.pl\/2021\/11\/diecezjalnego-konkursu-piosenki-religijnej-moja-wiara-moja-milosc-zamosc-2021r-wyniki\/\">Wyniki Diecezjalnego Konkursu Piosenki Religijnej \u201eMoja wiara, moja mi\u0142o\u015b\u0107\u201d \u2013 Zamo\u015b\u0107 2021 r.<\/a><\/blockquote><iframe loading=\"lazy\" class=\"wp-embedded-content\" sandbox=\"allow-scripts\" security=\"restricted\" style=\"position: absolute; clip: rect(1px, 1px, 1px, 1px);\" title=\"&#8222;Wyniki Diecezjalnego Konkursu Piosenki Religijnej \u201eMoja wiara, moja mi\u0142o\u015b\u0107\u201d \u2013 Zamo\u015b\u0107 2021 r.&#8221; &#8212; M\u0142odzie\u017cowy Dom Kultury im. Kornela Makuszy\u0144skiego w Zamo\u015bciu\" src=\"http:\/\/mdk.zamosc.pl\/2021\/11\/diecezjalnego-konkursu-piosenki-religijnej-moja-wiara-moja-milosc-zamosc-2021r-wyniki\/embed\/#?secret=9IKZAwj5RA\" data-secret=\"9IKZAwj5RA\" width=\"600\" height=\"338\" frameborder=\"0\" marginwidth=\"0\" marginheight=\"0\" scrolling=\"no\"><\/iframe>\n<\/div><\/figure>\n\n\n\n<figure class=\"wp-block-embed is-type-video is-provider-youtube wp-block-embed-youtube wp-embed-aspect-16-9 wp-has-aspect-ratio\"><div class=\"wp-block-embed__wrapper\">\n<iframe loading=\"lazy\" title=\"Kamila Wr\u00f3blewska - Pie\u015b\u0144 Magdaleny\" width=\"1280\" height=\"720\" src=\"https:\/\/www.youtube.com\/embed\/DzRmPa7QDF0?start=5&#038;feature=oembed\" frameborder=\"0\" allow=\"accelerometer; autoplay; clipboard-write; encrypted-media; gyroscope; picture-in-picture\" allowfullscreen><\/iframe>\n<\/div><\/figure>\n","protected":false},"excerpt":{"rendered":"<p>Kamila Wr\u00f3blewska z \u0141abu\u0144 zaj\u0119\u0142a I miejsce w kategorii Szk\u00f3\u0142 Ponadpodstawowych w diecezjalnym konkursie piosenki religijnej &#8220;Moja wiara, moja mi\u0142o\u015b\u0107&#8221;.<\/p>\n","protected":false},"author":11,"featured_media":23972,"comment_status":"closed","ping_status":"closed","sticky":false,"template":"","format":"standard","meta":{"footnotes":""},"categories":[1],"tags":[],"class_list":["post-23969","post","type-post","status-publish","format-standard","has-post-thumbnail","hentry","category-wpisy","clearfix"],"_links":{"self":[{"href":"https:\/\/labunie.com.pl\/index.php?rest_route=\/wp\/v2\/posts\/23969","targetHints":{"allow":["GET"]}}],"collection":[{"href":"https:\/\/labunie.com.pl\/index.php?rest_route=\/wp\/v2\/posts"}],"about":[{"href":"https:\/\/labunie.com.pl\/index.php?rest_route=\/wp\/v2\/types\/post"}],"author":[{"embeddable":true,"href":"https:\/\/labunie.com.pl\/index.php?rest_route=\/wp\/v2\/users\/11"}],"replies":[{"embeddable":true,"href":"https:\/\/labunie.com.pl\/index.php?rest_route=%2Fwp%2Fv2%2Fcomments&post=23969"}],"version-history":[{"count":2,"href":"https:\/\/labunie.com.pl\/index.php?rest_route=\/wp\/v2\/posts\/23969\/revisions"}],"predecessor-version":[{"id":23971,"href":"https:\/\/labunie.com.pl\/index.php?rest_route=\/wp\/v2\/posts\/23969\/revisions\/23971"}],"wp:featuredmedia":[{"embeddable":true,"href":"https:\/\/labunie.com.pl\/index.php?rest_route=\/wp\/v2\/media\/23972"}],"wp:attachment":[{"href":"https:\/\/labunie.com.pl\/index.php?rest_route=%2Fwp%2Fv2%2Fmedia&parent=23969"}],"wp:term":[{"taxonomy":"category","embeddable":true,"href":"https:\/\/labunie.com.pl\/index.php?rest_route=%2Fwp%2Fv2%2Fcategories&post=23969"},{"taxonomy":"post_tag","embeddable":true,"href":"https:\/\/labunie.com.pl\/index.php?rest_route=%2Fwp%2Fv2%2Ftags&post=23969"}],"curies":[{"name":"wp","href":"https:\/\/api.w.org\/{rel}","templated":true}]}}