{"id":23973,"date":"2021-11-23T14:57:13","date_gmt":"2021-11-23T13:57:13","guid":{"rendered":"https:\/\/www.labunie.com.pl\/?p=23973"},"modified":"2021-11-24T11:34:37","modified_gmt":"2021-11-24T10:34:37","slug":"ranking-samorzadow-gmina-labunie-pnie-sie-w-gore","status":"publish","type":"post","link":"https:\/\/labunie.com.pl\/?p=23973","title":{"rendered":"Ranking samorz\u0105d\u00f3w &#8211; Gmina \u0141abunie pnie si\u0119 w g\u00f3r\u0119"},"content":{"rendered":"\n<p><strong>W\u015br\u00f3d gmin wiejskich powiatu zamojskiego Gmina \u0141abunie znalaz\u0142a si\u0119 w czo\u0142\u00f3wce Rankingu Samorz\u0105d\u00f3w Powiatu Zamojskiego.<\/strong><\/p>\n\n\n\n<div style=\"height:13px\" aria-hidden=\"true\" class=\"wp-block-spacer\"><\/div>\n\n\n\n<!--more-->\n\n\n\n<p>W kategorii gmin wiejskich ocenie poddano 1533 gminy. Patrz\u0105c na ranking w aspekcie og\u00f3lnopolskim &#8211; gmina \u0141abunie znalaz\u0142a si\u0119 na 358 miejscu z 33,04 punktami, ale w\u015br\u00f3d gmin powiatu zamojskiego wyprzedzi\u0142a nas tylko gmina Radecznica.<\/p>\n<p>Ranking Samorz\u0105d\u00f3w by\u0142 organizowany po raz XVII przez dziennik Rzeczpospolita. Ocen\u0105 zajmuje si\u0119 niezale\u017cna komisja, w sk\u0142ad kt\u00f3rej wchodz\u0105 m.in. organizacje samorz\u0105dowe i pozarz\u0105dowe.<\/p>\n","protected":false},"excerpt":{"rendered":"<p>W\u015br\u00f3d gmin wiejskich powiatu zamojskiego Gmina \u0141abunie znalaz\u0142a si\u0119 w czo\u0142\u00f3wce Rankingu Samorz\u0105d\u00f3w Powiatu Zamojskiego.<\/p>\n","protected":false},"author":11,"featured_media":24006,"comment_status":"closed","ping_status":"closed","sticky":false,"template":"","format":"standard","meta":{"footnotes":""},"categories":[1],"tags":[],"class_list":["post-23973","post","type-post","status-publish","format-standard","has-post-thumbnail","hentry","category-wpisy","clearfix"],"_links":{"self":[{"href":"https:\/\/labunie.com.pl\/index.php?rest_route=\/wp\/v2\/posts\/23973","targetHints":{"allow":["GET"]}}],"collection":[{"href":"https:\/\/labunie.com.pl\/index.php?rest_route=\/wp\/v2\/posts"}],"about":[{"href":"https:\/\/labunie.com.pl\/index.php?rest_route=\/wp\/v2\/types\/post"}],"author":[{"embeddable":true,"href":"https:\/\/labunie.com.pl\/index.php?rest_route=\/wp\/v2\/users\/11"}],"replies":[{"embeddable":true,"href":"https:\/\/labunie.com.pl\/index.php?rest_route=%2Fwp%2Fv2%2Fcomments&post=23973"}],"version-history":[{"count":2,"href":"https:\/\/labunie.com.pl\/index.php?rest_route=\/wp\/v2\/posts\/23973\/revisions"}],"predecessor-version":[{"id":23975,"href":"https:\/\/labunie.com.pl\/index.php?rest_route=\/wp\/v2\/posts\/23973\/revisions\/23975"}],"wp:featuredmedia":[{"embeddable":true,"href":"https:\/\/labunie.com.pl\/index.php?rest_route=\/wp\/v2\/media\/24006"}],"wp:attachment":[{"href":"https:\/\/labunie.com.pl\/index.php?rest_route=%2Fwp%2Fv2%2Fmedia&parent=23973"}],"wp:term":[{"taxonomy":"category","embeddable":true,"href":"https:\/\/labunie.com.pl\/index.php?rest_route=%2Fwp%2Fv2%2Fcategories&post=23973"},{"taxonomy":"post_tag","embeddable":true,"href":"https:\/\/labunie.com.pl\/index.php?rest_route=%2Fwp%2Fv2%2Ftags&post=23973"}],"curies":[{"name":"wp","href":"https:\/\/api.w.org\/{rel}","templated":true}]}}