{"id":24036,"date":"2021-12-16T10:25:00","date_gmt":"2021-12-16T09:25:00","guid":{"rendered":"https:\/\/www.labunie.com.pl\/?p=24036"},"modified":"2021-12-16T11:43:01","modified_gmt":"2021-12-16T10:43:01","slug":"gminny-punkt-konsultacyjno-informacyjny-programu-czyste-powietrze","status":"publish","type":"post","link":"https:\/\/labunie.com.pl\/?p=24036","title":{"rendered":"Gminny Punkt Konsultacyjno-Informacyjny Programu \u201cCzyste Powietrze\u201d"},"content":{"rendered":"\n<p><strong>Na&nbsp;terenie naszej gminy na podstawie porozumienia zawartego mi\u0119dzy W\u00f3jtem Gminy \u0141abunie a Wojew\u00f3dzkim Funduszem Ochrony \u015arodowiska i Gospodarki Wodnej w Lublinie rozpocz\u0105\u0142 swoj\u0105 dzia\u0142alno\u015b\u0107 Gminny Punkt Konsultacyjno-Informacyjny Programu \u201cCzyste Powietrze\u201d.<\/strong><\/p>\n\n\n\n<!--more-->\n\n\n\n<p>\u201cCzyste Powietrze&#8221; to kompleksowy program, kt\u00f3rego celem jest poprawa jako\u015bci powietrza oraz zmniejszenie emisji gaz\u00f3w cieplarnianych poprzez wymian\u0119 \u017ar\u00f3de\u0142 ciep\u0142a i popraw\u0119 efektywno\u015bci energetycznej budynk\u00f3w mieszkalnych jednorodzinnych.<\/p>\n\n\n\n<p>Program skierowany jest do os\u00f3b fizycznych, kt\u00f3re s\u0105 w\u0142a\u015bcicielami budynku mieszkalnego jednorodzinnego lub wydzielonego w takim budynku lokalu mieszkalnego z wyodr\u0119bnion\u0105 ksi\u0119g\u0105 wieczyst\u0105.<\/p>\n\n\n\n<p><strong>Program obejmuje dwie grupy beneficjent\u00f3w:<\/strong><\/p>\n\n\n\n<ul class=\"wp-block-list\"><li><strong>podstawowy poziom dofinansowania<\/strong> \u2013 s\u0105 to osoby, kt\u00f3rych roczny doch\u00f3d nie przekracza 100.000 z\u0142<\/li><li><strong>podwy\u017cszony poziom dofinansowania<\/strong> \u2013 kt\u00f3rych przeci\u0119tny \u015bredni miesi\u0119czny doch\u00f3d na osob\u0119 w gospodarstwie domowym nie przekracza:<ul><li> 1.564 z\u0142 w gospodarstwie wieloosobowym,<\/li><li>2.189 z\u0142 w gospodarstwie jednoosobowym.<\/li><\/ul><\/li><\/ul>\n\n\n\n<p>Osoba fizyczna, kt\u00f3ra zamierza z\u0142o\u017cy\u0107 wniosek o przyznanie podwy\u017cszonego poziomu dofinansowania do w\u0142a\u015bciwego terytorialnie wojew\u00f3dzkiego funduszu ochrony \u015brodowiska i gospodarki wodnej (WFO\u015aiGW), powinna uzyska\u0107 do dnia z\u0142o\u017cenia wniosku od w\u00f3jta, burmistrza lub prezydenta miasta (zgodnie z miejscem zamieszkania) za\u015bwiadczenie o wysoko\u015bci przeci\u0119tnego miesi\u0119cznego dochodu przypadaj\u0105cego na jednego cz\u0142onka jej gospodarstwa domowego. <strong>Dla mieszka\u0144c\u00f3w naszej gminy za\u015bwiadczenia wydaje GOPS.<\/strong><\/p>\n\n\n\n<p>Osoby zainteresowane programem, a tak\u017ce wsparciem w zakresie przygotowywania wniosku i rozliczania przyznanego dofinansowania prosimy o kontakt:<\/p>\n\n\n\n<p><strong>Gminny Punkt Konsultacyjno-Informacyjny<\/strong><br><strong>Programu \u201cCzyste Powietrze\u201d<\/strong><br><strong>Budynek Wielofunkcyjny<\/strong><br><strong>ul. Orzechowa 10<\/strong><br><strong>22-437 \u0141abunie<\/strong><br><strong>tel. 84 611-30-08<\/strong><br><strong>e-mail.: gops-labunie@wp.pl<\/strong><br><em><strong>poniedzia\u0142ki i wtorki w godzinach 7:00 &#8211; 11:00<\/strong><\/em><br><em><strong>\u015brody i czwartki w godzinach 11:00 \u2013 15:00<\/strong><\/em><\/p>\n\n\n\n<div style=\"height:40px\" aria-hidden=\"true\" class=\"wp-block-spacer\"><\/div>\n\n\n\n<div class=\"wp-block-image\"><figure class=\"aligncenter size-large\"><img loading=\"lazy\" decoding=\"async\" width=\"982\" height=\"89\" src=\"https:\/\/www.labunie.com.pl\/wp-content\/uploads\/2021\/11\/cp-wfosigw-gl.png\" alt=\"\" class=\"wp-image-24042\" srcset=\"https:\/\/labunie.com.pl\/wp-content\/uploads\/2021\/11\/cp-wfosigw-gl.png 982w, https:\/\/labunie.com.pl\/wp-content\/uploads\/2021\/11\/cp-wfosigw-gl-300x27.png 300w, https:\/\/labunie.com.pl\/wp-content\/uploads\/2021\/11\/cp-wfosigw-gl-768x70.png 768w\" sizes=\"auto, (max-width: 982px) 100vw, 982px\" \/><\/figure><\/div>\n","protected":false},"excerpt":{"rendered":"<p>Na&nbsp;terenie naszej gminy na podstawie porozumienia zawartego mi\u0119dzy W\u00f3jtem Gminy \u0141abunie a Wojew\u00f3dzkim Funduszem Ochrony \u015arodowiska i Gospodarki Wodnej w Lublinie rozpocz\u0105\u0142 swoj\u0105 dzia\u0142alno\u015b\u0107 Gminny Punkt Konsultacyjno-Informacyjny Programu \u201cCzyste Powietrze\u201d.<\/p>\n","protected":false},"author":7,"featured_media":24038,"comment_status":"closed","ping_status":"closed","sticky":false,"template":"","format":"standard","meta":{"footnotes":""},"categories":[1],"tags":[],"class_list":["post-24036","post","type-post","status-publish","format-standard","has-post-thumbnail","hentry","category-wpisy","clearfix"],"_links":{"self":[{"href":"https:\/\/labunie.com.pl\/index.php?rest_route=\/wp\/v2\/posts\/24036","targetHints":{"allow":["GET"]}}],"collection":[{"href":"https:\/\/labunie.com.pl\/index.php?rest_route=\/wp\/v2\/posts"}],"about":[{"href":"https:\/\/labunie.com.pl\/index.php?rest_route=\/wp\/v2\/types\/post"}],"author":[{"embeddable":true,"href":"https:\/\/labunie.com.pl\/index.php?rest_route=\/wp\/v2\/users\/7"}],"replies":[{"embeddable":true,"href":"https:\/\/labunie.com.pl\/index.php?rest_route=%2Fwp%2Fv2%2Fcomments&post=24036"}],"version-history":[{"count":4,"href":"https:\/\/labunie.com.pl\/index.php?rest_route=\/wp\/v2\/posts\/24036\/revisions"}],"predecessor-version":[{"id":24045,"href":"https:\/\/labunie.com.pl\/index.php?rest_route=\/wp\/v2\/posts\/24036\/revisions\/24045"}],"wp:featuredmedia":[{"embeddable":true,"href":"https:\/\/labunie.com.pl\/index.php?rest_route=\/wp\/v2\/media\/24038"}],"wp:attachment":[{"href":"https:\/\/labunie.com.pl\/index.php?rest_route=%2Fwp%2Fv2%2Fmedia&parent=24036"}],"wp:term":[{"taxonomy":"category","embeddable":true,"href":"https:\/\/labunie.com.pl\/index.php?rest_route=%2Fwp%2Fv2%2Fcategories&post=24036"},{"taxonomy":"post_tag","embeddable":true,"href":"https:\/\/labunie.com.pl\/index.php?rest_route=%2Fwp%2Fv2%2Ftags&post=24036"}],"curies":[{"name":"wp","href":"https:\/\/api.w.org\/{rel}","templated":true}]}}