{"id":24274,"date":"2021-12-13T12:02:12","date_gmt":"2021-12-13T11:02:12","guid":{"rendered":"https:\/\/www.labunie.com.pl\/?p=24274"},"modified":"2021-12-19T09:55:13","modified_gmt":"2021-12-19T08:55:13","slug":"wyniki-konkursu-pokaz-choinke-dostaniesz-choinke","status":"publish","type":"post","link":"https:\/\/labunie.com.pl\/?p=24274","title":{"rendered":"KOMUNIKAT !!! Zmiana godziny rozwo\u017cenia choinek do zwyci\u0119zc\u00f3w konkursu &#8211; Poka\u017c choink\u0119, dostaniesz choink\u0119"},"content":{"rendered":"\n<p><strong>Znamy zwyci\u0119zc\u00f3w II edycji gminnego konkursu \u015bwi\u0105tecznego \u201ePoka\u017c choink\u0119 \u2013 dostaniesz choink\u0119\u201d. <span style=\"color: #ff0000;\">W\u00f3jt Gminy \u0141abunie &#8211; Mariusz Kukie\u0142ka dostarczy zwyci\u0119zcom choinki w sobot\u0119, 18 grudnia (zaczynamy od godz. 08.00).<\/span><\/strong><\/p>\n\n\n\n<div style=\"height:12px\" aria-hidden=\"true\" class=\"wp-block-spacer\"><\/div>\n\n\n\n<!--more-->\n\n\n\n<p>Wygra\u0142o o\u015bmiu szcz\u0119\u015bliwc\u00f3w i to oni otrzymaj\u0105 \u017cywe jod\u0142y kaukaskie do przystrojenia na \u015bwi\u0119ta. Postaramy si\u0119 &#8211; jak w tamtym roku &#8211; wybra\u0107 wysokie i g\u0119ste \u015bwi\u0105teczne drzewka tak. jakby\u015bmy wybierali je do swojego w\u0142asnego domu. Choinki dostarczy osobi\u015bcie W\u00f3jt Gminy \u0141abunie&nbsp; &#8211; Mariusz Kukie\u0142ka. \u015awi\u0105teczne jod\u0142y kaukaskie wr\u0119czymy w sobot\u0119, 18 grudnia. Zaczynamy od godz. 08.00. Prosimy o obecno\u015b\u0107 w domu. Chcemy osobi\u015bcie wr\u0119czy\u0107 drzewka i zobaczy\u0107 Wasz przed\u015bwi\u0105teczny u\u015bmiech.<\/p>\n<p>Zadanie by\u0142o proste: wys\u0142a\u0107 zdj\u0119cie swojej choinki i po prostu czeka\u0107 na werdykt komisji konkursowej.<\/p>\n<p>Spo\u015br\u00f3d 25 nades\u0142anych zdj\u0119\u0107 komisja w sk\u0142adzie: Monika Gwozda \u2013 przewodnicz\u0105ca komisji, Adam Soko\u0142owski\u2013 cz\u0142onek, Dominika Saran \u2013 Kudyba \u2013 sekretarz konkursu postanowi\u0142a przyzna\u0107 nagrody i wyr\u00f3\u017cnienia.<\/p>\n<p><strong>Zwyci\u0119zcy konkursu:<\/strong><\/p>\n<p><strong>I miejsce <\/strong>\u2013 Ma\u0142gorzata Soroka<\/p>\n<p><strong>II miejsce<\/strong> \u2013 Magdalena Kliza ex aequo Mateusz Semczuk<\/p>\n<p><strong>III miejsce<\/strong> \u2013 Beata Murmyd\u0142owska<\/p>\n<p><strong>I wyr\u00f3\u017cnienie<\/strong> \u2013 Agnieszka Panasiewicz<\/p>\n<p><strong>II wyr\u00f3\u017cnienie<\/strong> \u2013 Krzysztof Sasyn<\/p>\n<p><strong>III wyr\u00f3\u017cnienie<\/strong> \u2013 Andrzej Jurczyszyn<\/p>\n<p><strong>IV wyr\u00f3\u017cnienie<\/strong> \u2013 Patryk Sendecki<\/p>\n<p>&nbsp;<\/p>\n<p style=\"text-align: center;\"><strong>Gratulujemy wygranej i dzi\u0119kujemy wszystkim pozosta\u0142ym uczestnikom za udzia\u0142 w konkursie!<br><\/strong><\/p>\n<p style=\"margin-bottom: .0001pt; line-height: 150%;\"><span style=\"color: red;\">&nbsp;W za\u0142\u0105czeniu, pod galeri\u0105 zdj\u0119\u0107, skan protoko\u0142u z posiedzenia komisji konkursowej. <br><\/span><\/p>\n\n\n\n<div style=\"height:13px\" aria-hidden=\"true\" class=\"wp-block-spacer\"><\/div>\n\n\n\n<figure class=\"wp-block-gallery columns-3 is-cropped wp-block-gallery-1 is-layout-flex wp-block-gallery-is-layout-flex\"><ul class=\"blocks-gallery-grid\"><li class=\"blocks-gallery-item\"><figure><a href=\"https:\/\/www.labunie.com.pl\/wp-content\/uploads\/2021\/12\/I-miejsce-Malgorzata-Soroka-Majdan-Ruszowski-1-scaled.jpeg\" data-rel=\"lightbox-gallery-8deR8HzG\" data-rl_title=\"\" data-rl_caption=\"\" title=\"\"><img loading=\"lazy\" decoding=\"async\" width=\"767\" height=\"1024\" src=\"https:\/\/www.labunie.com.pl\/wp-content\/uploads\/2021\/12\/I-miejsce-Malgorzata-Soroka-Majdan-Ruszowski-1-767x1024.jpeg\" alt=\"\" data-id=\"24276\" data-full-url=\"https:\/\/www.labunie.com.pl\/wp-content\/uploads\/2021\/12\/I-miejsce-Malgorzata-Soroka-Majdan-Ruszowski-1-scaled.jpeg\" data-link=\"https:\/\/www.labunie.com.pl\/?attachment_id=24276\" class=\"wp-image-24276\" srcset=\"https:\/\/labunie.com.pl\/wp-content\/uploads\/2021\/12\/I-miejsce-Malgorzata-Soroka-Majdan-Ruszowski-1-767x1024.jpeg 767w, https:\/\/labunie.com.pl\/wp-content\/uploads\/2021\/12\/I-miejsce-Malgorzata-Soroka-Majdan-Ruszowski-1-225x300.jpeg 225w, https:\/\/labunie.com.pl\/wp-content\/uploads\/2021\/12\/I-miejsce-Malgorzata-Soroka-Majdan-Ruszowski-1-768x1026.jpeg 768w, https:\/\/labunie.com.pl\/wp-content\/uploads\/2021\/12\/I-miejsce-Malgorzata-Soroka-Majdan-Ruszowski-1-1150x1536.jpeg 1150w, https:\/\/labunie.com.pl\/wp-content\/uploads\/2021\/12\/I-miejsce-Malgorzata-Soroka-Majdan-Ruszowski-1-1533x2048.jpeg 1533w, https:\/\/labunie.com.pl\/wp-content\/uploads\/2021\/12\/I-miejsce-Malgorzata-Soroka-Majdan-Ruszowski-1-scaled.jpeg 1916w\" sizes=\"auto, (max-width: 767px) 100vw, 767px\" \/><\/a><figcaption class=\"blocks-gallery-item__caption\">I miejsce &#8211; Ma\u0142gorzata Soroka, Majdan Ruszowski<\/figcaption><\/figure><\/li><li class=\"blocks-gallery-item\"><figure><a href=\"https:\/\/www.labunie.com.pl\/wp-content\/uploads\/2021\/12\/I-wyroznienie-Agnieszka-Panasiewicz-Labunie-Reforma-scaled.jpg\" data-rel=\"lightbox-gallery-8deR8HzG\" data-rl_title=\"\" data-rl_caption=\"\" title=\"\"><img loading=\"lazy\" decoding=\"async\" width=\"768\" height=\"1024\" src=\"https:\/\/www.labunie.com.pl\/wp-content\/uploads\/2021\/12\/I-wyroznienie-Agnieszka-Panasiewicz-Labunie-Reforma-768x1024.jpg\" alt=\"\" data-id=\"24277\" data-full-url=\"https:\/\/www.labunie.com.pl\/wp-content\/uploads\/2021\/12\/I-wyroznienie-Agnieszka-Panasiewicz-Labunie-Reforma-scaled.jpg\" data-link=\"https:\/\/www.labunie.com.pl\/?attachment_id=24277\" class=\"wp-image-24277\" srcset=\"https:\/\/labunie.com.pl\/wp-content\/uploads\/2021\/12\/I-wyroznienie-Agnieszka-Panasiewicz-Labunie-Reforma-768x1024.jpg 768w, https:\/\/labunie.com.pl\/wp-content\/uploads\/2021\/12\/I-wyroznienie-Agnieszka-Panasiewicz-Labunie-Reforma-225x300.jpg 225w, https:\/\/labunie.com.pl\/wp-content\/uploads\/2021\/12\/I-wyroznienie-Agnieszka-Panasiewicz-Labunie-Reforma-1152x1536.jpg 1152w, https:\/\/labunie.com.pl\/wp-content\/uploads\/2021\/12\/I-wyroznienie-Agnieszka-Panasiewicz-Labunie-Reforma-1536x2048.jpg 1536w, https:\/\/labunie.com.pl\/wp-content\/uploads\/2021\/12\/I-wyroznienie-Agnieszka-Panasiewicz-Labunie-Reforma-scaled.jpg 1920w\" sizes=\"auto, (max-width: 768px) 100vw, 768px\" \/><\/a><figcaption class=\"blocks-gallery-item__caption\">I wyr\u00f3\u017cnienie &#8211; Agnieszka Panasiewicz ,\u0141abunie Reforma<\/figcaption><\/figure><\/li><li class=\"blocks-gallery-item\"><figure><a href=\"https:\/\/www.labunie.com.pl\/wp-content\/uploads\/2021\/12\/II-miejsce-Magdalena-Kliza-Brodek-scaled.jpg\" data-rel=\"lightbox-gallery-8deR8HzG\" data-rl_title=\"\" data-rl_caption=\"\" title=\"\"><img loading=\"lazy\" decoding=\"async\" width=\"576\" height=\"1024\" src=\"https:\/\/www.labunie.com.pl\/wp-content\/uploads\/2021\/12\/II-miejsce-Magdalena-Kliza-Brodek-576x1024.jpg\" alt=\"\" data-id=\"24278\" data-full-url=\"https:\/\/www.labunie.com.pl\/wp-content\/uploads\/2021\/12\/II-miejsce-Magdalena-Kliza-Brodek-scaled.jpg\" data-link=\"https:\/\/www.labunie.com.pl\/?attachment_id=24278\" class=\"wp-image-24278\" srcset=\"https:\/\/labunie.com.pl\/wp-content\/uploads\/2021\/12\/II-miejsce-Magdalena-Kliza-Brodek-576x1024.jpg 576w, https:\/\/labunie.com.pl\/wp-content\/uploads\/2021\/12\/II-miejsce-Magdalena-Kliza-Brodek-169x300.jpg 169w, https:\/\/labunie.com.pl\/wp-content\/uploads\/2021\/12\/II-miejsce-Magdalena-Kliza-Brodek-768x1365.jpg 768w, https:\/\/labunie.com.pl\/wp-content\/uploads\/2021\/12\/II-miejsce-Magdalena-Kliza-Brodek-864x1536.jpg 864w, https:\/\/labunie.com.pl\/wp-content\/uploads\/2021\/12\/II-miejsce-Magdalena-Kliza-Brodek-1152x2048.jpg 1152w, https:\/\/labunie.com.pl\/wp-content\/uploads\/2021\/12\/II-miejsce-Magdalena-Kliza-Brodek-scaled.jpg 1440w\" sizes=\"auto, (max-width: 576px) 100vw, 576px\" \/><\/a><figcaption class=\"blocks-gallery-item__caption\">II miejsce &#8211; Magdalena Kliza, Br\u00f3dek<\/figcaption><\/figure><\/li><li class=\"blocks-gallery-item\"><figure><a href=\"https:\/\/www.labunie.com.pl\/wp-content\/uploads\/2021\/12\/II-miejsce-ex-aequo-Mateusz-Semczuk-Mocowka-scaled.jpg\" data-rel=\"lightbox-gallery-8deR8HzG\" data-rl_title=\"\" data-rl_caption=\"\" title=\"\"><img loading=\"lazy\" decoding=\"async\" width=\"683\" height=\"1024\" src=\"https:\/\/www.labunie.com.pl\/wp-content\/uploads\/2021\/12\/II-miejsce-ex-aequo-Mateusz-Semczuk-Mocowka-683x1024.jpg\" alt=\"\" data-id=\"24279\" data-full-url=\"https:\/\/www.labunie.com.pl\/wp-content\/uploads\/2021\/12\/II-miejsce-ex-aequo-Mateusz-Semczuk-Mocowka-scaled.jpg\" data-link=\"https:\/\/www.labunie.com.pl\/?attachment_id=24279\" class=\"wp-image-24279\" srcset=\"https:\/\/labunie.com.pl\/wp-content\/uploads\/2021\/12\/II-miejsce-ex-aequo-Mateusz-Semczuk-Mocowka-683x1024.jpg 683w, https:\/\/labunie.com.pl\/wp-content\/uploads\/2021\/12\/II-miejsce-ex-aequo-Mateusz-Semczuk-Mocowka-200x300.jpg 200w, https:\/\/labunie.com.pl\/wp-content\/uploads\/2021\/12\/II-miejsce-ex-aequo-Mateusz-Semczuk-Mocowka-768x1152.jpg 768w, https:\/\/labunie.com.pl\/wp-content\/uploads\/2021\/12\/II-miejsce-ex-aequo-Mateusz-Semczuk-Mocowka-1024x1536.jpg 1024w, https:\/\/labunie.com.pl\/wp-content\/uploads\/2021\/12\/II-miejsce-ex-aequo-Mateusz-Semczuk-Mocowka-1365x2048.jpg 1365w, https:\/\/labunie.com.pl\/wp-content\/uploads\/2021\/12\/II-miejsce-ex-aequo-Mateusz-Semczuk-Mocowka-scaled.jpg 1707w\" sizes=\"auto, (max-width: 683px) 100vw, 683px\" \/><\/a><figcaption class=\"blocks-gallery-item__caption\">II miejsce ex aequo Mateusz Semczuk, Moc\u00f3wka<\/figcaption><\/figure><\/li><li class=\"blocks-gallery-item\"><figure><a href=\"https:\/\/www.labunie.com.pl\/wp-content\/uploads\/2021\/12\/II-wyroznienie-Krzysztof-Sasyn-Labunie-scaled.jpg\" data-rel=\"lightbox-gallery-8deR8HzG\" data-rl_title=\"\" data-rl_caption=\"\" title=\"\"><img loading=\"lazy\" decoding=\"async\" width=\"768\" height=\"1024\" src=\"https:\/\/www.labunie.com.pl\/wp-content\/uploads\/2021\/12\/II-wyroznienie-Krzysztof-Sasyn-Labunie-768x1024.jpg\" alt=\"\" data-id=\"24280\" data-full-url=\"https:\/\/www.labunie.com.pl\/wp-content\/uploads\/2021\/12\/II-wyroznienie-Krzysztof-Sasyn-Labunie-scaled.jpg\" data-link=\"https:\/\/www.labunie.com.pl\/?attachment_id=24280\" class=\"wp-image-24280\" srcset=\"https:\/\/labunie.com.pl\/wp-content\/uploads\/2021\/12\/II-wyroznienie-Krzysztof-Sasyn-Labunie-768x1024.jpg 768w, https:\/\/labunie.com.pl\/wp-content\/uploads\/2021\/12\/II-wyroznienie-Krzysztof-Sasyn-Labunie-225x300.jpg 225w, https:\/\/labunie.com.pl\/wp-content\/uploads\/2021\/12\/II-wyroznienie-Krzysztof-Sasyn-Labunie-1152x1536.jpg 1152w, https:\/\/labunie.com.pl\/wp-content\/uploads\/2021\/12\/II-wyroznienie-Krzysztof-Sasyn-Labunie-1536x2048.jpg 1536w, https:\/\/labunie.com.pl\/wp-content\/uploads\/2021\/12\/II-wyroznienie-Krzysztof-Sasyn-Labunie-scaled.jpg 1920w\" sizes=\"auto, (max-width: 768px) 100vw, 768px\" \/><\/a><figcaption class=\"blocks-gallery-item__caption\">II wyr\u00f3\u017cnienie &#8211; Krzysztof Sasyn \u0141abunie<\/figcaption><\/figure><\/li><li class=\"blocks-gallery-item\"><figure><a href=\"https:\/\/www.labunie.com.pl\/wp-content\/uploads\/2021\/12\/III-miejsce-Beata-Murmydlowska-Barchaczow-scaled.jpg\" data-rel=\"lightbox-gallery-8deR8HzG\" data-rl_title=\"\" data-rl_caption=\"\" title=\"\"><img loading=\"lazy\" decoding=\"async\" width=\"770\" height=\"1024\" src=\"https:\/\/www.labunie.com.pl\/wp-content\/uploads\/2021\/12\/III-miejsce-Beata-Murmydlowska-Barchaczow-770x1024.jpg\" alt=\"\" data-id=\"24281\" data-full-url=\"https:\/\/www.labunie.com.pl\/wp-content\/uploads\/2021\/12\/III-miejsce-Beata-Murmydlowska-Barchaczow-scaled.jpg\" data-link=\"https:\/\/www.labunie.com.pl\/?attachment_id=24281\" class=\"wp-image-24281\" srcset=\"https:\/\/labunie.com.pl\/wp-content\/uploads\/2021\/12\/III-miejsce-Beata-Murmydlowska-Barchaczow-770x1024.jpg 770w, https:\/\/labunie.com.pl\/wp-content\/uploads\/2021\/12\/III-miejsce-Beata-Murmydlowska-Barchaczow-226x300.jpg 226w, https:\/\/labunie.com.pl\/wp-content\/uploads\/2021\/12\/III-miejsce-Beata-Murmydlowska-Barchaczow-768x1022.jpg 768w, https:\/\/labunie.com.pl\/wp-content\/uploads\/2021\/12\/III-miejsce-Beata-Murmydlowska-Barchaczow-1155x1536.jpg 1155w, https:\/\/labunie.com.pl\/wp-content\/uploads\/2021\/12\/III-miejsce-Beata-Murmydlowska-Barchaczow-1540x2048.jpg 1540w, https:\/\/labunie.com.pl\/wp-content\/uploads\/2021\/12\/III-miejsce-Beata-Murmydlowska-Barchaczow-scaled.jpg 1924w\" sizes=\"auto, (max-width: 770px) 100vw, 770px\" \/><\/a><figcaption class=\"blocks-gallery-item__caption\">III miejsce &#8211; Beata Murmyd\u0142owska, , Barchacz\u00f3w<\/figcaption><\/figure><\/li><li class=\"blocks-gallery-item\"><figure><a href=\"https:\/\/www.labunie.com.pl\/wp-content\/uploads\/2021\/12\/III-wyroznienie-Andrzej-Jurczyszyn-Labunie.jpg\" data-rel=\"lightbox-gallery-8deR8HzG\" data-rl_title=\"\" data-rl_caption=\"\" title=\"\"><img loading=\"lazy\" decoding=\"async\" width=\"413\" height=\"1024\" src=\"https:\/\/www.labunie.com.pl\/wp-content\/uploads\/2021\/12\/III-wyroznienie-Andrzej-Jurczyszyn-Labunie-413x1024.jpg\" alt=\"\" data-id=\"24282\" data-full-url=\"https:\/\/www.labunie.com.pl\/wp-content\/uploads\/2021\/12\/III-wyroznienie-Andrzej-Jurczyszyn-Labunie.jpg\" data-link=\"https:\/\/www.labunie.com.pl\/?attachment_id=24282\" class=\"wp-image-24282\" srcset=\"https:\/\/labunie.com.pl\/wp-content\/uploads\/2021\/12\/III-wyroznienie-Andrzej-Jurczyszyn-Labunie-413x1024.jpg 413w, https:\/\/labunie.com.pl\/wp-content\/uploads\/2021\/12\/III-wyroznienie-Andrzej-Jurczyszyn-Labunie-121x300.jpg 121w, https:\/\/labunie.com.pl\/wp-content\/uploads\/2021\/12\/III-wyroznienie-Andrzej-Jurczyszyn-Labunie-620x1536.jpg 620w, https:\/\/labunie.com.pl\/wp-content\/uploads\/2021\/12\/III-wyroznienie-Andrzej-Jurczyszyn-Labunie.jpg 652w\" sizes=\"auto, (max-width: 413px) 100vw, 413px\" \/><\/a><figcaption class=\"blocks-gallery-item__caption\">III wyr\u00f3\u017cnienie &#8211; Andrzej Jurczyszyn, \u0141abunie<\/figcaption><\/figure><\/li><li class=\"blocks-gallery-item\"><figure><a href=\"https:\/\/www.labunie.com.pl\/wp-content\/uploads\/2021\/12\/IV-wyroznienie-Patryk-Sendecki-Brodek.jpg\" data-rel=\"lightbox-gallery-8deR8HzG\" data-rl_title=\"\" data-rl_caption=\"\" title=\"\"><img loading=\"lazy\" decoding=\"async\" width=\"768\" height=\"1024\" src=\"https:\/\/www.labunie.com.pl\/wp-content\/uploads\/2021\/12\/IV-wyroznienie-Patryk-Sendecki-Brodek-768x1024.jpg\" alt=\"\" data-id=\"24283\" data-full-url=\"https:\/\/www.labunie.com.pl\/wp-content\/uploads\/2021\/12\/IV-wyroznienie-Patryk-Sendecki-Brodek.jpg\" data-link=\"https:\/\/www.labunie.com.pl\/?attachment_id=24283\" class=\"wp-image-24283\" srcset=\"https:\/\/labunie.com.pl\/wp-content\/uploads\/2021\/12\/IV-wyroznienie-Patryk-Sendecki-Brodek-768x1024.jpg 768w, https:\/\/labunie.com.pl\/wp-content\/uploads\/2021\/12\/IV-wyroznienie-Patryk-Sendecki-Brodek-225x300.jpg 225w, https:\/\/labunie.com.pl\/wp-content\/uploads\/2021\/12\/IV-wyroznienie-Patryk-Sendecki-Brodek-1152x1536.jpg 1152w, https:\/\/labunie.com.pl\/wp-content\/uploads\/2021\/12\/IV-wyroznienie-Patryk-Sendecki-Brodek.jpg 1200w\" sizes=\"auto, (max-width: 768px) 100vw, 768px\" \/><\/a><figcaption class=\"blocks-gallery-item__caption\">IV wyr\u00f3\u017cnienie &#8211; Patryk Sendecki, Br\u00f3dek<\/figcaption><\/figure><\/li><\/ul><\/figure>\n\n\n\n\n\n<figure class=\"wp-block-image size-large\"><img loading=\"lazy\" decoding=\"async\" width=\"902\" height=\"775\" src=\"https:\/\/www.labunie.com.pl\/wp-content\/uploads\/2021\/12\/Bez-tytulu-1111.png\" alt=\"\" class=\"wp-image-24295\" srcset=\"https:\/\/labunie.com.pl\/wp-content\/uploads\/2021\/12\/Bez-tytulu-1111.png 902w, https:\/\/labunie.com.pl\/wp-content\/uploads\/2021\/12\/Bez-tytulu-1111-300x258.png 300w, https:\/\/labunie.com.pl\/wp-content\/uploads\/2021\/12\/Bez-tytulu-1111-768x660.png 768w\" sizes=\"auto, (max-width: 902px) 100vw, 902px\" \/><\/figure>\n","protected":false},"excerpt":{"rendered":"<p>Znamy zwyci\u0119zc\u00f3w II edycji gminnego konkursu \u015bwi\u0105tecznego \u201ePoka\u017c choink\u0119 \u2013 dostaniesz choink\u0119\u201d. W\u00f3jt Gminy \u0141abunie &#8211; Mariusz Kukie\u0142ka dostarczy zwyci\u0119zcom choinki w sobot\u0119, 18 grudnia (zaczynamy od godz. 08.00).<\/p>\n","protected":false},"author":11,"featured_media":24285,"comment_status":"closed","ping_status":"closed","sticky":false,"template":"","format":"standard","meta":{"footnotes":""},"categories":[1],"tags":[],"class_list":["post-24274","post","type-post","status-publish","format-standard","has-post-thumbnail","hentry","category-wpisy","clearfix"],"_links":{"self":[{"href":"https:\/\/labunie.com.pl\/index.php?rest_route=\/wp\/v2\/posts\/24274","targetHints":{"allow":["GET"]}}],"collection":[{"href":"https:\/\/labunie.com.pl\/index.php?rest_route=\/wp\/v2\/posts"}],"about":[{"href":"https:\/\/labunie.com.pl\/index.php?rest_route=\/wp\/v2\/types\/post"}],"author":[{"embeddable":true,"href":"https:\/\/labunie.com.pl\/index.php?rest_route=\/wp\/v2\/users\/11"}],"replies":[{"embeddable":true,"href":"https:\/\/labunie.com.pl\/index.php?rest_route=%2Fwp%2Fv2%2Fcomments&post=24274"}],"version-history":[{"count":5,"href":"https:\/\/labunie.com.pl\/index.php?rest_route=\/wp\/v2\/posts\/24274\/revisions"}],"predecessor-version":[{"id":24369,"href":"https:\/\/labunie.com.pl\/index.php?rest_route=\/wp\/v2\/posts\/24274\/revisions\/24369"}],"wp:featuredmedia":[{"embeddable":true,"href":"https:\/\/labunie.com.pl\/index.php?rest_route=\/wp\/v2\/media\/24285"}],"wp:attachment":[{"href":"https:\/\/labunie.com.pl\/index.php?rest_route=%2Fwp%2Fv2%2Fmedia&parent=24274"}],"wp:term":[{"taxonomy":"category","embeddable":true,"href":"https:\/\/labunie.com.pl\/index.php?rest_route=%2Fwp%2Fv2%2Fcategories&post=24274"},{"taxonomy":"post_tag","embeddable":true,"href":"https:\/\/labunie.com.pl\/index.php?rest_route=%2Fwp%2Fv2%2Ftags&post=24274"}],"curies":[{"name":"wp","href":"https:\/\/api.w.org\/{rel}","templated":true}]}}