{"id":24887,"date":"2022-02-25T11:35:09","date_gmt":"2022-02-25T10:35:09","guid":{"rendered":"https:\/\/www.labunie.com.pl\/?p=24887"},"modified":"2022-02-25T11:35:37","modified_gmt":"2022-02-25T10:35:37","slug":"pani-teresa-batalia-emerytka","status":"publish","type":"post","link":"https:\/\/labunie.com.pl\/?p=24887","title":{"rendered":"Pani Teresa Batalia emerytk\u0105"},"content":{"rendered":"\n<p><strong>Po&nbsp;43 latach pracy Pani Teresa Batalia odesz\u0142a na emerytur\u0119.<\/strong><\/p>\n\n\n\n<div style=\"height:10px\" aria-hidden=\"true\" class=\"wp-block-spacer\"><\/div>\n\n\n\n<!--more-->\n\n\n\n<p>W pi\u0105tek, 25 lutego W\u00f3jt Gminy \u0141abunie \u2013 Mariusz Kukie\u0142ka, Skarbnik \u2013 Agnieszka Niemczuk oraz pozostali pracownicy Urz\u0119du Gminy po\u017cegnali Pani\u0105 Teres\u0119 Batali\u0119. Emerytce z\u0142o\u017cono \u017cyczenia, wr\u0119czono kwiaty i upominek.<\/p>\n<p>Pani Teresa Batalia swoj\u0105 pierwsz\u0105 prac\u0119 zacz\u0119\u0142a 1 wrze\u015bnia 1978 r. Zatrudniona by\u0142a w Banku Sp\u00f3\u0142dzielczym w \u0141abuniach.&nbsp; W tej instytucji &#8211; mimo r\u00f3\u017cnych zmian i przekszta\u0142ce\u0144 &#8211; pracowa\u0142a do 31 sierpnia 2016 r. Od 1 wrze\u015bnia tego samego roku do chwili obecnej zatrudniona by\u0142a w Urz\u0119dzie Gminy \u0141abunie. Tu pracowa\u0142a m.in. na stanowisku obs\u0142ugi kasowej.<\/p>\n<p>\u017byczymy, aby Pani Teresa zrealizowa\u0142a wszystkie plany i marzenia, na kt\u00f3re dotychczas nie wystarczy\u0142o czasu.<\/p>\n<p><strong>&nbsp;<\/strong><\/p>\n\n\n\n<figure class=\"wp-block-gallery columns-2 is-cropped wp-block-gallery-1 is-layout-flex wp-block-gallery-is-layout-flex\"><ul class=\"blocks-gallery-grid\"><li class=\"blocks-gallery-item\"><figure><a href=\"https:\/\/www.labunie.com.pl\/wp-content\/uploads\/2022\/02\/IMG_1972-1-scaled.jpg\" data-rel=\"lightbox-gallery-LBXe35G3\" data-rl_title=\"\" data-rl_caption=\"\" title=\"\"><img loading=\"lazy\" decoding=\"async\" width=\"1024\" height=\"682\" src=\"https:\/\/www.labunie.com.pl\/wp-content\/uploads\/2022\/02\/IMG_1972-1-1024x682.jpg\" alt=\"\" data-id=\"24892\" data-full-url=\"https:\/\/www.labunie.com.pl\/wp-content\/uploads\/2022\/02\/IMG_1972-1-scaled.jpg\" data-link=\"https:\/\/www.labunie.com.pl\/?attachment_id=24892\" class=\"wp-image-24892\" srcset=\"https:\/\/labunie.com.pl\/wp-content\/uploads\/2022\/02\/IMG_1972-1-1024x682.jpg 1024w, https:\/\/labunie.com.pl\/wp-content\/uploads\/2022\/02\/IMG_1972-1-300x200.jpg 300w, https:\/\/labunie.com.pl\/wp-content\/uploads\/2022\/02\/IMG_1972-1-768x511.jpg 768w, https:\/\/labunie.com.pl\/wp-content\/uploads\/2022\/02\/IMG_1972-1-1536x1023.jpg 1536w, https:\/\/labunie.com.pl\/wp-content\/uploads\/2022\/02\/IMG_1972-1-2048x1364.jpg 2048w\" sizes=\"auto, (max-width: 1024px) 100vw, 1024px\" \/><\/a><\/figure><\/li><li class=\"blocks-gallery-item\"><figure><a href=\"https:\/\/www.labunie.com.pl\/wp-content\/uploads\/2022\/02\/IMG_1986-1-scaled.jpg\" data-rel=\"lightbox-gallery-LBXe35G3\" data-rl_title=\"\" data-rl_caption=\"\" title=\"\"><img loading=\"lazy\" decoding=\"async\" width=\"1024\" height=\"682\" src=\"https:\/\/www.labunie.com.pl\/wp-content\/uploads\/2022\/02\/IMG_1986-1-1024x682.jpg\" alt=\"\" data-id=\"24894\" data-full-url=\"https:\/\/www.labunie.com.pl\/wp-content\/uploads\/2022\/02\/IMG_1986-1-scaled.jpg\" data-link=\"https:\/\/www.labunie.com.pl\/?attachment_id=24894\" class=\"wp-image-24894\" srcset=\"https:\/\/labunie.com.pl\/wp-content\/uploads\/2022\/02\/IMG_1986-1-1024x682.jpg 1024w, https:\/\/labunie.com.pl\/wp-content\/uploads\/2022\/02\/IMG_1986-1-300x200.jpg 300w, https:\/\/labunie.com.pl\/wp-content\/uploads\/2022\/02\/IMG_1986-1-768x511.jpg 768w, https:\/\/labunie.com.pl\/wp-content\/uploads\/2022\/02\/IMG_1986-1-1536x1023.jpg 1536w, https:\/\/labunie.com.pl\/wp-content\/uploads\/2022\/02\/IMG_1986-1-2048x1364.jpg 2048w\" sizes=\"auto, (max-width: 1024px) 100vw, 1024px\" \/><\/a><\/figure><\/li><\/ul><\/figure>\n","protected":false},"excerpt":{"rendered":"<p>Po&nbsp;43 latach pracy Pani Teresa Batalia odesz\u0142a na emerytur\u0119.<\/p>\n","protected":false},"author":11,"featured_media":24896,"comment_status":"closed","ping_status":"closed","sticky":false,"template":"","format":"standard","meta":{"footnotes":""},"categories":[1],"tags":[],"class_list":["post-24887","post","type-post","status-publish","format-standard","has-post-thumbnail","hentry","category-wpisy","clearfix"],"_links":{"self":[{"href":"https:\/\/labunie.com.pl\/index.php?rest_route=\/wp\/v2\/posts\/24887","targetHints":{"allow":["GET"]}}],"collection":[{"href":"https:\/\/labunie.com.pl\/index.php?rest_route=\/wp\/v2\/posts"}],"about":[{"href":"https:\/\/labunie.com.pl\/index.php?rest_route=\/wp\/v2\/types\/post"}],"author":[{"embeddable":true,"href":"https:\/\/labunie.com.pl\/index.php?rest_route=\/wp\/v2\/users\/11"}],"replies":[{"embeddable":true,"href":"https:\/\/labunie.com.pl\/index.php?rest_route=%2Fwp%2Fv2%2Fcomments&post=24887"}],"version-history":[{"count":5,"href":"https:\/\/labunie.com.pl\/index.php?rest_route=\/wp\/v2\/posts\/24887\/revisions"}],"predecessor-version":[{"id":24900,"href":"https:\/\/labunie.com.pl\/index.php?rest_route=\/wp\/v2\/posts\/24887\/revisions\/24900"}],"wp:featuredmedia":[{"embeddable":true,"href":"https:\/\/labunie.com.pl\/index.php?rest_route=\/wp\/v2\/media\/24896"}],"wp:attachment":[{"href":"https:\/\/labunie.com.pl\/index.php?rest_route=%2Fwp%2Fv2%2Fmedia&parent=24887"}],"wp:term":[{"taxonomy":"category","embeddable":true,"href":"https:\/\/labunie.com.pl\/index.php?rest_route=%2Fwp%2Fv2%2Fcategories&post=24887"},{"taxonomy":"post_tag","embeddable":true,"href":"https:\/\/labunie.com.pl\/index.php?rest_route=%2Fwp%2Fv2%2Ftags&post=24887"}],"curies":[{"name":"wp","href":"https:\/\/api.w.org\/{rel}","templated":true}]}}