{"id":24901,"date":"2022-02-25T14:57:52","date_gmt":"2022-02-25T13:57:52","guid":{"rendered":"https:\/\/www.labunie.com.pl\/?p=24901"},"modified":"2022-02-25T14:57:52","modified_gmt":"2022-02-25T13:57:52","slug":"wyniki-konkursu","status":"publish","type":"post","link":"https:\/\/labunie.com.pl\/?p=24901","title":{"rendered":"Wyniki konkursu"},"content":{"rendered":"\n<p><strong>Wyniki I Gminnego konkursu plastyczny dla dzieci i m\u0142odzie\u017cy<\/strong> <strong>\u201eM\u00f3j kochany pupil\u201d<\/strong>.<\/p>\n\n\n\n<p><strong>Organizatorami konkursu by\u0142a\u00a0Biblioteka Publiczna Gminy \u0141abunie przy wsp\u00f3\u0142udziale Przychodni Weterynaryjnej s.c. J. \u0141\u00f3j i T. Dobrowolski w \u0141abuniach<\/strong><\/p>\n\n\n\n<!--more-->\n\n\n\n<div style=\"height:40px\" aria-hidden=\"true\" class=\"wp-block-spacer\"><\/div>\n\n\n\n<p>Jury w sk\u0142adzie:<\/p>\n\n\n\n<ul class=\"wp-block-list\"><li>Adriana Zwolan \u2013 Urz\u0105d Gminy \u0141abunie<\/li><li>Tomasz Mazur \u2013 Biblioteka Publiczna Gminy \u0141abunie<\/li><li>Agnieszka Szyku\u0142a-\u017bygawska &#8211; Biblioteka Publiczna Gminy \u0141abunie<\/li><\/ul>\n\n\n\n<p>postanowi\u0142o przyzna\u0107 nagrody i wyr\u00f3\u017cnienia nast\u0119puj\u0105cym uczestnikom:<\/p>\n\n\n\n<div style=\"height:40px\" aria-hidden=\"true\" class=\"wp-block-spacer\"><\/div>\n\n\n\n<h1 class=\"wp-block-heading\">Grupa wiekowa 3-5 lat:<\/h1>\n\n\n\n<h2 class=\"wp-block-heading\">Nagroda I:<\/h2>\n\n\n\n<ul class=\"wp-block-list\"><li>Gabriela Burdzy<\/li><li>Karolina Knia\u017a<\/li><\/ul>\n\n\n\n<h2 class=\"wp-block-heading\">Wyr\u00f3\u017cnienia:<\/h2>\n\n\n\n<ul class=\"wp-block-list\"><li>Emilia Walczak<\/li><li>Wojciech Murmyd\u0142owski<\/li><li>Nina Burdzy<\/li><li>Lena Winnik<\/li><li>Nadia Szajewska<\/li><li>Lena Kosak<\/li><li>Dawid Nowakowski<\/li><li>Laura Umyla\u0144ska<\/li><li>Oliwia Nowakowska<\/li><li>Amelia Turczyn<\/li><li>Anna Umyla\u0144ska<\/li><\/ul>\n\n\n\n<div style=\"height:40px\" aria-hidden=\"true\" class=\"wp-block-spacer\"><\/div>\n\n\n\n<h1 class=\"wp-block-heading\">Grupa wiekowa&nbsp; 6-7 lat<\/h1>\n\n\n\n<h2 class=\"wp-block-heading\">Nagroda I<\/h2>\n\n\n\n<ul class=\"wp-block-list\"><li>Iwona Pi\u0142at<\/li><\/ul>\n\n\n\n<h2 class=\"wp-block-heading\">Wyr\u00f3\u017cnienia:<\/h2>\n\n\n\n<ul class=\"wp-block-list\"><li>Agata Dr\u0105\u017cek<\/li><li>Jakub Bratko<\/li><li>Martyna Dudek<\/li><li>Alan Chwedyk<\/li><li>Kornelia Walczak<\/li><li>Grzegorz Murmyd\u0142owski<\/li><li>Mateusz Ko\u0142odziej<\/li><\/ul>\n\n\n\n<div style=\"height:40px\" aria-hidden=\"true\" class=\"wp-block-spacer\"><\/div>\n\n\n\n<h1 class=\"wp-block-heading\">Grupa wiekowa 8-13 lat<\/h1>\n\n\n\n<h2 class=\"wp-block-heading\">Nagroda I<\/h2>\n\n\n\n<ul class=\"wp-block-list\"><li>Amelia G\u00f3rska<\/li><li>Kamil Bondyra<\/li><\/ul>\n\n\n\n<h2 class=\"wp-block-heading\">Wyr\u00f3\u017cnienia:<\/h2>\n\n\n\n<ul class=\"wp-block-list\"><li>Jakub Szyku\u0142a<\/li><li>Julia Turczyn<\/li><li>Hanna P\u0142aza<\/li><li>Kamil Ci\u0119ciera<\/li><li>Lena Helman<\/li><li>Natalia Kowalska<\/li><li>Maksymilian Madeja<\/li><li>Karol Skraban<\/li><li>Ewelina Bia\u0142kowska<\/li><\/ul>\n\n\n\n<div style=\"height:40px\" aria-hidden=\"true\" class=\"wp-block-spacer\"><\/div>\n\n\n\n<h2 class=\"wp-block-heading\">Nagroda uczestnik\u00f3w \u201eFerii w Bibliotece\u201d<\/h2>\n\n\n\n<ul class=\"wp-block-list\"><li>Iga Szachnowska<\/li><\/ul>\n\n\n\n<div style=\"height:40px\" aria-hidden=\"true\" class=\"wp-block-spacer\"><\/div>\n\n\n\n<p>Gratulujemy uczestnikom konkursu.<\/p>\n\n\n\n<p>W najbli\u017cszych dniach podamy informacje o dacie otwarcia wystawy pokonkursowej i dniu wr\u0119czenia nagr\u00f3d.<\/p>\n\n\n\n<div style=\"height:40px\" aria-hidden=\"true\" class=\"wp-block-spacer\"><\/div>\n\n\n\n<p class=\"has-text-align-right\">Agnieszka Szyku\u0142a-\u017bygawska<\/p>\n","protected":false},"excerpt":{"rendered":"<p>Wyniki I Gminnego konkursu plastyczny dla dzieci i m\u0142odzie\u017cy \u201eM\u00f3j kochany pupil\u201d. Organizatorami konkursu by\u0142a\u00a0Biblioteka Publiczna Gminy \u0141abunie przy wsp\u00f3\u0142udziale Przychodni Weterynaryjnej s.c. J. \u0141\u00f3j i T. Dobrowolski w \u0141abuniach<\/p>\n","protected":false},"author":7,"featured_media":24632,"comment_status":"closed","ping_status":"closed","sticky":false,"template":"","format":"standard","meta":{"footnotes":""},"categories":[1],"tags":[],"class_list":["post-24901","post","type-post","status-publish","format-standard","has-post-thumbnail","hentry","category-wpisy","clearfix"],"_links":{"self":[{"href":"https:\/\/labunie.com.pl\/index.php?rest_route=\/wp\/v2\/posts\/24901","targetHints":{"allow":["GET"]}}],"collection":[{"href":"https:\/\/labunie.com.pl\/index.php?rest_route=\/wp\/v2\/posts"}],"about":[{"href":"https:\/\/labunie.com.pl\/index.php?rest_route=\/wp\/v2\/types\/post"}],"author":[{"embeddable":true,"href":"https:\/\/labunie.com.pl\/index.php?rest_route=\/wp\/v2\/users\/7"}],"replies":[{"embeddable":true,"href":"https:\/\/labunie.com.pl\/index.php?rest_route=%2Fwp%2Fv2%2Fcomments&post=24901"}],"version-history":[{"count":1,"href":"https:\/\/labunie.com.pl\/index.php?rest_route=\/wp\/v2\/posts\/24901\/revisions"}],"predecessor-version":[{"id":24902,"href":"https:\/\/labunie.com.pl\/index.php?rest_route=\/wp\/v2\/posts\/24901\/revisions\/24902"}],"wp:featuredmedia":[{"embeddable":true,"href":"https:\/\/labunie.com.pl\/index.php?rest_route=\/wp\/v2\/media\/24632"}],"wp:attachment":[{"href":"https:\/\/labunie.com.pl\/index.php?rest_route=%2Fwp%2Fv2%2Fmedia&parent=24901"}],"wp:term":[{"taxonomy":"category","embeddable":true,"href":"https:\/\/labunie.com.pl\/index.php?rest_route=%2Fwp%2Fv2%2Fcategories&post=24901"},{"taxonomy":"post_tag","embeddable":true,"href":"https:\/\/labunie.com.pl\/index.php?rest_route=%2Fwp%2Fv2%2Ftags&post=24901"}],"curies":[{"name":"wp","href":"https:\/\/api.w.org\/{rel}","templated":true}]}}