{"id":25280,"date":"2022-03-23T11:01:48","date_gmt":"2022-03-23T10:01:48","guid":{"rendered":"https:\/\/www.labunie.com.pl\/?p=25280"},"modified":"2022-03-23T11:01:49","modified_gmt":"2022-03-23T10:01:49","slug":"nagrody-w-dziedzinie-kultury-i-sportu-wreczone","status":"publish","type":"post","link":"https:\/\/labunie.com.pl\/?p=25280","title":{"rendered":"Nagrody w dziedzinie kultury i sportu wr\u0119czone"},"content":{"rendered":"\n<p><strong>Przed rozpocz\u0119ciem sesji Rady Gminy \u0141abunie, W\u00f3jt Gminy &#8211; Mariusz Kukie\u0142ka wr\u0119czy\u0142 nagrody w dziedzinie kultury i sportu za 2021 r.<\/strong><\/p>\n\n\n\n<div style=\"height:21px\" aria-hidden=\"true\" class=\"wp-block-spacer\"><\/div>\n\n\n\n<!--more-->\n\n\n\n<p>W\u00f3jt Gminy \u0141abunie drugi rok z rz\u0119du wr\u0119czy\u0142 nagrody finansowe w dziedzinie kultury i sportu. Otrzyma\u0142y je trzy osoby za promocj\u0119 i upowszechnianie kultury oraz 11 os\u00f3b za sukcesy sportowe. Uroczysto\u015b\u0107 przekazania nagr\u00f3d odby\u0142a si\u0119 na Sesji Rady Gminy \u0141abunie w \u015brod\u0119, 23 marca na podstawie uchwa\u0142y w sprawie dorocznych nagr\u00f3d, kt\u00f3r\u0105 \u0142abu\u0144scy radni uchwalili w listopadzie 2020 r.<\/p>\n<p><strong>Nagrod\u0119 w wysoko\u015bci 500 z\u0142 otrzyma\u0142a Pani Marzena Maziarczyk z gminy Stary Zamo\u015b\u0107, kt\u00f3ra otrzyma\u0142a 500 z\u0142 nagrody finansowej. Do nagrody zosta\u0142a zg\u0142oszona przez W\u00f3jta Gminy \u0141abunie.<\/strong><\/p>\n<p><strong>Pani Marzena Maziarczyk <\/strong>dzia\u0142a na obszarze Stowarzyszenia Lokalna Grupa Dzia\u0142ania Ziemia Zamojska, kt\u00f3rej cz\u0142onkiem jest r\u00f3wnie\u017c gmina \u0141abunie. Pracuje w <strong>Powiatowym Zespole Doradztwa Rolniczego w Zamo\u015bciu z siedzib\u0105 w Sitnie<\/strong> W gminie \u0141abunie Pani Marzena Maziarczyk od trzech lat kultywuje i przekazuje tradycje lokalne zwi\u0105zane z obrz\u0119dem do\u017cynkowym. Anga\u017cuje si\u0119 bezpo\u015brednio i aktywnie w promocj\u0119 tego wydarzenia odpowiadaj\u0105c za dekoracj\u0119 sceny do\u017cynkowej w oparciu o poszanowanie starych tradycji z wykorzystaniem lokalnych kwiat\u00f3w, zi\u00f3\u0142, owoc\u00f3w i warzyw. Pani Marzena Maziarczyk kultywuje tradycj\u0119 i upowszechnia kultur\u0119 poprzez m.in. organizacj\u0119 i realizacj\u0119 bezp\u0142atnych warsztat\u00f3w \u015bwi\u0105tecznych kultywuj\u0105c obrz\u0119dy i dawne tradycje zwi\u0105zane z Bo\u017cym Narodzeniem oraz Wielkanoc\u0105. Warsztaty, kt\u00f3rych jest autork\u0105, integruj\u0105 tak\u017ce pokolenia oraz aktywizuj\u0105 mieszka\u0144c\u00f3w \u2013 uczestnik\u00f3w warsztat\u00f3w.<\/p>\n<p><strong>Nagroda w wysoko\u015bci 500 z\u0142 zosta\u0142a r\u00f3wnie\u017c przyznana Pani Annie Swaczynie. Wnioskodawc\u0105 do nagrody by\u0142 W\u00f3jt Gminy \u0141abunie. <\/strong><\/p>\n<p><strong>Pani Anna Swaczyna <\/strong>r\u0119kodzie\u0142em zajmuje si\u0119 od kilkudziesi\u0119ciu lat. Zaczyna\u0142a od robienia na drutach i szyde\u0142ku, co kontynuuje do dzisiaj. Obecnie wyplata kosze z wikliny papierowej, wykonuje stroiki i inne ozdoby \u015bwi\u0105teczne w poszanowaniu tradycji lokalnych i dziedzictwa kulturowego regionu. Pani Anna jest autork\u0105 wystaw, m.in. w Bibliotece Publicznej Gminy \u0141abunie, na kt\u00f3rych prezentuje swoje prace. Wystawia\u0142a swoje dzie\u0142a ludowe na wydarzeniach gminnych \u2013 m.in. podczas do\u017cynek. Bierze udzia\u0142 w wielu konkursach, w kt\u00f3rych zdobywa liczne nagrody. Bierze r\u00f3wnie\u017c aktywny udzia\u0142 w warsztatach rozwijaj\u0105cych i ubogacaj\u0105cych tradycje lokalne.<\/p>\n<p><strong>500 z\u0142 nagrody W\u00f3jt Gminy \u0141abunie przyzna\u0142 r\u00f3wnie\u017c Kamili Wr\u00f3blewskiej, kt\u00f3ry wnioskowa\u0142 o docenienie m\u0142odej artystki. <\/strong><\/p>\n<p><strong>Kamila Wr\u00f3blewska <\/strong>jest uczennic\u0105 3 klasy I Liceum Og\u00f3lnokszta\u0142c\u0105cego w Zamo\u015bciu. Ponadto ucz\u0119szcza r\u00f3wnie\u017c do 4 klasy II stopnia Pa\u0144stwowej Szko\u0142y Muzycznej w Zamo\u015bciu, gdzie od 10 lat uczy si\u0119 gry na fortepianie. Kamila od najm\u0142odszych lat anga\u017cowa\u0142a si\u0119 w dzia\u0142alno\u015b\u0107 artystyczn\u0105, reprezentuj\u0105c przy tym Gmin\u0119 \u0141abunie. Bra\u0142a udzia\u0142 w uroczysto\u015bciach gminnych i poza gminnych. Przez wiele lat nale\u017ca\u0142a do zespo\u0142u tanecznego \u201e\u0141abu\u0144skie Iskierki\u201d oraz aktywnie wsp\u00f3\u0142pracowa\u0142a ze Stowarzyszeniem na Rzecz Rozwoju Gminy \u0141abunie. Razem z mam\u0105 \u2013 Bo\u017cen\u0105 Wr\u00f3blewsk\u0105, tworz\u0105 Duet \u201eONE\u201d, kt\u00f3ry od 2013 r. u\u015bwietnia swoimi wyst\u0119pami okoliczne wydarzenia i imprezy. Kamila rozwija r\u00f3wnie\u017c swoje zdolno\u015bci pianistyczne uczestnicz\u0105c w konkursach i koncertach pianistycznych na szczeblu powiatowym, wojew\u00f3dzkim i mi\u0119dzynarodowym. Jest wielokrotn\u0105 laureatk\u0105 nagr\u00f3d g\u0142\u00f3wnych i wyr\u00f3\u017cnie\u0144.<\/p>\n<p><strong>&nbsp;<\/strong><\/p>\n\n\n\n<div class=\"wp-block-group\"><div class=\"wp-block-group__inner-container is-layout-flow wp-block-group-is-layout-flow\">\n<figure class=\"wp-block-gallery columns-3 is-cropped wp-block-gallery-1 is-layout-flex wp-block-gallery-is-layout-flex\"><ul class=\"blocks-gallery-grid\"><li class=\"blocks-gallery-item\"><figure><a href=\"https:\/\/www.labunie.com.pl\/wp-content\/uploads\/2022\/03\/Anna-Swaczyna-scaled.jpg\" data-rel=\"lightbox-gallery-0IKKKRCX\" data-rl_title=\"\" data-rl_caption=\"\" title=\"\"><img loading=\"lazy\" decoding=\"async\" width=\"682\" height=\"1024\" src=\"https:\/\/www.labunie.com.pl\/wp-content\/uploads\/2022\/03\/Anna-Swaczyna-682x1024.jpg\" alt=\"\" data-id=\"25281\" data-full-url=\"https:\/\/www.labunie.com.pl\/wp-content\/uploads\/2022\/03\/Anna-Swaczyna-scaled.jpg\" data-link=\"https:\/\/www.labunie.com.pl\/?attachment_id=25281\" class=\"wp-image-25281\" srcset=\"https:\/\/labunie.com.pl\/wp-content\/uploads\/2022\/03\/Anna-Swaczyna-682x1024.jpg 682w, https:\/\/labunie.com.pl\/wp-content\/uploads\/2022\/03\/Anna-Swaczyna-200x300.jpg 200w, https:\/\/labunie.com.pl\/wp-content\/uploads\/2022\/03\/Anna-Swaczyna-768x1153.jpg 768w, https:\/\/labunie.com.pl\/wp-content\/uploads\/2022\/03\/Anna-Swaczyna-1023x1536.jpg 1023w, https:\/\/labunie.com.pl\/wp-content\/uploads\/2022\/03\/Anna-Swaczyna-1364x2048.jpg 1364w, https:\/\/labunie.com.pl\/wp-content\/uploads\/2022\/03\/Anna-Swaczyna-scaled.jpg 1705w\" sizes=\"auto, (max-width: 682px) 100vw, 682px\" \/><\/a><figcaption class=\"blocks-gallery-item__caption\">Anna Swaczyna<\/figcaption><\/figure><\/li><li class=\"blocks-gallery-item\"><figure><a href=\"https:\/\/www.labunie.com.pl\/wp-content\/uploads\/2022\/03\/Kamila-Wroblewska-scaled.jpg\" data-rel=\"lightbox-gallery-0IKKKRCX\" data-rl_title=\"\" data-rl_caption=\"\" title=\"\"><img loading=\"lazy\" decoding=\"async\" width=\"682\" height=\"1024\" src=\"https:\/\/www.labunie.com.pl\/wp-content\/uploads\/2022\/03\/Kamila-Wroblewska-682x1024.jpg\" alt=\"\" data-id=\"25282\" data-full-url=\"https:\/\/www.labunie.com.pl\/wp-content\/uploads\/2022\/03\/Kamila-Wroblewska-scaled.jpg\" data-link=\"https:\/\/www.labunie.com.pl\/?attachment_id=25282\" class=\"wp-image-25282\" srcset=\"https:\/\/labunie.com.pl\/wp-content\/uploads\/2022\/03\/Kamila-Wroblewska-682x1024.jpg 682w, https:\/\/labunie.com.pl\/wp-content\/uploads\/2022\/03\/Kamila-Wroblewska-200x300.jpg 200w, https:\/\/labunie.com.pl\/wp-content\/uploads\/2022\/03\/Kamila-Wroblewska-768x1153.jpg 768w, https:\/\/labunie.com.pl\/wp-content\/uploads\/2022\/03\/Kamila-Wroblewska-1023x1536.jpg 1023w, https:\/\/labunie.com.pl\/wp-content\/uploads\/2022\/03\/Kamila-Wroblewska-1364x2048.jpg 1364w, https:\/\/labunie.com.pl\/wp-content\/uploads\/2022\/03\/Kamila-Wroblewska-scaled.jpg 1705w\" sizes=\"auto, (max-width: 682px) 100vw, 682px\" \/><\/a><figcaption class=\"blocks-gallery-item__caption\">Kamila Wr\u00f3blewska<\/figcaption><\/figure><\/li><li class=\"blocks-gallery-item\"><figure><a href=\"https:\/\/www.labunie.com.pl\/wp-content\/uploads\/2022\/03\/Marzena-Maziarczyk-scaled.jpg\" data-rel=\"lightbox-gallery-0IKKKRCX\" data-rl_title=\"\" data-rl_caption=\"\" title=\"\"><img loading=\"lazy\" decoding=\"async\" width=\"1024\" height=\"682\" src=\"https:\/\/www.labunie.com.pl\/wp-content\/uploads\/2022\/03\/Marzena-Maziarczyk-1024x682.jpg\" alt=\"\" data-id=\"25283\" data-full-url=\"https:\/\/www.labunie.com.pl\/wp-content\/uploads\/2022\/03\/Marzena-Maziarczyk-scaled.jpg\" data-link=\"https:\/\/www.labunie.com.pl\/?attachment_id=25283\" class=\"wp-image-25283\" srcset=\"https:\/\/labunie.com.pl\/wp-content\/uploads\/2022\/03\/Marzena-Maziarczyk-1024x682.jpg 1024w, https:\/\/labunie.com.pl\/wp-content\/uploads\/2022\/03\/Marzena-Maziarczyk-300x200.jpg 300w, https:\/\/labunie.com.pl\/wp-content\/uploads\/2022\/03\/Marzena-Maziarczyk-768x511.jpg 768w, https:\/\/labunie.com.pl\/wp-content\/uploads\/2022\/03\/Marzena-Maziarczyk-1536x1023.jpg 1536w, https:\/\/labunie.com.pl\/wp-content\/uploads\/2022\/03\/Marzena-Maziarczyk-2048x1364.jpg 2048w\" sizes=\"auto, (max-width: 1024px) 100vw, 1024px\" \/><\/a><figcaption class=\"blocks-gallery-item__caption\">Marzena Maziarczyk<\/figcaption><\/figure><\/li><\/ul><\/figure>\n<\/div><\/div>\n\n\n\n<p><strong>Nagrody zosta\u0142y wr\u0119czone r\u00f3wnie\u017c sportowcom. Otrzyma\u0142o je 11 os\u00f3b. <\/strong>Przypomnijmy &#8211; wp\u0142yn\u0119\u0142o 13 wniosk\u00f3w o przyznanie dorocznej nagrody z osi\u0105gni\u0119te wyniki sportowe. Po posiedzeniu komisji do spraw przyznawania dorocznych nagr\u00f3d i wyr\u00f3\u017cnie\u0144 za osi\u0105gni\u0119cia sportowe W\u00f3jt Gminy \u0141abunie postanowi\u0142 nagrodzi\u0107 i wyr\u00f3\u017cni\u0107:<\/p>\n<p><strong>Patryka Krup\u0119, kt\u00f3ry otrzyma\u0142 1800 z\u0142 nagrody finansowej. Do nagrody zosta\u0142 zg\u0142oszony przez Klub Sportowy AGROS Zamo\u015b\u0107<\/strong><\/p>\n<p>Patryk Krupa reprezentuje Klub Sportowy Agros Zamo\u015b\u0107. Nagrod\u0119 finansow\u0105 otrzyma\u0142 za zaj\u0119cie w 2021 r. III miejsca na Mistrzostwach \u015awiata w Nairobi w sztafecie 4&#215;100. Tutaj kierujemy szczeg\u00f3lne podzi\u0119kowania do Pana Andrzeja Gda\u0144skiego \u2013 trenera Patryka, kt\u00f3ry niew\u0105tpliwie przyczyni\u0142 si\u0119 do sukcesu naszego utalentowanego sportowca.<\/p>\n<p><strong>Kolejna nagroda finansowa w kwocie 1400 z\u0142 trafi\u0142a do Dawida Kani, kt\u00f3ry zosta\u0142 zg\u0142oszony przez Zamojski Klub Karate Kyokuszin. <\/strong><\/p>\n<p>Dawid Kania w 2021 r. stawa\u0142 na podium 20 razy z czego 12 na najwy\u017cszym. Otrzyma\u0142 powo\u0142anie do sk\u0142adu Kadry Narodowej Kyokushin na 34 Wagowe Mistrzostwa Europy Katowice. Na tych Mistrzostwach zosta\u0142 br\u0105zowym medalist\u0105. Zaj\u0105\u0142 3 miejsce w kategorii kumite Kadet \u2013 35 kg.<\/p>\n<p><strong>Nagrod\u0119 finansow\u0105 w kwocie 1400 z\u0142 W\u00f3jt Gminy \u0141abunie przyzna\u0142 r\u00f3wnie\u017c Wiktorowi Kolai, kt\u00f3ry zosta\u0142 zg\u0142oszony przez rodzica \u2013 Pana Piotra Kolaj\u0119. <\/strong><\/p>\n<p>Wiktor Kolaja w 2021 r. zaj\u0105\u0142 III miejsce (zdoby\u0142 br\u0105zowy medal) na Mistrzostwach Polski Open i Kata senior\u00f3w oraz Mistrzostwach Polski Junior\u00f3w M\u0142odszych w Zamo\u015bciu, a tak\u017ce 3 miejsce (br\u0105zowy medal) na 34 Wagowych Mistrzostwach Europy Karate Kyokushin w Katowicach w kat. &#8211; 70 kg.<\/p>\n<p><strong>Nagrod\u0119 finansow\u0105 w kwocie 1200 z\u0142 W\u00f3jt Gminy \u0141abunie przyzna\u0142 r\u00f3wnie\u017c Micha\u0142owi Mazurowi.&nbsp; Zosta\u0142 zg\u0142oszony przez Klub Sportowy Agros Zamo\u015b\u0107. <\/strong><\/p>\n<p>Pan Micha\u0142 Mazur otrzyma\u0142 nagrod\u0119 finansow\u0105 za zdobycie z\u0142otego medalu&nbsp; na M\u0142odzie\u017cowych Mistrzostwach Polski w Lekkiej Atletyce w Suwa\u0142kach w rzucie m\u0142otem.<\/p>\n<p><strong>Kolejna nagroda finansowa w kwocie 1000 z\u0142 trafi\u0142a do Kamila Bosiaka \u2013 kapitana dru\u017cyny pi\u0142karskiej Sparty \u0141abunie. Do nagrody, kt\u00f3ra jest adresowana do ca\u0142ej dru\u017cyny Sparty, zosta\u0142 zg\u0142oszony przez Gminny Klub Sportowy Sparta \u0141abunie.<\/strong><\/p>\n<p>W sezonie rozgrywkowym 2020\/2021 o Mistrzostwo klasy \u201eA\u201d Zamojskiego Okr\u0119gowego Zwi\u0105zku Pi\u0142ki No\u017cnej wywalczy\u0142 jako kapitan Gminnego Klubu Sportowego Sparta \u0141abunie awans z dru\u017cyn\u0105 do wy\u017cszej klasy rozgrywkowej tj. \u201eokr\u0119gowej\u201d ko\u0144cz\u0105c sezon na trzecim, premiowanym awansem miejscu.<\/p>\n<p><strong>Nagrod\u0119 finansow\u0105 w wysoko\u015bci 500 z\u0142 otrzyma\u0142 r\u00f3wnie\u017c Jakub Wo\u0142oszyn, kt\u00f3ry zosta\u0142 zg\u0142oszony przez Gminny Klub Sportowy Sparta \u0141abunie<\/strong><\/p>\n<p>Pan Jakub przez ca\u0142y 2021 r. przyczynia\u0142 si\u0119 do popularyzacji wydarze\u0144 sportowych, kt\u00f3re odbywa\u0142y si\u0119 na terenie powiatu zamojskiego jak r\u00f3wnie\u017c powiat\u00f3w o\u015bciennych, gdzie sportowcy naszej gminy toczyli rywalizacj\u0119 sportow\u0105. Prowadz\u0105c fanpage Gminnego Klubu Sportowego Sparty \u0141abunie zdawa\u0142 bie\u017c\u0105ce relacje dotycz\u0105ce poczyna\u0144 zespo\u0142\u00f3w klubu. Ponadto przygotowywa\u0142 felietony i artyku\u0142y do gminnego wydawnictwa przyczyniaj\u0105c si\u0119 do jeszcze wi\u0119kszej popularyzacji sportu w\u015br\u00f3d czytelnik\u00f3w.<\/p>\n<p><strong>W\u00f3jt Gminy \u0141abunie postanowi\u0142 r\u00f3wnie\u017c przyzna\u0107 wyr\u00f3\u017cnienia dla sportowc\u00f3w z gminy \u0141abunie. <\/strong><\/p>\n<p><strong>Jedno z nich w\u0119druje do Alana Kani. <\/strong><\/p>\n<p>W 2021 r. Alan stawa\u0142 na podium 21 razy z czego 19 na najwy\u017cszym. Otrzyma\u0142 powo\u0142anie do sk\u0142adu Kadry Narodowej Kyokushin na 34 Wagowe Mistrzostwa Europy 2021 Katowice, na kt\u00f3rych zaj\u0105\u0142 6 miejsce w kategorii kumite. Z kolei 18 grudnia 2021 r. podczas XXXVII Pucharu Polski w Karate Kyokushin w Bydgoszczy zaj\u0105\u0142 1 miejsce w kategorii kumite M\u0142odzik \u2013 50 kg i 5 miejsce w kategorii kata M\u0142odzik.<\/p>\n<p><strong>Kolejne wyr\u00f3\u017cnienie W\u00f3jt Gminy \u0141abunie przyzna\u0142 Marcinowi Jastrz\u0119bskiemu<\/strong><\/p>\n<p>W 2021 r. stawa\u0142 na podium 6 razy z czego 4 na najwy\u017cszym. Pierwsze miejsce zaj\u0105\u0142 m.in. w Mi\u0119dzynarodowym Turnieju Karate Kyokushin \u201eVI IKO Prze\u0142\u0119cz Cup\u201d w Dukli w kategorii kata M\u0142odzik \u2013 40 kg oraz na Og\u00f3lnoopolskim Turnieju Karate Kyokushin IKO PODLASIE CUP 2021 w Bia\u0142ymstoku w kategorii kumite M\u0142odzik \u2013 40 kg.<\/p>\n<p><strong>Wyr\u00f3\u017cnienie otrzyma\u0142 r\u00f3wnie\u017c Jakub Pro\u0107<\/strong><\/p>\n<p>W 2021 r. stawa\u0142 na podium 6 razy z czego 2 na najwy\u017cszym.. Pierwsze miejsca wywalczy\u0142 w dw\u00f3ch og\u00f3lnopolskich turniejach karate kyokushin \u2013 w Che\u0142mie i \u0141abunkach Pierwszych. Na podium stawa\u0142 tak\u017ce bior\u0105c udzia\u0142 w mi\u0119dzynarodowych turniejach karate kyokushin w Dukli oraz Tomaszowie Lubelskim.<\/p>\n<p><strong>W\u00f3jt Gminy \u0141abunie przyzna\u0142 r\u00f3wnie\u017c wyr\u00f3\u017cnienie Nikoli Braneckiej<\/strong><\/p>\n<p>Jest lekkoatletk\u0105. Jej dyscyplina to skoki wzwy\u017c. W 2021 r. zaj\u0119\u0142a I miejsce podczas Mi\u0119dzywojew\u00f3dzkich Mistrzostw U16 w Bia\u0142ej Podlaskiej. Tu r\u00f3wnie\u017c podzi\u0119kowania kierujemy do Pana Janusza Stryjewskiego, trenera Nikoli, kt\u00f3ry czuwa nad karier\u0105 sportow\u0105 Nikoli.<\/p>\n<p><strong>Wyr\u00f3\u017cnienie W\u00f3jta Gminy \u0141abunie otrzymuje Krystian Kiszka<\/strong><\/p>\n<p style=\"text-align: left;\">Kandydat uprawia trzy dyscypliny sportowe: szachy, tenis sto\u0142owy, pi\u0142ka no\u017cna. W 2021 r. zajmowa\u0142 miejsca na podium w takich turniejach jak: pi\u0119\u0107 I miejsc, m. in. w Turnieju Szachowym \u201eSzach Kr\u00f3lowi\u201d o Puchar Prezydenta m. Lublin, w mistrzostwach Gminy Zamo\u015b\u0107 w Szachach czy w Turnieju Szachowym \u201ePatriotyzm przez szachy\u201d.<\/p>\n<p>Nieobecnym na uroczysto\u015bci sportowcom W\u00f3jt Gminy \u0141abunie wr\u0119czy nagrody w innym, uzgodnionym terminie.<\/p>\n<p style=\"text-align: center;\"><strong>Wszystkim nagrodzonym i wyr\u00f3\u017cnionym serdecznie gratulujemy i \u017cyczymy kolejnych sukces\u00f3w. Dzi\u0119kujemy za to, \u017ce dzi\u0119ki Waszej ci\u0119\u017ckiej pracy rozs\u0142awiacie gmin\u0119 \u0141abunie i godnie j\u0105 Pa\u0144stwo reprezentujecie.<\/strong><\/p>\n\n\n\n<figure class=\"wp-block-gallery columns-3 is-cropped wp-block-gallery-2 is-layout-flex wp-block-gallery-is-layout-flex\"><ul class=\"blocks-gallery-grid\"><li class=\"blocks-gallery-item\"><figure><a href=\"https:\/\/www.labunie.com.pl\/wp-content\/uploads\/2022\/03\/Patryk-Krupa-scaled.jpg\" data-rel=\"lightbox-gallery-0IKKKRCX\" data-rl_title=\"\" data-rl_caption=\"\" title=\"\"><img loading=\"lazy\" decoding=\"async\" width=\"682\" height=\"1024\" src=\"https:\/\/www.labunie.com.pl\/wp-content\/uploads\/2022\/03\/Patryk-Krupa-682x1024.jpg\" alt=\"\" data-id=\"25291\" data-full-url=\"https:\/\/www.labunie.com.pl\/wp-content\/uploads\/2022\/03\/Patryk-Krupa-scaled.jpg\" data-link=\"https:\/\/www.labunie.com.pl\/?attachment_id=25291\" class=\"wp-image-25291\" srcset=\"https:\/\/labunie.com.pl\/wp-content\/uploads\/2022\/03\/Patryk-Krupa-682x1024.jpg 682w, https:\/\/labunie.com.pl\/wp-content\/uploads\/2022\/03\/Patryk-Krupa-200x300.jpg 200w, https:\/\/labunie.com.pl\/wp-content\/uploads\/2022\/03\/Patryk-Krupa-768x1153.jpg 768w, https:\/\/labunie.com.pl\/wp-content\/uploads\/2022\/03\/Patryk-Krupa-1023x1536.jpg 1023w, https:\/\/labunie.com.pl\/wp-content\/uploads\/2022\/03\/Patryk-Krupa-1364x2048.jpg 1364w, https:\/\/labunie.com.pl\/wp-content\/uploads\/2022\/03\/Patryk-Krupa-scaled.jpg 1705w\" sizes=\"auto, (max-width: 682px) 100vw, 682px\" \/><\/a><figcaption class=\"blocks-gallery-item__caption\">Patryk Krupa<\/figcaption><\/figure><\/li><li class=\"blocks-gallery-item\"><figure><a href=\"https:\/\/www.labunie.com.pl\/wp-content\/uploads\/2022\/03\/Dawid-Kania-scaled.jpg\" data-rel=\"lightbox-gallery-0IKKKRCX\" data-rl_title=\"\" data-rl_caption=\"\" title=\"\"><img loading=\"lazy\" decoding=\"async\" width=\"1024\" height=\"682\" src=\"https:\/\/www.labunie.com.pl\/wp-content\/uploads\/2022\/03\/Dawid-Kania-1024x682.jpg\" alt=\"\" data-id=\"25286\" data-full-url=\"https:\/\/www.labunie.com.pl\/wp-content\/uploads\/2022\/03\/Dawid-Kania-scaled.jpg\" data-link=\"https:\/\/www.labunie.com.pl\/?attachment_id=25286\" class=\"wp-image-25286\" srcset=\"https:\/\/labunie.com.pl\/wp-content\/uploads\/2022\/03\/Dawid-Kania-1024x682.jpg 1024w, https:\/\/labunie.com.pl\/wp-content\/uploads\/2022\/03\/Dawid-Kania-300x200.jpg 300w, https:\/\/labunie.com.pl\/wp-content\/uploads\/2022\/03\/Dawid-Kania-768x511.jpg 768w, https:\/\/labunie.com.pl\/wp-content\/uploads\/2022\/03\/Dawid-Kania-1536x1023.jpg 1536w, https:\/\/labunie.com.pl\/wp-content\/uploads\/2022\/03\/Dawid-Kania-2048x1364.jpg 2048w\" sizes=\"auto, (max-width: 1024px) 100vw, 1024px\" \/><\/a><figcaption class=\"blocks-gallery-item__caption\">Dawid Kania<\/figcaption><\/figure><\/li><li class=\"blocks-gallery-item\"><figure><a href=\"https:\/\/www.labunie.com.pl\/wp-content\/uploads\/2022\/03\/Wiktor-Kolaja-scaled.jpg\" data-rel=\"lightbox-gallery-0IKKKRCX\" data-rl_title=\"\" data-rl_caption=\"\" title=\"\"><img loading=\"lazy\" decoding=\"async\" width=\"1024\" height=\"682\" src=\"https:\/\/www.labunie.com.pl\/wp-content\/uploads\/2022\/03\/Wiktor-Kolaja-1024x682.jpg\" alt=\"\" data-id=\"25292\" data-full-url=\"https:\/\/www.labunie.com.pl\/wp-content\/uploads\/2022\/03\/Wiktor-Kolaja-scaled.jpg\" data-link=\"https:\/\/www.labunie.com.pl\/?attachment_id=25292\" class=\"wp-image-25292\" srcset=\"https:\/\/labunie.com.pl\/wp-content\/uploads\/2022\/03\/Wiktor-Kolaja-1024x682.jpg 1024w, https:\/\/labunie.com.pl\/wp-content\/uploads\/2022\/03\/Wiktor-Kolaja-300x200.jpg 300w, https:\/\/labunie.com.pl\/wp-content\/uploads\/2022\/03\/Wiktor-Kolaja-768x511.jpg 768w, https:\/\/labunie.com.pl\/wp-content\/uploads\/2022\/03\/Wiktor-Kolaja-1536x1023.jpg 1536w, https:\/\/labunie.com.pl\/wp-content\/uploads\/2022\/03\/Wiktor-Kolaja-2048x1364.jpg 2048w\" sizes=\"auto, (max-width: 1024px) 100vw, 1024px\" \/><\/a><figcaption class=\"blocks-gallery-item__caption\">W imieniu Wiktora Kolai nagrod\u0119 odebra\u0142 tato- Piotr Kolaja<\/figcaption><\/figure><\/li><li class=\"blocks-gallery-item\"><figure><a href=\"https:\/\/www.labunie.com.pl\/wp-content\/uploads\/2022\/03\/Kamil-Bosiak-scaled.jpg\" data-rel=\"lightbox-gallery-0IKKKRCX\" data-rl_title=\"\" data-rl_caption=\"\" title=\"\"><img loading=\"lazy\" decoding=\"async\" width=\"682\" height=\"1024\" src=\"https:\/\/www.labunie.com.pl\/wp-content\/uploads\/2022\/03\/Kamil-Bosiak-682x1024.jpg\" alt=\"\" data-id=\"25288\" data-full-url=\"https:\/\/www.labunie.com.pl\/wp-content\/uploads\/2022\/03\/Kamil-Bosiak-scaled.jpg\" data-link=\"https:\/\/www.labunie.com.pl\/?attachment_id=25288\" class=\"wp-image-25288\" srcset=\"https:\/\/labunie.com.pl\/wp-content\/uploads\/2022\/03\/Kamil-Bosiak-682x1024.jpg 682w, https:\/\/labunie.com.pl\/wp-content\/uploads\/2022\/03\/Kamil-Bosiak-200x300.jpg 200w, https:\/\/labunie.com.pl\/wp-content\/uploads\/2022\/03\/Kamil-Bosiak-768x1153.jpg 768w, https:\/\/labunie.com.pl\/wp-content\/uploads\/2022\/03\/Kamil-Bosiak-1023x1536.jpg 1023w, https:\/\/labunie.com.pl\/wp-content\/uploads\/2022\/03\/Kamil-Bosiak-1364x2048.jpg 1364w, https:\/\/labunie.com.pl\/wp-content\/uploads\/2022\/03\/Kamil-Bosiak-scaled.jpg 1705w\" sizes=\"auto, (max-width: 682px) 100vw, 682px\" \/><\/a><figcaption class=\"blocks-gallery-item__caption\">Kamil Bosiak<\/figcaption><\/figure><\/li><li class=\"blocks-gallery-item\"><figure><a href=\"https:\/\/www.labunie.com.pl\/wp-content\/uploads\/2022\/03\/Alan-Kania-scaled.jpg\" data-rel=\"lightbox-gallery-0IKKKRCX\" data-rl_title=\"\" data-rl_caption=\"\" title=\"\"><img loading=\"lazy\" decoding=\"async\" width=\"1024\" height=\"682\" src=\"https:\/\/www.labunie.com.pl\/wp-content\/uploads\/2022\/03\/Alan-Kania-1024x682.jpg\" alt=\"\" data-id=\"25285\" data-full-url=\"https:\/\/www.labunie.com.pl\/wp-content\/uploads\/2022\/03\/Alan-Kania-scaled.jpg\" data-link=\"https:\/\/www.labunie.com.pl\/?attachment_id=25285\" class=\"wp-image-25285\" srcset=\"https:\/\/labunie.com.pl\/wp-content\/uploads\/2022\/03\/Alan-Kania-1024x682.jpg 1024w, https:\/\/labunie.com.pl\/wp-content\/uploads\/2022\/03\/Alan-Kania-300x200.jpg 300w, https:\/\/labunie.com.pl\/wp-content\/uploads\/2022\/03\/Alan-Kania-768x511.jpg 768w, https:\/\/labunie.com.pl\/wp-content\/uploads\/2022\/03\/Alan-Kania-1536x1023.jpg 1536w, https:\/\/labunie.com.pl\/wp-content\/uploads\/2022\/03\/Alan-Kania-2048x1364.jpg 2048w\" sizes=\"auto, (max-width: 1024px) 100vw, 1024px\" \/><\/a><figcaption class=\"blocks-gallery-item__caption\">Alan Kania<\/figcaption><\/figure><\/li><li class=\"blocks-gallery-item\"><figure><a href=\"https:\/\/www.labunie.com.pl\/wp-content\/uploads\/2022\/03\/Marcin-Jastrzebski-scaled.jpg\" data-rel=\"lightbox-gallery-0IKKKRCX\" data-rl_title=\"\" data-rl_caption=\"\" title=\"\"><img loading=\"lazy\" decoding=\"async\" width=\"682\" height=\"1024\" src=\"https:\/\/www.labunie.com.pl\/wp-content\/uploads\/2022\/03\/Marcin-Jastrzebski-682x1024.jpg\" alt=\"\" data-id=\"25290\" data-full-url=\"https:\/\/www.labunie.com.pl\/wp-content\/uploads\/2022\/03\/Marcin-Jastrzebski-scaled.jpg\" data-link=\"https:\/\/www.labunie.com.pl\/?attachment_id=25290\" class=\"wp-image-25290\" srcset=\"https:\/\/labunie.com.pl\/wp-content\/uploads\/2022\/03\/Marcin-Jastrzebski-682x1024.jpg 682w, https:\/\/labunie.com.pl\/wp-content\/uploads\/2022\/03\/Marcin-Jastrzebski-200x300.jpg 200w, https:\/\/labunie.com.pl\/wp-content\/uploads\/2022\/03\/Marcin-Jastrzebski-768x1153.jpg 768w, https:\/\/labunie.com.pl\/wp-content\/uploads\/2022\/03\/Marcin-Jastrzebski-1023x1536.jpg 1023w, https:\/\/labunie.com.pl\/wp-content\/uploads\/2022\/03\/Marcin-Jastrzebski-1364x2048.jpg 1364w, https:\/\/labunie.com.pl\/wp-content\/uploads\/2022\/03\/Marcin-Jastrzebski-scaled.jpg 1705w\" sizes=\"auto, (max-width: 682px) 100vw, 682px\" \/><\/a><figcaption class=\"blocks-gallery-item__caption\">Marcin Jastrz\u0119bski<\/figcaption><\/figure><\/li><li class=\"blocks-gallery-item\"><figure><a href=\"https:\/\/www.labunie.com.pl\/wp-content\/uploads\/2022\/03\/Jakub-Proc-scaled.jpg\" data-rel=\"lightbox-gallery-0IKKKRCX\" data-rl_title=\"\" data-rl_caption=\"\" title=\"\"><img loading=\"lazy\" decoding=\"async\" width=\"682\" height=\"1024\" src=\"https:\/\/www.labunie.com.pl\/wp-content\/uploads\/2022\/03\/Jakub-Proc-682x1024.jpg\" alt=\"\" data-id=\"25287\" data-full-url=\"https:\/\/www.labunie.com.pl\/wp-content\/uploads\/2022\/03\/Jakub-Proc-scaled.jpg\" data-link=\"https:\/\/www.labunie.com.pl\/?attachment_id=25287\" class=\"wp-image-25287\" srcset=\"https:\/\/labunie.com.pl\/wp-content\/uploads\/2022\/03\/Jakub-Proc-682x1024.jpg 682w, https:\/\/labunie.com.pl\/wp-content\/uploads\/2022\/03\/Jakub-Proc-200x300.jpg 200w, https:\/\/labunie.com.pl\/wp-content\/uploads\/2022\/03\/Jakub-Proc-768x1153.jpg 768w, https:\/\/labunie.com.pl\/wp-content\/uploads\/2022\/03\/Jakub-Proc-1023x1536.jpg 1023w, https:\/\/labunie.com.pl\/wp-content\/uploads\/2022\/03\/Jakub-Proc-1364x2048.jpg 1364w, https:\/\/labunie.com.pl\/wp-content\/uploads\/2022\/03\/Jakub-Proc-scaled.jpg 1705w\" sizes=\"auto, (max-width: 682px) 100vw, 682px\" \/><\/a><figcaption class=\"blocks-gallery-item__caption\">Jakub Pro\u0107<\/figcaption><\/figure><\/li><li class=\"blocks-gallery-item\"><figure><a href=\"https:\/\/www.labunie.com.pl\/wp-content\/uploads\/2022\/03\/Krystian-Kiszka-scaled.jpg\" data-rel=\"lightbox-gallery-0IKKKRCX\" data-rl_title=\"\" data-rl_caption=\"\" title=\"\"><img loading=\"lazy\" decoding=\"async\" width=\"1024\" height=\"682\" src=\"https:\/\/www.labunie.com.pl\/wp-content\/uploads\/2022\/03\/Krystian-Kiszka-1024x682.jpg\" alt=\"\" data-id=\"25289\" data-full-url=\"https:\/\/www.labunie.com.pl\/wp-content\/uploads\/2022\/03\/Krystian-Kiszka-scaled.jpg\" data-link=\"https:\/\/www.labunie.com.pl\/?attachment_id=25289\" class=\"wp-image-25289\" srcset=\"https:\/\/labunie.com.pl\/wp-content\/uploads\/2022\/03\/Krystian-Kiszka-1024x682.jpg 1024w, https:\/\/labunie.com.pl\/wp-content\/uploads\/2022\/03\/Krystian-Kiszka-300x200.jpg 300w, https:\/\/labunie.com.pl\/wp-content\/uploads\/2022\/03\/Krystian-Kiszka-768x511.jpg 768w, https:\/\/labunie.com.pl\/wp-content\/uploads\/2022\/03\/Krystian-Kiszka-1536x1023.jpg 1536w, https:\/\/labunie.com.pl\/wp-content\/uploads\/2022\/03\/Krystian-Kiszka-2048x1364.jpg 2048w\" sizes=\"auto, (max-width: 1024px) 100vw, 1024px\" \/><\/a><figcaption class=\"blocks-gallery-item__caption\">Krystian Kiszka<\/figcaption><\/figure><\/li><\/ul><\/figure>\n","protected":false},"excerpt":{"rendered":"<p>Przed rozpocz\u0119ciem sesji Rady Gminy \u0141abunie, W\u00f3jt Gminy &#8211; Mariusz Kukie\u0142ka wr\u0119czy\u0142 nagrody w dziedzinie kultury i sportu za 2021 r.<\/p>\n","protected":false},"author":11,"featured_media":25295,"comment_status":"closed","ping_status":"closed","sticky":false,"template":"","format":"standard","meta":{"footnotes":""},"categories":[1],"tags":[],"class_list":["post-25280","post","type-post","status-publish","format-standard","has-post-thumbnail","hentry","category-wpisy","clearfix"],"_links":{"self":[{"href":"https:\/\/labunie.com.pl\/index.php?rest_route=\/wp\/v2\/posts\/25280","targetHints":{"allow":["GET"]}}],"collection":[{"href":"https:\/\/labunie.com.pl\/index.php?rest_route=\/wp\/v2\/posts"}],"about":[{"href":"https:\/\/labunie.com.pl\/index.php?rest_route=\/wp\/v2\/types\/post"}],"author":[{"embeddable":true,"href":"https:\/\/labunie.com.pl\/index.php?rest_route=\/wp\/v2\/users\/11"}],"replies":[{"embeddable":true,"href":"https:\/\/labunie.com.pl\/index.php?rest_route=%2Fwp%2Fv2%2Fcomments&post=25280"}],"version-history":[{"count":4,"href":"https:\/\/labunie.com.pl\/index.php?rest_route=\/wp\/v2\/posts\/25280\/revisions"}],"predecessor-version":[{"id":25296,"href":"https:\/\/labunie.com.pl\/index.php?rest_route=\/wp\/v2\/posts\/25280\/revisions\/25296"}],"wp:featuredmedia":[{"embeddable":true,"href":"https:\/\/labunie.com.pl\/index.php?rest_route=\/wp\/v2\/media\/25295"}],"wp:attachment":[{"href":"https:\/\/labunie.com.pl\/index.php?rest_route=%2Fwp%2Fv2%2Fmedia&parent=25280"}],"wp:term":[{"taxonomy":"category","embeddable":true,"href":"https:\/\/labunie.com.pl\/index.php?rest_route=%2Fwp%2Fv2%2Fcategories&post=25280"},{"taxonomy":"post_tag","embeddable":true,"href":"https:\/\/labunie.com.pl\/index.php?rest_route=%2Fwp%2Fv2%2Ftags&post=25280"}],"curies":[{"name":"wp","href":"https:\/\/api.w.org\/{rel}","templated":true}]}}