{"id":25440,"date":"2022-04-08T08:36:52","date_gmt":"2022-04-08T06:36:52","guid":{"rendered":"https:\/\/www.labunie.com.pl\/?p=25440"},"modified":"2022-04-08T08:36:53","modified_gmt":"2022-04-08T06:36:53","slug":"dolacz-do-akcji-wywies-flage","status":"publish","type":"post","link":"https:\/\/labunie.com.pl\/?p=25440","title":{"rendered":"Do\u0142\u0105cz do akcji &#8220;Wywie\u015b flag\u0119&#8221;"},"content":{"rendered":"\n<p><strong>Wywie\u015b Flag\u0119 z okazji \u015bwi\u0119ta Chrztu Polski &#8211; zach\u0119ca Fundacja S\u0142owo.\u00a0<\/strong><\/p>\n\n\n\n<div style=\"height:14px\" aria-hidden=\"true\" class=\"wp-block-spacer\"><\/div>\n\n\n\n<!--more-->\n\n\n\n<p>Sejm RP ustanowi\u0142 \u015awi\u0119to Chrztu Polski ustaw\u0105 z 22 lutego 2019 r. W za\u0142o\u017ceniu \u015bwi\u0119to ma na celu \u201eupami\u0119tnienie chrztu Polski dokonanego 14 kwietnia 966 r. Fundacja S\u0142owo zach\u0119ca, by 14 kwietnia wywiesi\u0107 flag\u0119 Polski.\u00a0 <\/p>\n\n\n\n<div style=\"height:26px\" aria-hidden=\"true\" class=\"wp-block-spacer\"><\/div>\n\n\n\n<figure class=\"wp-block-image size-large\"><img loading=\"lazy\" decoding=\"async\" width=\"724\" height=\"1024\" src=\"https:\/\/www.labunie.com.pl\/wp-content\/uploads\/2022\/04\/SwietoChrztuPlakatWywiesFlage-scaled-1-724x1024.jpg\" alt=\"\" class=\"wp-image-25441\" srcset=\"https:\/\/labunie.com.pl\/wp-content\/uploads\/2022\/04\/SwietoChrztuPlakatWywiesFlage-scaled-1-724x1024.jpg 724w, https:\/\/labunie.com.pl\/wp-content\/uploads\/2022\/04\/SwietoChrztuPlakatWywiesFlage-scaled-1-212x300.jpg 212w, https:\/\/labunie.com.pl\/wp-content\/uploads\/2022\/04\/SwietoChrztuPlakatWywiesFlage-scaled-1-768x1086.jpg 768w, https:\/\/labunie.com.pl\/wp-content\/uploads\/2022\/04\/SwietoChrztuPlakatWywiesFlage-scaled-1-1086x1536.jpg 1086w, https:\/\/labunie.com.pl\/wp-content\/uploads\/2022\/04\/SwietoChrztuPlakatWywiesFlage-scaled-1-1448x2048.jpg 1448w, https:\/\/labunie.com.pl\/wp-content\/uploads\/2022\/04\/SwietoChrztuPlakatWywiesFlage-scaled-1.jpg 1810w\" sizes=\"auto, (max-width: 724px) 100vw, 724px\" \/><\/figure>\n","protected":false},"excerpt":{"rendered":"<p>Wywie\u015b Flag\u0119 z okazji \u015bwi\u0119ta Chrztu Polski &#8211; zach\u0119ca Fundacja S\u0142owo.\u00a0<\/p>\n","protected":false},"author":11,"featured_media":25443,"comment_status":"closed","ping_status":"closed","sticky":false,"template":"","format":"standard","meta":{"footnotes":""},"categories":[1],"tags":[],"class_list":["post-25440","post","type-post","status-publish","format-standard","has-post-thumbnail","hentry","category-wpisy","clearfix"],"_links":{"self":[{"href":"https:\/\/labunie.com.pl\/index.php?rest_route=\/wp\/v2\/posts\/25440","targetHints":{"allow":["GET"]}}],"collection":[{"href":"https:\/\/labunie.com.pl\/index.php?rest_route=\/wp\/v2\/posts"}],"about":[{"href":"https:\/\/labunie.com.pl\/index.php?rest_route=\/wp\/v2\/types\/post"}],"author":[{"embeddable":true,"href":"https:\/\/labunie.com.pl\/index.php?rest_route=\/wp\/v2\/users\/11"}],"replies":[{"embeddable":true,"href":"https:\/\/labunie.com.pl\/index.php?rest_route=%2Fwp%2Fv2%2Fcomments&post=25440"}],"version-history":[{"count":1,"href":"https:\/\/labunie.com.pl\/index.php?rest_route=\/wp\/v2\/posts\/25440\/revisions"}],"predecessor-version":[{"id":25442,"href":"https:\/\/labunie.com.pl\/index.php?rest_route=\/wp\/v2\/posts\/25440\/revisions\/25442"}],"wp:featuredmedia":[{"embeddable":true,"href":"https:\/\/labunie.com.pl\/index.php?rest_route=\/wp\/v2\/media\/25443"}],"wp:attachment":[{"href":"https:\/\/labunie.com.pl\/index.php?rest_route=%2Fwp%2Fv2%2Fmedia&parent=25440"}],"wp:term":[{"taxonomy":"category","embeddable":true,"href":"https:\/\/labunie.com.pl\/index.php?rest_route=%2Fwp%2Fv2%2Fcategories&post=25440"},{"taxonomy":"post_tag","embeddable":true,"href":"https:\/\/labunie.com.pl\/index.php?rest_route=%2Fwp%2Fv2%2Ftags&post=25440"}],"curies":[{"name":"wp","href":"https:\/\/api.w.org\/{rel}","templated":true}]}}