{"id":25798,"date":"2022-05-11T08:36:40","date_gmt":"2022-05-11T06:36:40","guid":{"rendered":"https:\/\/www.labunie.com.pl\/?p=25798"},"modified":"2022-05-11T08:36:41","modified_gmt":"2022-05-11T06:36:41","slug":"konkurs-piekno-powiatu-zamojskiego-w-obiektywie-2","status":"publish","type":"post","link":"https:\/\/labunie.com.pl\/?p=25798","title":{"rendered":"Konkurs &#8211; Pi\u0119kno Powiatu Zamojskiego w obiektywie"},"content":{"rendered":"\n<p><strong>Rusza III edycja powiatowego konkursu foto &#8211; &#8220;Pi\u0119kno Powiatu Zamojskiego w obiektywie&#8221;.&nbsp;<\/strong><\/p>\n\n\n\n<div style=\"height:17px\" aria-hidden=\"true\" class=\"wp-block-spacer\"><\/div>\n\n\n\n<!--more-->\n\n\n\n<p>Konkurs pod Honorowym Patronatem Starosty Zamojskiego ma charakter otwarty. Mo\u017ce wzi\u0105\u0107 w nim udzia\u0142 ka\u017cda zainteresowana osoba, kt\u00f3ra profesjonalnie lub amatorsko zajmuje si\u0119 fotografi\u0105 i jest mieszka\u0144cem powiatu zamojskiego.\u00a0Zdj\u0119cia na konkurs mo\u017cna zg\u0142asza\u0107 do 30 wrze\u015bnia 2022 roku.<strong><br \/><\/strong><\/p>\n<p>Zach\u0119camy do pokazania pi\u0119kna powiatu zamojskiego, zaprezentowania w ciekawy i niecodzienny spos\u00f3b skrywanych na jego terenie zabytk\u00f3w architektonicznych, a tak\u017ce niezwykle urokliwej fauny i flory.<\/p>\n<p><strong>Nagrodzone i wyr\u00f3\u017cnione zdj\u0119cia, wraz z imieniem i nazwiskiem autora, znajd\u0105 si\u0119 w kalendarzu Powiatu Zamojskiego na 2023 rok.<\/strong> Nagrody finansowe w konkursie ufundowane przez Powiat Zamojski, zostan\u0105 przyznane za <strong>I, II i III<\/strong> miejsce, odpowiednio w wysoko\u015bci <strong>1<\/strong><strong>000,00 z\u0142<\/strong>, <strong>800,00 z\u0142<\/strong> i <strong>600,00 z\u0142. <\/strong>Ponadto <strong>autorzy 9 wyr\u00f3\u017cnionych prac<\/strong>, otrzymaj\u0105 nagrody w wysoko\u015bci po <strong>200,00 z\u0142<\/strong>.\u00a0<\/p>\n<p><strong><a href=\"https:\/\/powiatzamojski.pl\/media\/uploads\/attach\/2022-05\/\/14606_regulamin---iii-konkurs-fotograficzny-29042022-r.pdf\">Regulamin<\/a>\u00a0Powiatowego Konkursu Fotograficznego pn.: \u201ePi\u0119kno Powiatu Zamojskiego w obiektywie\u201d<\/strong><\/p>\n<p><strong><a href=\"https:\/\/powiatzamojski.pl\/media\/uploads\/attach\/2022-05\/\/14605_formularz-zgloszeniowy-29042022r-skonwertowany.pdf\">Formularz zg\u0142oszeniowy<\/a><\/strong> <strong>do\u00a0Powiatowego Konkursu Fotograficznego pn.: \u201ePi\u0119kno Powiatu Zamojskiego w obiektywie\u201d<\/strong><\/p>\n\n\n\n<div style=\"height:19px\" aria-hidden=\"true\" class=\"wp-block-spacer\"><\/div>\n\n\n\n<figure class=\"wp-block-image size-large\"><img loading=\"lazy\" decoding=\"async\" width=\"720\" height=\"1024\" src=\"https:\/\/www.labunie.com.pl\/wp-content\/uploads\/2022\/05\/plakat-konkurs-fotograficzny-III-Edycja-720x1024.jpg\" alt=\"\" class=\"wp-image-25801\" srcset=\"https:\/\/labunie.com.pl\/wp-content\/uploads\/2022\/05\/plakat-konkurs-fotograficzny-III-Edycja-720x1024.jpg 720w, https:\/\/labunie.com.pl\/wp-content\/uploads\/2022\/05\/plakat-konkurs-fotograficzny-III-Edycja-211x300.jpg 211w, https:\/\/labunie.com.pl\/wp-content\/uploads\/2022\/05\/plakat-konkurs-fotograficzny-III-Edycja-768x1092.jpg 768w, https:\/\/labunie.com.pl\/wp-content\/uploads\/2022\/05\/plakat-konkurs-fotograficzny-III-Edycja-1080x1536.jpg 1080w, https:\/\/labunie.com.pl\/wp-content\/uploads\/2022\/05\/plakat-konkurs-fotograficzny-III-Edycja-1440x2048.jpg 1440w, https:\/\/labunie.com.pl\/wp-content\/uploads\/2022\/05\/plakat-konkurs-fotograficzny-III-Edycja-scaled.jpg 1800w\" sizes=\"auto, (max-width: 720px) 100vw, 720px\" \/><\/figure>\n","protected":false},"excerpt":{"rendered":"<p>Rusza III edycja powiatowego konkursu foto &#8211; &#8220;Pi\u0119kno Powiatu Zamojskiego w obiektywie&#8221;.&nbsp;<\/p>\n","protected":false},"author":11,"featured_media":25800,"comment_status":"closed","ping_status":"closed","sticky":false,"template":"","format":"standard","meta":{"footnotes":""},"categories":[1],"tags":[],"class_list":["post-25798","post","type-post","status-publish","format-standard","has-post-thumbnail","hentry","category-wpisy","clearfix"],"_links":{"self":[{"href":"https:\/\/labunie.com.pl\/index.php?rest_route=\/wp\/v2\/posts\/25798","targetHints":{"allow":["GET"]}}],"collection":[{"href":"https:\/\/labunie.com.pl\/index.php?rest_route=\/wp\/v2\/posts"}],"about":[{"href":"https:\/\/labunie.com.pl\/index.php?rest_route=\/wp\/v2\/types\/post"}],"author":[{"embeddable":true,"href":"https:\/\/labunie.com.pl\/index.php?rest_route=\/wp\/v2\/users\/11"}],"replies":[{"embeddable":true,"href":"https:\/\/labunie.com.pl\/index.php?rest_route=%2Fwp%2Fv2%2Fcomments&post=25798"}],"version-history":[{"count":2,"href":"https:\/\/labunie.com.pl\/index.php?rest_route=\/wp\/v2\/posts\/25798\/revisions"}],"predecessor-version":[{"id":25802,"href":"https:\/\/labunie.com.pl\/index.php?rest_route=\/wp\/v2\/posts\/25798\/revisions\/25802"}],"wp:featuredmedia":[{"embeddable":true,"href":"https:\/\/labunie.com.pl\/index.php?rest_route=\/wp\/v2\/media\/25800"}],"wp:attachment":[{"href":"https:\/\/labunie.com.pl\/index.php?rest_route=%2Fwp%2Fv2%2Fmedia&parent=25798"}],"wp:term":[{"taxonomy":"category","embeddable":true,"href":"https:\/\/labunie.com.pl\/index.php?rest_route=%2Fwp%2Fv2%2Fcategories&post=25798"},{"taxonomy":"post_tag","embeddable":true,"href":"https:\/\/labunie.com.pl\/index.php?rest_route=%2Fwp%2Fv2%2Ftags&post=25798"}],"curies":[{"name":"wp","href":"https:\/\/api.w.org\/{rel}","templated":true}]}}