{"id":26143,"date":"2022-06-01T12:29:25","date_gmt":"2022-06-01T10:29:25","guid":{"rendered":"https:\/\/www.labunie.com.pl\/?p=26143"},"modified":"2022-06-07T10:32:17","modified_gmt":"2022-06-07T08:32:17","slug":"bezplatne-warsztaty-graffiti-w-labuniach-uczcijmy-razem-rozpoczecie-wakacji","status":"publish","type":"post","link":"https:\/\/labunie.com.pl\/?p=26143","title":{"rendered":"BEZP\u0141ATNE WARSZTATY GRAFFITI W \u0141ABUNIACH &#8211; UCZCIJMY RAZEM ROZPOCZ\u0118CIE WAKACJI!"},"content":{"rendered":"\n<p><strong>Zapraszamy na II edycj\u0119 Gminnych Warsztat\u00f3w Graffiti, kt\u00f3re odb\u0119d\u0105 si\u0119 22 i 23 czerwca w \u0141abuniach. Z grup\u0105 Stforky zmalujemy na murach postaci z bajek. Zapisy do 15 czerwca!<\/strong><\/p>\n\n\n\n<div style=\"height:18px\" aria-hidden=\"true\" class=\"wp-block-spacer\"><\/div>\n\n\n\n<!--more-->\n\n\n\n<p>Uczcijmy zako\u0144czenie roku szkolnego i dwa miesi\u0105ce leniuchowania w kolorowym stylu ze sprayami w d\u0142oniach w towarzystwie do\u015bwiadczonych spec\u00f3w od graffiti.<\/p>\n<p>Warsztaty odb\u0119d\u0105 si\u0119 w dniach 22 i 23 czerwca w \u0141abuniach. Adresowane s\u0105 do dzieci i m\u0142odzie\u017cy z gminy \u0141abunie, w wieku od 6 do 18 lat. W ramach wydarzenia odb\u0119d\u0105 si\u0119 warsztaty. Na nich uczestnicy poznaj\u0105 technik\u0119 i tajniki tworzenia graffiti, b\u0119d\u0105 te\u017c ciekawostki&nbsp; i wsp\u00f3lne szkicowanie projektu graffiti. Drugi dzie\u0144 to fina\u0142, w ramach kt\u00f3rego powstanie mural z kolorowymi rysunkami. Ozdobi\u0105 one przestrze\u0144 publiczn\u0105 na terenie naszej gminy. Uczestnicy otrzymaj\u0105 gad\u017cety od zamojskiej grupy Stforky, zorganizujemy te\u017c pocz\u0119stunek. <\/p>\n<p>Organizatorem wydarzenia jest W\u00f3jt Gminy \u0141abunie &#8211; Mariusz Kukie\u0142ka.<\/p>\n<p style=\"text-align: center;\"><span style=\"color: #ff0000;\"><strong>ZAPISY DO 15 CZERWCA. ILO\u015a\u0106 MIEJSC OGRANICZONA <\/strong><\/span><\/p>\n<p style=\"text-align: center;\"><span style=\"color: #ff0000;\"><strong>Przyjmujemy zg\u0142oszenia na e-mail: d.saran@labunie.com.pl lub telefonicznie: 84 611 60 23.&nbsp;<\/strong><\/span><\/p>\n<p style=\"text-align: center;\"><span style=\"color: #ff0000;\"><strong> Nale\u017cy poda\u0107 imi\u0119 i nazwisko uczestnika, nr telefonu rodzica zg\u0142aszaj\u0105cego dziecko.<\/strong><\/span><\/p>\n<p>&nbsp;<\/p>\n\n\n\n<div style=\"height:15px\" aria-hidden=\"true\" class=\"wp-block-spacer\"><\/div>\n\n\n\n<figure class=\"wp-block-image size-large\"><img loading=\"lazy\" decoding=\"async\" width=\"1024\" height=\"726\" src=\"https:\/\/www.labunie.com.pl\/wp-content\/uploads\/2022\/06\/Bez-tytulu-1-1024x726.png\" alt=\"\" class=\"wp-image-26145\" srcset=\"https:\/\/labunie.com.pl\/wp-content\/uploads\/2022\/06\/Bez-tytulu-1-1024x726.png 1024w, https:\/\/labunie.com.pl\/wp-content\/uploads\/2022\/06\/Bez-tytulu-1-300x213.png 300w, https:\/\/labunie.com.pl\/wp-content\/uploads\/2022\/06\/Bez-tytulu-1-768x544.png 768w, https:\/\/labunie.com.pl\/wp-content\/uploads\/2022\/06\/Bez-tytulu-1.png 1089w\" sizes=\"auto, (max-width: 1024px) 100vw, 1024px\" \/><\/figure>\n","protected":false},"excerpt":{"rendered":"<p>Zapraszamy na II edycj\u0119 Gminnych Warsztat\u00f3w Graffiti, kt\u00f3re odb\u0119d\u0105 si\u0119 22 i 23 czerwca w \u0141abuniach. Z grup\u0105 Stforky zmalujemy na murach postaci z bajek. Zapisy do 15 czerwca!<\/p>\n","protected":false},"author":11,"featured_media":26147,"comment_status":"closed","ping_status":"closed","sticky":false,"template":"","format":"standard","meta":{"footnotes":""},"categories":[1],"tags":[],"class_list":["post-26143","post","type-post","status-publish","format-standard","has-post-thumbnail","hentry","category-wpisy","clearfix"],"_links":{"self":[{"href":"https:\/\/labunie.com.pl\/index.php?rest_route=\/wp\/v2\/posts\/26143","targetHints":{"allow":["GET"]}}],"collection":[{"href":"https:\/\/labunie.com.pl\/index.php?rest_route=\/wp\/v2\/posts"}],"about":[{"href":"https:\/\/labunie.com.pl\/index.php?rest_route=\/wp\/v2\/types\/post"}],"author":[{"embeddable":true,"href":"https:\/\/labunie.com.pl\/index.php?rest_route=\/wp\/v2\/users\/11"}],"replies":[{"embeddable":true,"href":"https:\/\/labunie.com.pl\/index.php?rest_route=%2Fwp%2Fv2%2Fcomments&post=26143"}],"version-history":[{"count":5,"href":"https:\/\/labunie.com.pl\/index.php?rest_route=\/wp\/v2\/posts\/26143\/revisions"}],"predecessor-version":[{"id":36624,"href":"https:\/\/labunie.com.pl\/index.php?rest_route=\/wp\/v2\/posts\/26143\/revisions\/36624"}],"wp:featuredmedia":[{"embeddable":true,"href":"https:\/\/labunie.com.pl\/index.php?rest_route=\/wp\/v2\/media\/26147"}],"wp:attachment":[{"href":"https:\/\/labunie.com.pl\/index.php?rest_route=%2Fwp%2Fv2%2Fmedia&parent=26143"}],"wp:term":[{"taxonomy":"category","embeddable":true,"href":"https:\/\/labunie.com.pl\/index.php?rest_route=%2Fwp%2Fv2%2Fcategories&post=26143"},{"taxonomy":"post_tag","embeddable":true,"href":"https:\/\/labunie.com.pl\/index.php?rest_route=%2Fwp%2Fv2%2Ftags&post=26143"}],"curies":[{"name":"wp","href":"https:\/\/api.w.org\/{rel}","templated":true}]}}