{"id":26268,"date":"2022-06-14T13:42:50","date_gmt":"2022-06-14T11:42:50","guid":{"rendered":"https:\/\/www.labunie.com.pl\/?p=26268"},"modified":"2022-06-14T13:43:20","modified_gmt":"2022-06-14T11:43:20","slug":"otwarty-konkurs-ofert-ne-organizacje-letniego-wypoczynku-dla-dzieci-i-mlodziezy-z-ukrainy","status":"publish","type":"post","link":"https:\/\/labunie.com.pl\/?p=26268","title":{"rendered":"Otwarty konkurs ofert na organizacj\u0119 letniego wypoczynku dla dzieci i m\u0142odzie\u017cy z Ukrainy"},"content":{"rendered":"\n<p><strong>Zarz\u0105d Wojew\u00f3dztwa Lubelskiego na podstawie podj\u0119tej uchwa\u0142y og\u0142osi\u0142 otwarty konkurs ofert na realizacj\u0119 zadania publicznego Wojew\u00f3dztwa Lubelskiego w zakresie dzia\u0142alno\u015bci na rzecz dzieci i m\u0142odzie\u017cy, w tym wypoczynku dzieci i m\u0142odzie\u017cy z terminem realizacji od 8 lipca 2022 r. do 31 sierpnia 2022 r.<\/strong><\/p>\n\n\n\n<div style=\"height:14px\" aria-hidden=\"true\" class=\"wp-block-spacer\"><\/div>\n\n\n\n<p><span id=\"page21R_mcid10\" class=\"markedContent\"><span dir=\"ltr\" role=\"presentation\">Do<\/span> <span dir=\"ltr\" role=\"presentation\">z\u0142o\u017cenia<\/span> <span dir=\"ltr\" role=\"presentation\">oferty<\/span> <span dir=\"ltr\" role=\"presentation\">na<\/span> <span dir=\"ltr\" role=\"presentation\">og\u0142oszony<\/span> <span dir=\"ltr\" role=\"presentation\">konkurs<\/span> <span dir=\"ltr\" role=\"presentation\">uprawnione<\/span> <span dir=\"ltr\" role=\"presentation\">s\u0105<\/span> <span dir=\"ltr\" role=\"presentation\">organizacje<\/span> <span dir=\"ltr\" role=\"presentation\">pozarz\u0105dowe <\/span><span dir=\"ltr\" role=\"presentation\">w<\/span> <span dir=\"ltr\" role=\"presentation\">rozumieniu art. 3 ust. 2 i podmioty wymienione w art. 3 ust. 3 ustawy z dnia 24 kwietnia <\/span><span dir=\"ltr\" role=\"presentation\">2003<\/span> <span dir=\"ltr\" role=\"presentation\">r.<\/span> <span dir=\"ltr\" role=\"presentation\">o dzia\u0142alno\u015bci po\u017cytku publicznego i o<\/span> <span dir=\"ltr\" role=\"presentation\">wolontariacie, prowadz\u0105c<\/span><span dir=\"ltr\" role=\"presentation\">e<\/span> <span dir=\"ltr\" role=\"presentation\">dzia\u0142alno\u015b\u0107 <\/span><span dir=\"ltr\" role=\"presentation\">statutow\u0105 zwi\u0105zan\u0105 z realizacj\u0105 zadania obj\u0119tego konkursem<\/span><span dir=\"ltr\" role=\"presentation\">.<\/span><\/span><\/p>\n<p><strong>Termin sk\u0142adania ofert up\u0142ywa 23 czerwca 2022 r. o godzinie 15:30:00.<\/strong><\/p>\n<p><strong>Szczeg\u00f3\u0142owe informacje: <\/strong><a href=\"https:\/\/promocja.lubelskie.pl\/aktualnosci\/otwarty-konkurs-ofert-na-realizacje-zadania-publicznego-w-zakresie-dzialalnosci-na-rzecz-dzieci-i-mlodziezy-w-tym-wypoczynku-dzieci-i-mlodziezy\/\">https:\/\/promocja.lubelskie.pl\/aktualnosci\/otwarty-konkurs-ofert-na-realizacje-zadania-publicznego-w-zakresie-dzialalnosci-na-rzecz-dzieci-i-mlodziezy-w-tym-wypoczynku-dzieci-i-mlodziezy\/<\/a><\/p>\n","protected":false},"excerpt":{"rendered":"<p>Zarz\u0105d Wojew\u00f3dztwa Lubelskiego na podstawie podj\u0119tej uchwa\u0142y og\u0142osi\u0142 otwarty konkurs ofert na realizacj\u0119 zadania publicznego Wojew\u00f3dztwa Lubelskiego w zakresie dzia\u0142alno\u015bci na rzecz dzieci i m\u0142odzie\u017cy, w tym wypoczynku dzieci i m\u0142odzie\u017cy z terminem realizacji od 8 lipca 2022 r. do 31 sierpnia 2022 r. Do z\u0142o\u017cenia oferty na og\u0142oszony konkurs uprawnione s\u0105 organizacje pozarz\u0105dowe w [&hellip;]<\/p>\n","protected":false},"author":11,"featured_media":26270,"comment_status":"closed","ping_status":"closed","sticky":false,"template":"","format":"standard","meta":{"footnotes":""},"categories":[1],"tags":[],"class_list":["post-26268","post","type-post","status-publish","format-standard","has-post-thumbnail","hentry","category-wpisy","clearfix"],"_links":{"self":[{"href":"https:\/\/labunie.com.pl\/index.php?rest_route=\/wp\/v2\/posts\/26268","targetHints":{"allow":["GET"]}}],"collection":[{"href":"https:\/\/labunie.com.pl\/index.php?rest_route=\/wp\/v2\/posts"}],"about":[{"href":"https:\/\/labunie.com.pl\/index.php?rest_route=\/wp\/v2\/types\/post"}],"author":[{"embeddable":true,"href":"https:\/\/labunie.com.pl\/index.php?rest_route=\/wp\/v2\/users\/11"}],"replies":[{"embeddable":true,"href":"https:\/\/labunie.com.pl\/index.php?rest_route=%2Fwp%2Fv2%2Fcomments&post=26268"}],"version-history":[{"count":2,"href":"https:\/\/labunie.com.pl\/index.php?rest_route=\/wp\/v2\/posts\/26268\/revisions"}],"predecessor-version":[{"id":26271,"href":"https:\/\/labunie.com.pl\/index.php?rest_route=\/wp\/v2\/posts\/26268\/revisions\/26271"}],"wp:featuredmedia":[{"embeddable":true,"href":"https:\/\/labunie.com.pl\/index.php?rest_route=\/wp\/v2\/media\/26270"}],"wp:attachment":[{"href":"https:\/\/labunie.com.pl\/index.php?rest_route=%2Fwp%2Fv2%2Fmedia&parent=26268"}],"wp:term":[{"taxonomy":"category","embeddable":true,"href":"https:\/\/labunie.com.pl\/index.php?rest_route=%2Fwp%2Fv2%2Fcategories&post=26268"},{"taxonomy":"post_tag","embeddable":true,"href":"https:\/\/labunie.com.pl\/index.php?rest_route=%2Fwp%2Fv2%2Ftags&post=26268"}],"curies":[{"name":"wp","href":"https:\/\/api.w.org\/{rel}","templated":true}]}}