{"id":26700,"date":"2022-07-22T07:00:00","date_gmt":"2022-07-22T05:00:00","guid":{"rendered":"https:\/\/www.labunie.com.pl\/?p=26700"},"modified":"2022-07-22T08:09:28","modified_gmt":"2022-07-22T06:09:28","slug":"szlakami-marzen","status":"publish","type":"post","link":"https:\/\/labunie.com.pl\/?p=26700","title":{"rendered":"Szlakami marze\u0144&#8230;"},"content":{"rendered":"\n<p><strong>Ksi\u0105\u017cnica Zamojska zaprasza 29 lipca 2022 r. o godz. 17:00 na Rynek Wodny w Zamo\u015bciu. Podczas spotkania literacko-muzycznego &#8220;Szlakami marze\u0144\u2026&#8221; kt\u00f3re promuj\u0105 patron\u00f3w roku 2022 m. in. Ignacego \u0141ukasiewicza sw\u00f3j talent wokalny <strong>zaprezentuje<\/strong><\/strong> <strong>mieszkanka naszej gminy Kamila Wr\u00f3blewska. <\/strong><\/p>\n\n\n\n<p><strong>Serdecznie zapraszamy na spotkanie.<\/strong> <\/p>\n\n\n\n<!--more-->\n\n\n\n<div style=\"height:40px\" aria-hidden=\"true\" class=\"wp-block-spacer\"><\/div>\n\n\n\n<figure class=\"wp-block-image size-full\"><img loading=\"lazy\" decoding=\"async\" width=\"1050\" height=\"1500\" src=\"https:\/\/www.labunie.com.pl\/wp-content\/uploads\/2022\/07\/LCKiP-plakat-05-lipiec-29.jpg\" alt=\"\" class=\"wp-image-26701\" srcset=\"https:\/\/labunie.com.pl\/wp-content\/uploads\/2022\/07\/LCKiP-plakat-05-lipiec-29.jpg 1050w, https:\/\/labunie.com.pl\/wp-content\/uploads\/2022\/07\/LCKiP-plakat-05-lipiec-29-210x300.jpg 210w, https:\/\/labunie.com.pl\/wp-content\/uploads\/2022\/07\/LCKiP-plakat-05-lipiec-29-717x1024.jpg 717w, https:\/\/labunie.com.pl\/wp-content\/uploads\/2022\/07\/LCKiP-plakat-05-lipiec-29-768x1097.jpg 768w\" sizes=\"auto, (max-width: 1050px) 100vw, 1050px\" \/><\/figure>\n","protected":false},"excerpt":{"rendered":"<p>Ksi\u0105\u017cnica Zamojska zaprasza 29 lipca 2022 r. o godz. 17:00 na Rynek Wodny w Zamo\u015bciu. Podczas spotkania literacko-muzycznego &#8220;Szlakami marze\u0144\u2026&#8221; kt\u00f3re promuj\u0105 patron\u00f3w roku 2022 m. in. Ignacego \u0141ukasiewicza sw\u00f3j talent wokalny zaprezentuje mieszkanka naszej gminy Kamila Wr\u00f3blewska. Serdecznie zapraszamy na spotkanie.<\/p>\n","protected":false},"author":7,"featured_media":26702,"comment_status":"closed","ping_status":"closed","sticky":false,"template":"","format":"standard","meta":{"footnotes":""},"categories":[1],"tags":[],"class_list":["post-26700","post","type-post","status-publish","format-standard","has-post-thumbnail","hentry","category-wpisy","clearfix"],"_links":{"self":[{"href":"https:\/\/labunie.com.pl\/index.php?rest_route=\/wp\/v2\/posts\/26700","targetHints":{"allow":["GET"]}}],"collection":[{"href":"https:\/\/labunie.com.pl\/index.php?rest_route=\/wp\/v2\/posts"}],"about":[{"href":"https:\/\/labunie.com.pl\/index.php?rest_route=\/wp\/v2\/types\/post"}],"author":[{"embeddable":true,"href":"https:\/\/labunie.com.pl\/index.php?rest_route=\/wp\/v2\/users\/7"}],"replies":[{"embeddable":true,"href":"https:\/\/labunie.com.pl\/index.php?rest_route=%2Fwp%2Fv2%2Fcomments&post=26700"}],"version-history":[{"count":1,"href":"https:\/\/labunie.com.pl\/index.php?rest_route=\/wp\/v2\/posts\/26700\/revisions"}],"predecessor-version":[{"id":26703,"href":"https:\/\/labunie.com.pl\/index.php?rest_route=\/wp\/v2\/posts\/26700\/revisions\/26703"}],"wp:featuredmedia":[{"embeddable":true,"href":"https:\/\/labunie.com.pl\/index.php?rest_route=\/wp\/v2\/media\/26702"}],"wp:attachment":[{"href":"https:\/\/labunie.com.pl\/index.php?rest_route=%2Fwp%2Fv2%2Fmedia&parent=26700"}],"wp:term":[{"taxonomy":"category","embeddable":true,"href":"https:\/\/labunie.com.pl\/index.php?rest_route=%2Fwp%2Fv2%2Fcategories&post=26700"},{"taxonomy":"post_tag","embeddable":true,"href":"https:\/\/labunie.com.pl\/index.php?rest_route=%2Fwp%2Fv2%2Ftags&post=26700"}],"curies":[{"name":"wp","href":"https:\/\/api.w.org\/{rel}","templated":true}]}}