{"id":26727,"date":"2022-07-12T12:04:59","date_gmt":"2022-07-12T10:04:59","guid":{"rendered":"https:\/\/www.labunie.com.pl\/?p=26727"},"modified":"2022-07-12T13:45:29","modified_gmt":"2022-07-12T11:45:29","slug":"zaproszenie-na-uroczystosci-odpustowe-do-nabroza-i-diecezjalna-pielgrzymke-soltysow","status":"publish","type":"post","link":"https:\/\/labunie.com.pl\/?p=26727","title":{"rendered":"Zaproszenie do Nabr\u00f3\u017ca"},"content":{"rendered":"\n<p><strong>Proboszcz Parafii p. w. Wniebowzi\u0119cia NMP w Nabro\u017cu, ks. Jerzy Tru\u015b zaprasza diecezjan, kap\u0142an\u00f3w, w\u0142adze samorz\u0105dowe, a szczeg\u00f3lnie so\u0142tys\u00f3w oraz wszystkich czcicieli Matki Bo\u017cej na uroczysto\u015bci odpustowe ku czci Matki Bo\u017cej Szkaplerznej w 20. rocznic\u0119 koronacji cudownego obrazu Pani Nabroskiej i Diecezjaln\u0105 Pielgrzymk\u0119 So\u0142tys\u00f3w, w sobot\u0119 16 lipca 2022 r.<\/strong><\/p>\n\n\n\n<!--more-->\n\n\n\n<div style=\"height:40px\" aria-hidden=\"true\" class=\"wp-block-spacer\"><\/div>\n\n\n\n<p>Sumie odpustowej o godz. 12.00, b\u0119dzie przewodniczy\u0142 Jego Ekscelencja Ks. Bp dr Marian Rojek &#8211; Biskup Zamojsko-Lubaczowski.<\/p>\n\n\n\n<div style=\"height:40px\" aria-hidden=\"true\" class=\"wp-block-spacer\"><\/div>\n\n\n\n<p>W czasie Mszy \u015bwi\u0119tej b\u0119dzie mo\u017cliwo\u015b\u0107 przyj\u0119cia szkaplerza.<\/p>\n\n\n\n<div style=\"height:40px\" aria-hidden=\"true\" class=\"wp-block-spacer\"><\/div>\n\n\n\n<div class=\"wp-block-image\"><figure class=\"aligncenter size-full\"><img loading=\"lazy\" decoding=\"async\" width=\"1587\" height=\"2245\" src=\"https:\/\/www.labunie.com.pl\/wp-content\/uploads\/2022\/07\/lipiec.jpg\" alt=\"\" class=\"wp-image-26728\" srcset=\"https:\/\/labunie.com.pl\/wp-content\/uploads\/2022\/07\/lipiec.jpg 1587w, https:\/\/labunie.com.pl\/wp-content\/uploads\/2022\/07\/lipiec-212x300.jpg 212w, https:\/\/labunie.com.pl\/wp-content\/uploads\/2022\/07\/lipiec-724x1024.jpg 724w, https:\/\/labunie.com.pl\/wp-content\/uploads\/2022\/07\/lipiec-768x1086.jpg 768w, https:\/\/labunie.com.pl\/wp-content\/uploads\/2022\/07\/lipiec-1086x1536.jpg 1086w, https:\/\/labunie.com.pl\/wp-content\/uploads\/2022\/07\/lipiec-1448x2048.jpg 1448w\" sizes=\"auto, (max-width: 1587px) 100vw, 1587px\" \/><\/figure><\/div>\n","protected":false},"excerpt":{"rendered":"<p>Proboszcz Parafii p. w. Wniebowzi\u0119cia NMP w Nabro\u017cu, ks. Jerzy Tru\u015b zaprasza diecezjan, kap\u0142an\u00f3w, w\u0142adze samorz\u0105dowe, a szczeg\u00f3lnie so\u0142tys\u00f3w oraz wszystkich czcicieli Matki Bo\u017cej na uroczysto\u015bci odpustowe ku czci Matki Bo\u017cej Szkaplerznej w 20. rocznic\u0119 koronacji cudownego obrazu Pani Nabroskiej i Diecezjaln\u0105 Pielgrzymk\u0119 So\u0142tys\u00f3w, w sobot\u0119 16 lipca 2022 r.<\/p>\n","protected":false},"author":7,"featured_media":26729,"comment_status":"closed","ping_status":"closed","sticky":false,"template":"","format":"standard","meta":{"footnotes":""},"categories":[1],"tags":[],"class_list":["post-26727","post","type-post","status-publish","format-standard","has-post-thumbnail","hentry","category-wpisy","clearfix"],"_links":{"self":[{"href":"https:\/\/labunie.com.pl\/index.php?rest_route=\/wp\/v2\/posts\/26727","targetHints":{"allow":["GET"]}}],"collection":[{"href":"https:\/\/labunie.com.pl\/index.php?rest_route=\/wp\/v2\/posts"}],"about":[{"href":"https:\/\/labunie.com.pl\/index.php?rest_route=\/wp\/v2\/types\/post"}],"author":[{"embeddable":true,"href":"https:\/\/labunie.com.pl\/index.php?rest_route=\/wp\/v2\/users\/7"}],"replies":[{"embeddable":true,"href":"https:\/\/labunie.com.pl\/index.php?rest_route=%2Fwp%2Fv2%2Fcomments&post=26727"}],"version-history":[{"count":4,"href":"https:\/\/labunie.com.pl\/index.php?rest_route=\/wp\/v2\/posts\/26727\/revisions"}],"predecessor-version":[{"id":26736,"href":"https:\/\/labunie.com.pl\/index.php?rest_route=\/wp\/v2\/posts\/26727\/revisions\/26736"}],"wp:featuredmedia":[{"embeddable":true,"href":"https:\/\/labunie.com.pl\/index.php?rest_route=\/wp\/v2\/media\/26729"}],"wp:attachment":[{"href":"https:\/\/labunie.com.pl\/index.php?rest_route=%2Fwp%2Fv2%2Fmedia&parent=26727"}],"wp:term":[{"taxonomy":"category","embeddable":true,"href":"https:\/\/labunie.com.pl\/index.php?rest_route=%2Fwp%2Fv2%2Fcategories&post=26727"},{"taxonomy":"post_tag","embeddable":true,"href":"https:\/\/labunie.com.pl\/index.php?rest_route=%2Fwp%2Fv2%2Ftags&post=26727"}],"curies":[{"name":"wp","href":"https:\/\/api.w.org\/{rel}","templated":true}]}}