{"id":2771,"date":"2016-01-29T10:52:41","date_gmt":"2016-01-29T09:52:41","guid":{"rendered":"https:\/\/www.labunie.com.pl\/?p=2771"},"modified":"2016-01-29T10:54:55","modified_gmt":"2016-01-29T09:54:55","slug":"narodowe-czytanie-2016-glosowanie","status":"publish","type":"post","link":"https:\/\/labunie.com.pl\/?p=2771","title":{"rendered":"Narodowe Czytanie 2016 &#8211; g\u0142osowanie"},"content":{"rendered":"<p><strong>3 wrze\u015bnia 2016 roku po raz kolejny spotkamy si\u0119, aby podczas Narodowego Czytania wsp\u00f3lnie przeczyta\u0107 jeden z wielkich polskich utwor\u00f3w literackich. Prezydent Rzeczypospolitej Andrzej Duda chcia\u0142by, aby to wyj\u0105tkowe spotkanie odby\u0142o si\u0119 przy autorze dzie\u0142a wybranego przez samych Polak\u00f3w.<\/strong><\/p>\n<p><!--more--><br \/>\n&nbsp;<br \/>\nZach\u0119camy do zapoznania si\u0119 z przes\u0142aniem Prezydenta Andrzeja Dudy, <a href=\"http:\/\/mail.send-email-campaign.eu\/c\/0v3upqds8s\/qmihw9dl2p\/\" target=\"_blank\">dost\u0119pnym na oficjalnej stronie Prezydenta RP<\/a>, w kt\u00f3rym zaprosi\u0142 wszystkich do wzi\u0119cia udzia\u0142u w wyborze ksi\u0105\u017cki na Narodowe Czytanie 2016. W wyniku konsultacji z wydzia\u0142ami filologicznymi polskich uczelni oraz Rad\u0105 J\u0119zyka Polskiego wybranych zosta\u0142o pi\u0119\u0107 dzie\u0142, spo\u015br\u00f3d kt\u00f3rych wy\u0142onione zostanie jedno, kt\u00f3re wsp\u00f3lnie przeczytamy w pierwsz\u0105 sobot\u0119 wrze\u015bnia.<br \/>\n&nbsp;<br \/>\nZapraszam Pa\u0144stwa serdecznie do udzia\u0142u w g\u0142osowaniu. Aby odda\u0107 g\u0142os nale\u017cy dokona\u0107 wyboru jednego z podanych poni\u017cej tytu\u0142\u00f3w i <strong>umie\u015bci\u0107 go w temacie e-maila<\/strong>, kt\u00f3ry prosz\u0119 odes\u0142a\u0107 na adres: <a class=\"moz-txt-link-abbreviated\" href=\"mailto:narodowe.czytanie2016@prezydent.pl\">narodowe.czytanie2016@prezydent.pl<\/a> . Aby g\u0142os by\u0142 wa\u017cny w temacie e-mail powinien znale\u017a\u0107 si\u0119 <strong>jedynie tytu\u0142<\/strong> (bez cudzys\u0142owu i bez autora dzie\u0142a). Oddawa\u0107 g\u0142os na wybrany tytu\u0142 mo\u017cna <strong>do 11 lutego br.<\/strong> Wynik g\u0142osowania zostanie og\u0142oszony po 22 lutego 2016.<br \/>\n&nbsp;<br \/>\n<span style=\"text-decoration: underline;\">Tytu\u0142y dzie\u0142:<\/span><\/p>\n<ul>\n<li><strong>Ch\u0142opi<\/strong> \u2013 W\u0142adys\u0142aw Reymont<\/li>\n<li><strong>Noce i dnie<\/strong> \u2013 Maria D\u0105browska<\/li>\n<li><strong>Wesele<\/strong> \u2013 Stanis\u0142aw Wyspia\u0144ski<\/li>\n<li><strong>Popio\u0142y<\/strong> \u2013 Stefan \u017beromski<\/li>\n<li><strong>Quo vadis<\/strong> \u2013 Henryk Sienkiewicz<\/li>\n<\/ul>\n","protected":false},"excerpt":{"rendered":"<p>3 wrze\u015bnia 2016 roku po raz kolejny spotkamy si\u0119, aby podczas Narodowego Czytania wsp\u00f3lnie przeczyta\u0107 jeden z wielkich polskich utwor\u00f3w literackich. Prezydent Rzeczypospolitej Andrzej Duda chcia\u0142by, aby to wyj\u0105tkowe spotkanie odby\u0142o si\u0119 przy autorze dzie\u0142a wybranego przez samych Polak\u00f3w.<\/p>\n","protected":false},"author":7,"featured_media":2772,"comment_status":"closed","ping_status":"closed","sticky":false,"template":"","format":"standard","meta":{"footnotes":""},"categories":[1],"tags":[],"class_list":["post-2771","post","type-post","status-publish","format-standard","has-post-thumbnail","hentry","category-wpisy","clearfix"],"_links":{"self":[{"href":"https:\/\/labunie.com.pl\/index.php?rest_route=\/wp\/v2\/posts\/2771","targetHints":{"allow":["GET"]}}],"collection":[{"href":"https:\/\/labunie.com.pl\/index.php?rest_route=\/wp\/v2\/posts"}],"about":[{"href":"https:\/\/labunie.com.pl\/index.php?rest_route=\/wp\/v2\/types\/post"}],"author":[{"embeddable":true,"href":"https:\/\/labunie.com.pl\/index.php?rest_route=\/wp\/v2\/users\/7"}],"replies":[{"embeddable":true,"href":"https:\/\/labunie.com.pl\/index.php?rest_route=%2Fwp%2Fv2%2Fcomments&post=2771"}],"version-history":[{"count":5,"href":"https:\/\/labunie.com.pl\/index.php?rest_route=\/wp\/v2\/posts\/2771\/revisions"}],"predecessor-version":[{"id":2777,"href":"https:\/\/labunie.com.pl\/index.php?rest_route=\/wp\/v2\/posts\/2771\/revisions\/2777"}],"wp:featuredmedia":[{"embeddable":true,"href":"https:\/\/labunie.com.pl\/index.php?rest_route=\/wp\/v2\/media\/2772"}],"wp:attachment":[{"href":"https:\/\/labunie.com.pl\/index.php?rest_route=%2Fwp%2Fv2%2Fmedia&parent=2771"}],"wp:term":[{"taxonomy":"category","embeddable":true,"href":"https:\/\/labunie.com.pl\/index.php?rest_route=%2Fwp%2Fv2%2Fcategories&post=2771"},{"taxonomy":"post_tag","embeddable":true,"href":"https:\/\/labunie.com.pl\/index.php?rest_route=%2Fwp%2Fv2%2Ftags&post=2771"}],"curies":[{"name":"wp","href":"https:\/\/api.w.org\/{rel}","templated":true}]}}