{"id":3282,"date":"2016-04-15T12:46:19","date_gmt":"2016-04-15T10:46:19","guid":{"rendered":"https:\/\/www.labunie.com.pl\/?p=3282"},"modified":"2016-04-15T13:47:06","modified_gmt":"2016-04-15T11:47:06","slug":"nie-ma-tyle-ziemi-by-pogrzebac-pamiec","status":"publish","type":"post","link":"https:\/\/labunie.com.pl\/?p=3282","title":{"rendered":"Nie ma tyle ziemi, by pogrzeba\u0107 pami\u0119\u0107!"},"content":{"rendered":"<p><strong>13 kwietnia odby\u0142y si\u0119 w naszej gminie uroczyste obchody Dnia Pami\u0119ci Ofiar Zbrodni Katy\u0144skiej. W ramach projektu patriotyczno-edukacyjnego \u201eKaty\u0144\u2026 ocali\u0107 od zapomnienia\u201d obj\u0119tego Honorowym Patronatem Prezydenta Rzeczypospolitej Polskiej \u202aAndrzeja Dudy posadzone zosta\u0142y D\u0119by Pami\u0119ci: Wincentemu Rozkresowi ur. w W\u00f3lce \u0141abu\u0144skiej, zamordowanemu w Twerze, Tadeuszowi Cury\u0142\u0142o pracownikowi Urz\u0119du Gminnego w \u0141abuniach, straconemu na Koziej G\u00f3rze pod Smole\u0144skiem i W\u0142odzimierzowi \u0141uniowi urodzonemu w \u0141abuniach, straconemu w Kuropatach. D\u0105b Pami\u0119ci uczci\u0142 tak\u017ce Antoniego Turczyna zamordowanego przez NKWD w 1945 roku w Riazaniu.<\/strong><\/p>\n<p><!--more--><br \/>\nHonorowy Patronat nad gminnymi uroczysto\u015bciami sprawowali S\u0142awomir Zawi\u015blak, Pose\u0142 na Sejm RP oraz Antoni Wojciech Turczyn W\u00f3jt Gminy \u0141abunie i Piotr Rawlik Proboszcz Parafii \u0141abunie. W uroczysto\u015bciach uczestniczyli pani Katarzyna Biszkont reprezentuj\u0105ca Pos\u0142a ma Sejm Jaros\u0142awa Sachajko, Zamojska Rodzina Katy\u0144ska i poczty sztandarowe: Gminy \u0141abunie, Komendy Miejskiej Policji w Zamo\u015bciu, Polskiego Zwi\u0105zku By\u0142ych Wi\u0119\u017ani\u00f3w Politycznych Hitlerowskich Wi\u0119zie\u0144 i Oboz\u00f3w Koncentracyjnych, OSP \u0141abunie, OSP W\u00f3lka \u0141abu\u0144ska i szk\u00f3\u0142 gminnych. Swoj\u0105 obecno\u015bci\u0105 uroczysto\u015b\u0107 zaszczycili tak\u017ce cz\u0142onkowie Rodzin: pani Alicja Miller \u2013 c\u00f3rka W\u0142odzimierza \u0141unia, pani Anna Komorowska-Galperyn z m\u0119\u017cem, pan Tadeusz Bobi\u0144ski, pani Monika W\u00f3jcik \u2013 rodzina Tadeusza Cury\u0142\u0142o, Wincenty Rozkres z wnuczk\u0105 Patrycj\u0105 Burdzy \u2013 rodzina Wincentego Rozkresa.<br \/>\n&nbsp;<br \/>\nCz\u0119\u015b\u0107 artystyczn\u0105 przygotowa\u0142a m\u0142odzie\u017c z Gimnazjum w \u0141abuniach pod opiek\u0105 pani Doroty So\u0142oduchy i pani Barbary Banaszkiewicz. Obchody rozpocz\u0119\u0142y si\u0119 Msz\u0105 \u015bw. o godzinie 10.00 w ko\u015bciele w \u0141abuniach koncelebrowan\u0105 przez ks. Piotra Rawlika i ks. prof. Czes\u0142awa Galka.<br \/>\n&nbsp;<br \/>\n[lg_folder folder=&#8221;20160413\/&#8221; count=&#8221;39&#8243; paging=&#8221;false&#8221;]<br \/>\n<img loading=\"lazy\" decoding=\"async\" class=\"aligncenter size-full wp-image-2314\" src=\"https:\/\/www.labunie.com.pl\/wp-content\/uploads\/2015\/11\/pasek630s.png\" alt=\"pasek630s\" width=\"630\" height=\"15\" srcset=\"https:\/\/labunie.com.pl\/wp-content\/uploads\/2015\/11\/pasek630s.png 630w, https:\/\/labunie.com.pl\/wp-content\/uploads\/2015\/11\/pasek630s-300x7.png 300w\" sizes=\"auto, (max-width: 630px) 100vw, 630px\" \/><\/p>\n<table style=\"background-color: #000000;\">\n<tbody>\n<tr>\n<td><\/td>\n<td><\/td>\n<td><\/td>\n<td><\/td>\n<td><span style=\"color: #ffffff;\"><em>Starszy posterunkowy Policji Pa\u0144stwowej (po\u015bmiertnie awansowany na aspiranta) <strong>Wincenty ROZKRES<\/strong>, syn Wincentego i Julianny z Walas\u00f3w, ur. 18 lutego 1898 w W\u00f3lce \u0141abu\u0144skiej. 3 V 1935 uko\u0144czy\u0142 Normaln\u0105 Szko\u0142\u0119 Fachow\u0105 w Sosnowcu. Co najmniej od 1936 s\u0142u\u017cb\u0119 pe\u0142ni\u0142 w policji woj. wo\u0142y\u0144skiego, we wrze\u015bniu 1939 na Posterunku w Zabramiu powiat Dubie\u0144ski. Jeniec Ostaszkowa, rozstrzelany 1940 r. w Kalininie- obecnie Twer, pochowany w Miednoje.<\/em><\/span><\/td>\n<td><\/td>\n<td><\/td>\n<td><\/td>\n<td><\/td>\n<\/tr>\n<\/tbody>\n<\/table>\n<p>&nbsp;<\/p>\n<table style=\"background-color: #000000;\">\n<tbody>\n<tr>\n<td><\/td>\n<td><\/td>\n<td><\/td>\n<td><\/td>\n<td><span style=\"color: #ffffff;\"><em>Posterunkowy Policji Pa\u0144stwowej <strong>W\u0142odzimierz \u0141U\u0143<\/strong>, syn Szymona i Marii z Gajewskich, ur. 15.12.1908 r. w \u0141abuniach, powiat Zamo\u015b\u0107. Skierowany w 1936 roku do Rakowa, w dawnym wojew\u00f3dztwie wile\u0144skim. Absolwent Normalnej Szko\u0142y Fachowej dla Szeregowych Policji Pa\u0144stwowej w Mostach Wielkich. Aresztowany w listopadzie 1939 r., wi\u0119zienie Mo\u0142odeczno, wi\u0119zienie Wilno, wywieziony z Czerwienia 9 maja 1940 r. przez 226. pu\u0142k, do Mi\u0144ska trafi\u0142 9 maja 1940 r. Stracony w 1940 r. w Kuropatach.<\/em><\/span><\/td>\n<td><\/td>\n<td><\/td>\n<td><\/td>\n<td><\/td>\n<\/tr>\n<\/tbody>\n<\/table>\n<p>&nbsp;<\/p>\n<table style=\"background-color: #000000;\">\n<tbody>\n<tr>\n<td><\/td>\n<td><\/td>\n<td><\/td>\n<td><\/td>\n<td><span style=\"color: #ffffff;\"><em>Porucznik\u00a0<strong>Tadeusz CURY\u0141\u0141O,<\/strong> syn Marcina i J\u00f3zefy z Siwc\u00f3w, urodzony ur. 16 VII 1914 w J\u00f3zefowie na Lubelszczy\u017anie. Wg danych WRK 5 X 1914 roku w \u015awi\u0119talce k\/ Kra\u015bnika. Absolwent szko\u0142y handlowej w Jaros\u0142awiu (1933) i Szko\u0142y Podchor\u0105\u017cych Rezerwy Piechoty w 9 Pu\u0142ku Piechoty Legion\u00f3w w Tomaszowie Lubelskim. Podporucznik mianowany 11 XI 1938. Pracowa\u0142 w Urz\u0119dzie Gminnym w\u00a0\u0141abuniach (co najmniej w 1934 roku). By\u0142 zast\u0119pc\u0105 komendanta powiatowego przysposobienia wojskowego w Zamo\u015bciu. W 1939 dow\u00f3dca plutonu w 9 Pu\u0142ku Piechoty Legion\u00f3w, Stracony w 1940 r. w lesie \u015bmierci na Kozielskiej G\u00f3rze pod Smole\u0144skiem, pochowany w Katyniu.<\/em><\/span><\/td>\n<td><\/td>\n<td><\/td>\n<td><\/td>\n<td><\/td>\n<\/tr>\n<\/tbody>\n<\/table>\n<p>&nbsp;<\/p>\n<table style=\"background-color: #000000;\">\n<tbody>\n<tr>\n<td><\/td>\n<td><\/td>\n<td><\/td>\n<td><\/td>\n<td><span style=\"color: #ffffff;\"><em><strong>Antoni TURCZYN<\/strong>, s. Adama i Agaty z Bigos\u00f3w, ur. 9 kwietnia 1899 r. w Wierzbiu. Absolwent Seminarium Nauczycielskiego w\u00a0Szczebrzeszynie. Obro\u0144ca Lwowa w 1918 r., uczestnik wojny z bolszewikami 1920. Zwi\u0105zany z\u00a0Bi\u0142gorajem, wydawca gazety \u201eZiemia Bi\u0142gorajska\u201d, badacz folkloru (m.in. Wierzbia i Ruszowa) oraz Roztocza.Aresztowany przez NKWD, zamordowany 26 marca 1945 roku w Riazaniu.<\/em><\/span><\/td>\n<td><\/td>\n<td><\/td>\n<td><\/td>\n<td><\/td>\n<\/tr>\n<\/tbody>\n<\/table>\n<p>&nbsp;<\/p>\n<div id='pe-gallery-1' class='pe-gallery pe-gallery-3282 columns-3 img-size-medium'><div class='pe-row'><div class='col-md-4'><figure tabindex='0' class='pe-gallery-item ' ><div class='pe-gallery-image portrait'>\n\t\t\t\t\t\t\t<a href=\"https:\/\/labunie.com.pl\/wp-content\/uploads\/2016\/04\/dab_tc.jpg\" data-rel=\"lightbox-gallery-ln2wDIav\" data-rl_title=\"\" data-rl_caption=\"\" title=\"\"><img loading=\"lazy\" decoding=\"async\" width=\"213\" height=\"300\" src=\"https:\/\/labunie.com.pl\/wp-content\/uploads\/2016\/04\/dab_tc-213x300.jpg\" class=\"attachment-medium size-medium\" alt=\"dab tc\" data-no-retina=\"\" aria-describedby=\"gallery-1-3288\" srcset=\"https:\/\/labunie.com.pl\/wp-content\/uploads\/2016\/04\/dab_tc-213x300.jpg 213w, https:\/\/labunie.com.pl\/wp-content\/uploads\/2016\/04\/dab_tc-768x1083.jpg 768w, https:\/\/labunie.com.pl\/wp-content\/uploads\/2016\/04\/dab_tc-726x1024.jpg 726w, https:\/\/labunie.com.pl\/wp-content\/uploads\/2016\/04\/dab_tc.jpg 1000w\" sizes=\"auto, (max-width: 213px) 100vw, 213px\" \/><\/a>\n\t\t\t\t\t\t<\/div><figcaption class='wp-caption-text pe-gallery-caption'>\n\t\t\t\t\t\t\t\tdab tc\n\t\t\t\t\t\t\t<\/figcaption><\/figure><\/div><div class='col-md-4'><figure tabindex='0' class='pe-gallery-item ' ><div class='pe-gallery-image portrait'>\n\t\t\t\t\t\t\t<a href=\"https:\/\/labunie.com.pl\/wp-content\/uploads\/2016\/04\/dab_wl.jpg\" data-rel=\"lightbox-gallery-ln2wDIav\" data-rl_title=\"\" data-rl_caption=\"\" title=\"\"><img loading=\"lazy\" decoding=\"async\" width=\"213\" height=\"300\" src=\"https:\/\/labunie.com.pl\/wp-content\/uploads\/2016\/04\/dab_wl-213x300.jpg\" class=\"attachment-medium size-medium\" alt=\"dab wl\" data-no-retina=\"\" aria-describedby=\"gallery-1-3289\" srcset=\"https:\/\/labunie.com.pl\/wp-content\/uploads\/2016\/04\/dab_wl-213x300.jpg 213w, https:\/\/labunie.com.pl\/wp-content\/uploads\/2016\/04\/dab_wl-768x1083.jpg 768w, https:\/\/labunie.com.pl\/wp-content\/uploads\/2016\/04\/dab_wl-726x1024.jpg 726w, https:\/\/labunie.com.pl\/wp-content\/uploads\/2016\/04\/dab_wl.jpg 1000w\" sizes=\"auto, (max-width: 213px) 100vw, 213px\" \/><\/a>\n\t\t\t\t\t\t<\/div><figcaption class='wp-caption-text pe-gallery-caption'>\n\t\t\t\t\t\t\t\tdab wl\n\t\t\t\t\t\t\t<\/figcaption><\/figure><\/div><div class='col-md-4'><figure tabindex='0' class='pe-gallery-item ' ><div class='pe-gallery-image portrait'>\n\t\t\t\t\t\t\t<a href=\"https:\/\/labunie.com.pl\/wp-content\/uploads\/2016\/04\/dab_wr.png\" data-rel=\"lightbox-gallery-ln2wDIav\" data-rl_title=\"\" data-rl_caption=\"\" title=\"\"><img loading=\"lazy\" decoding=\"async\" width=\"213\" height=\"300\" src=\"https:\/\/labunie.com.pl\/wp-content\/uploads\/2016\/04\/dab_wr-213x300.png\" class=\"attachment-medium size-medium\" alt=\"dab wr\" data-no-retina=\"\" aria-describedby=\"gallery-1-3290\" srcset=\"https:\/\/labunie.com.pl\/wp-content\/uploads\/2016\/04\/dab_wr-213x300.png 213w, https:\/\/labunie.com.pl\/wp-content\/uploads\/2016\/04\/dab_wr-768x1083.png 768w, https:\/\/labunie.com.pl\/wp-content\/uploads\/2016\/04\/dab_wr-726x1024.png 726w, https:\/\/labunie.com.pl\/wp-content\/uploads\/2016\/04\/dab_wr.png 1000w\" sizes=\"auto, (max-width: 213px) 100vw, 213px\" \/><\/a>\n\t\t\t\t\t\t<\/div><figcaption class='wp-caption-text pe-gallery-caption'>\n\t\t\t\t\t\t\t\tdab wr\n\t\t\t\t\t\t\t<\/figcaption><\/figure><\/div><\/div><\/div>\n\n","protected":false},"excerpt":{"rendered":"<p>13 kwietnia odby\u0142y si\u0119 w naszej gminie uroczyste obchody Dnia Pami\u0119ci Ofiar Zbrodni Katy\u0144skiej. W ramach projektu patriotyczno-edukacyjnego \u201eKaty\u0144\u2026 ocali\u0107 od zapomnienia\u201d obj\u0119tego Honorowym Patronatem Prezydenta Rzeczypospolitej Polskiej \u202aAndrzeja Dudy posadzone zosta\u0142y D\u0119by Pami\u0119ci: Wincentemu Rozkresowi ur. w W\u00f3lce \u0141abu\u0144skiej, zamordowanemu w Twerze, Tadeuszowi Cury\u0142\u0142o pracownikowi Urz\u0119du Gminnego w \u0141abuniach, straconemu na Koziej G\u00f3rze pod [&hellip;]<\/p>\n","protected":false},"author":7,"featured_media":3291,"comment_status":"closed","ping_status":"closed","sticky":false,"template":"","format":"standard","meta":{"footnotes":""},"categories":[1],"tags":[],"class_list":["post-3282","post","type-post","status-publish","format-standard","has-post-thumbnail","hentry","category-wpisy","clearfix"],"_links":{"self":[{"href":"https:\/\/labunie.com.pl\/index.php?rest_route=\/wp\/v2\/posts\/3282","targetHints":{"allow":["GET"]}}],"collection":[{"href":"https:\/\/labunie.com.pl\/index.php?rest_route=\/wp\/v2\/posts"}],"about":[{"href":"https:\/\/labunie.com.pl\/index.php?rest_route=\/wp\/v2\/types\/post"}],"author":[{"embeddable":true,"href":"https:\/\/labunie.com.pl\/index.php?rest_route=\/wp\/v2\/users\/7"}],"replies":[{"embeddable":true,"href":"https:\/\/labunie.com.pl\/index.php?rest_route=%2Fwp%2Fv2%2Fcomments&post=3282"}],"version-history":[{"count":5,"href":"https:\/\/labunie.com.pl\/index.php?rest_route=\/wp\/v2\/posts\/3282\/revisions"}],"predecessor-version":[{"id":3294,"href":"https:\/\/labunie.com.pl\/index.php?rest_route=\/wp\/v2\/posts\/3282\/revisions\/3294"}],"wp:featuredmedia":[{"embeddable":true,"href":"https:\/\/labunie.com.pl\/index.php?rest_route=\/wp\/v2\/media\/3291"}],"wp:attachment":[{"href":"https:\/\/labunie.com.pl\/index.php?rest_route=%2Fwp%2Fv2%2Fmedia&parent=3282"}],"wp:term":[{"taxonomy":"category","embeddable":true,"href":"https:\/\/labunie.com.pl\/index.php?rest_route=%2Fwp%2Fv2%2Fcategories&post=3282"},{"taxonomy":"post_tag","embeddable":true,"href":"https:\/\/labunie.com.pl\/index.php?rest_route=%2Fwp%2Fv2%2Ftags&post=3282"}],"curies":[{"name":"wp","href":"https:\/\/api.w.org\/{rel}","templated":true}]}}