{"id":33808,"date":"2023-11-10T07:58:00","date_gmt":"2023-11-10T06:58:00","guid":{"rendered":"https:\/\/www.labunie.com.pl\/?p=33808"},"modified":"2023-11-13T07:34:26","modified_gmt":"2023-11-13T06:34:26","slug":"gmina-labunie-dla-niepodleglej-6","status":"publish","type":"post","link":"https:\/\/labunie.com.pl\/?p=33808","title":{"rendered":"Gmina \u0141abunie dla Niepodleg\u0142ej"},"content":{"rendered":"\n<p><strong>W\u00f3jt Gminy \u0141abunie &#8211; Mariusz Kukie\u0142ka zaprasza mieszka\u0144c\u00f3w gminy \u0141abunie do w\u0142\u0105czenia si\u0119 do obchod\u00f3w 105. rocznicy odzyskania przez Polsk\u0119 Niepodleg\u0142o\u015bci.<\/strong><\/p>\n\n\n\n<div style=\"height:31px\" aria-hidden=\"true\" class=\"wp-block-spacer\"><\/div>\n\n\n\n<!--more-->\n\n\n\n<p>Dwudniowe uroczysto\u015bci odb\u0119d\u0105 si\u0119 w dniach 11-12 listopada. Szczeg\u00f3\u0142y na plakacie.<\/p>\n\n\n\n<div style=\"height:23px\" aria-hidden=\"true\" class=\"wp-block-spacer\"><\/div>\n\n\n\n<figure class=\"wp-block-image size-large\"><img loading=\"lazy\" decoding=\"async\" width=\"1024\" height=\"1024\" src=\"https:\/\/www.labunie.com.pl\/wp-content\/uploads\/2023\/11\/11-listopada-Polska-Swieto-Niepodleglosci-Bialy-Czerwony-Post-na-Instagram4-1024x1024.png\" alt=\"\" class=\"wp-image-33810\" srcset=\"https:\/\/labunie.com.pl\/wp-content\/uploads\/2023\/11\/11-listopada-Polska-Swieto-Niepodleglosci-Bialy-Czerwony-Post-na-Instagram4-1024x1024.png 1024w, https:\/\/labunie.com.pl\/wp-content\/uploads\/2023\/11\/11-listopada-Polska-Swieto-Niepodleglosci-Bialy-Czerwony-Post-na-Instagram4-300x300.png 300w, https:\/\/labunie.com.pl\/wp-content\/uploads\/2023\/11\/11-listopada-Polska-Swieto-Niepodleglosci-Bialy-Czerwony-Post-na-Instagram4-150x150.png 150w, https:\/\/labunie.com.pl\/wp-content\/uploads\/2023\/11\/11-listopada-Polska-Swieto-Niepodleglosci-Bialy-Czerwony-Post-na-Instagram4-768x768.png 768w, https:\/\/labunie.com.pl\/wp-content\/uploads\/2023\/11\/11-listopada-Polska-Swieto-Niepodleglosci-Bialy-Czerwony-Post-na-Instagram4.png 1080w\" sizes=\"auto, (max-width: 1024px) 100vw, 1024px\" \/><\/figure>\n","protected":false},"excerpt":{"rendered":"<p>W\u00f3jt Gminy \u0141abunie &#8211; Mariusz Kukie\u0142ka zaprasza mieszka\u0144c\u00f3w gminy \u0141abunie do w\u0142\u0105czenia si\u0119 do obchod\u00f3w 105. rocznicy odzyskania przez Polsk\u0119 Niepodleg\u0142o\u015bci.<\/p>\n","protected":false},"author":11,"featured_media":33811,"comment_status":"closed","ping_status":"closed","sticky":false,"template":"","format":"standard","meta":{"footnotes":""},"categories":[1],"tags":[],"class_list":["post-33808","post","type-post","status-publish","format-standard","has-post-thumbnail","hentry","category-wpisy","clearfix"],"_links":{"self":[{"href":"https:\/\/labunie.com.pl\/index.php?rest_route=\/wp\/v2\/posts\/33808","targetHints":{"allow":["GET"]}}],"collection":[{"href":"https:\/\/labunie.com.pl\/index.php?rest_route=\/wp\/v2\/posts"}],"about":[{"href":"https:\/\/labunie.com.pl\/index.php?rest_route=\/wp\/v2\/types\/post"}],"author":[{"embeddable":true,"href":"https:\/\/labunie.com.pl\/index.php?rest_route=\/wp\/v2\/users\/11"}],"replies":[{"embeddable":true,"href":"https:\/\/labunie.com.pl\/index.php?rest_route=%2Fwp%2Fv2%2Fcomments&post=33808"}],"version-history":[{"count":2,"href":"https:\/\/labunie.com.pl\/index.php?rest_route=\/wp\/v2\/posts\/33808\/revisions"}],"predecessor-version":[{"id":33812,"href":"https:\/\/labunie.com.pl\/index.php?rest_route=\/wp\/v2\/posts\/33808\/revisions\/33812"}],"wp:featuredmedia":[{"embeddable":true,"href":"https:\/\/labunie.com.pl\/index.php?rest_route=\/wp\/v2\/media\/33811"}],"wp:attachment":[{"href":"https:\/\/labunie.com.pl\/index.php?rest_route=%2Fwp%2Fv2%2Fmedia&parent=33808"}],"wp:term":[{"taxonomy":"category","embeddable":true,"href":"https:\/\/labunie.com.pl\/index.php?rest_route=%2Fwp%2Fv2%2Fcategories&post=33808"},{"taxonomy":"post_tag","embeddable":true,"href":"https:\/\/labunie.com.pl\/index.php?rest_route=%2Fwp%2Fv2%2Ftags&post=33808"}],"curies":[{"name":"wp","href":"https:\/\/api.w.org\/{rel}","templated":true}]}}