{"id":33814,"date":"2023-11-06T10:48:09","date_gmt":"2023-11-06T09:48:09","guid":{"rendered":"https:\/\/www.labunie.com.pl\/?p=33814"},"modified":"2023-11-06T11:01:29","modified_gmt":"2023-11-06T10:01:29","slug":"opieka-wytchnieniowa-edycja-2024","status":"publish","type":"post","link":"https:\/\/labunie.com.pl\/?p=33814","title":{"rendered":"\u201eOpieka wytchnieniowa\u201d  \u2013 edycja 2024"},"content":{"rendered":"\n<p><strong>Komunikat o naborze wniosk\u00f3w do Programu \u201eOpieka wytchnieniowa\u201d dla Jednostek Samorz\u0105du Terytorialnego \u2013 edycja 2024<\/strong>. <\/p>\n\n\n\n<div style=\"height:33px\" aria-hidden=\"true\" class=\"wp-block-spacer\"><\/div>\n\n\n\n<!--more-->\n\n\n\n<div class=\"wp-block-image\"><figure class=\"aligncenter size-large\"><img loading=\"lazy\" decoding=\"async\" width=\"459\" height=\"149\" src=\"https:\/\/www.labunie.com.pl\/wp-content\/uploads\/2023\/11\/Bez-tytulu-1.png\" alt=\"\" class=\"wp-image-33817\" srcset=\"https:\/\/labunie.com.pl\/wp-content\/uploads\/2023\/11\/Bez-tytulu-1.png 459w, https:\/\/labunie.com.pl\/wp-content\/uploads\/2023\/11\/Bez-tytulu-1-300x97.png 300w\" sizes=\"auto, (max-width: 459px) 100vw, 459px\" \/><\/figure><\/div>\n\n\n\n<p style=\"text-align: justify;\">W zwi\u0105zku <strong>z og\u0142oszeniem przez Ministra Rodziny i Polityki Spo\u0142ecznej naboru wniosk\u00f3w w ramach Programu \u201eOpieka wytchnieniowa\u201d dla Jednostek Samorz\u0105du Terytorialnego \u2013 edycja 2024, <\/strong>kt\u00f3rego celem jest wsparcie cz\u0142onk\u00f3w rodzin lub opiekun\u00f3w sprawuj\u0105cych bezpo\u015bredni\u0105 opiek\u0119 nad dzie\u0107mi z orzeczeniem o niepe\u0142nosprawno\u015bci lub osobami z orzeczeniem o znacznym stopniu niepe\u0142nosprawno\u015bci oraz orzeczeniem r\u00f3wnowa\u017cnym poprzez mo\u017cliwo\u015b\u0107 uzyskania dora\u017anej, czasowej pomocy w formie us\u0142ugi opieki wytchnieniowej, prosimy o kontakt osoby zainteresowane \u015bwiadczeniem us\u0142ugi opieki wytchnieniowej w ramach pobytu dziennego w miejscu zamieszkania osoby niepe\u0142nosprawnej z Gminnym O\u015brodkiem Pomocy Spo\u0142ecznej w \u0141abuniach ul. Orzechowa 10 lub pod nr telefonu: 84 611 30 08 w terminie <strong>do dnia 10.11.2023 r.<\/strong><\/p>\n<p style=\"text-align: justify;\"><strong>Szczeg\u00f3\u0142y og\u0142oszenia do Programu \u201eOpieka wytchnieniowa\u201d dla Jednostek Samorz\u0105du Terytorialnego \u2013 edycja 2024 pod poni\u017cszym linkiem:<\/strong><strong><br><\/strong><\/p>\n<p><strong>&nbsp;<\/strong><\/p>\n\n\n\n<p><strong><a href=\"https:\/\/niepelnosprawni.gov.pl\/download\/Ogloszenie-ow-jst-edycja-2024-30.10.2023-1698671211.pdf\" target=\"_blank\" rel=\"noreferrer noopener\">niepelnosprawni.gov.pl\/download\/Ogloszenie-ow-jst-edycja-2024-30.10.2023-1698671211.pdf<\/a><\/strong><\/p>\n\n\n","protected":false},"excerpt":{"rendered":"<p>Komunikat o naborze wniosk\u00f3w do Programu \u201eOpieka wytchnieniowa\u201d dla Jednostek Samorz\u0105du Terytorialnego \u2013 edycja 2024.<\/p>\n","protected":false},"author":11,"featured_media":23295,"comment_status":"closed","ping_status":"closed","sticky":false,"template":"","format":"standard","meta":{"footnotes":""},"categories":[1],"tags":[],"class_list":["post-33814","post","type-post","status-publish","format-standard","has-post-thumbnail","hentry","category-wpisy","clearfix"],"_links":{"self":[{"href":"https:\/\/labunie.com.pl\/index.php?rest_route=\/wp\/v2\/posts\/33814","targetHints":{"allow":["GET"]}}],"collection":[{"href":"https:\/\/labunie.com.pl\/index.php?rest_route=\/wp\/v2\/posts"}],"about":[{"href":"https:\/\/labunie.com.pl\/index.php?rest_route=\/wp\/v2\/types\/post"}],"author":[{"embeddable":true,"href":"https:\/\/labunie.com.pl\/index.php?rest_route=\/wp\/v2\/users\/11"}],"replies":[{"embeddable":true,"href":"https:\/\/labunie.com.pl\/index.php?rest_route=%2Fwp%2Fv2%2Fcomments&post=33814"}],"version-history":[{"count":4,"href":"https:\/\/labunie.com.pl\/index.php?rest_route=\/wp\/v2\/posts\/33814\/revisions"}],"predecessor-version":[{"id":38416,"href":"https:\/\/labunie.com.pl\/index.php?rest_route=\/wp\/v2\/posts\/33814\/revisions\/38416"}],"wp:featuredmedia":[{"embeddable":true,"href":"https:\/\/labunie.com.pl\/index.php?rest_route=\/wp\/v2\/media\/23295"}],"wp:attachment":[{"href":"https:\/\/labunie.com.pl\/index.php?rest_route=%2Fwp%2Fv2%2Fmedia&parent=33814"}],"wp:term":[{"taxonomy":"category","embeddable":true,"href":"https:\/\/labunie.com.pl\/index.php?rest_route=%2Fwp%2Fv2%2Fcategories&post=33814"},{"taxonomy":"post_tag","embeddable":true,"href":"https:\/\/labunie.com.pl\/index.php?rest_route=%2Fwp%2Fv2%2Ftags&post=33814"}],"curies":[{"name":"wp","href":"https:\/\/api.w.org\/{rel}","templated":true}]}}