{"id":3441,"date":"2016-05-21T16:54:01","date_gmt":"2016-05-21T14:54:01","guid":{"rendered":"https:\/\/www.labunie.com.pl\/?p=3441"},"modified":"2016-05-21T16:54:01","modified_gmt":"2016-05-21T14:54:01","slug":"sciezka-edukacyjna-ogrod-pawie-pioro-zaprasza","status":"publish","type":"post","link":"https:\/\/labunie.com.pl\/?p=3441","title":{"rendered":"\u015acie\u017cka Edukacyjna \u201eOgr\u00f3d Pawie Pi\u00f3ro\u201d &#8211; zaprasza"},"content":{"rendered":"<p><strong>18 maja dokonano uroczystego otwarcia obiektu. W\u015br\u00f3d zaproszonych go\u015bci znale\u017ali si\u0119: grantodawcy: Stanis\u0142aw Majda\u0144ski Przewodnicz\u0105cy Rady Nadzorczej WFO\u015aiGW w Lublinie i Stanis\u0142aw Roczkowski z biura terenowego WO\u015aiGW w Zamo\u015bciu, Eugeniusz Polakowski z Delegatury Urz\u0119du Marsza\u0142kowskiego Wojew\u00f3dztwa Lubelskiego w\u00a0Zamo\u015bciu.<\/strong><br \/>\n&nbsp;<br \/>\n&nbsp;<br \/>\n<!--more--><\/p>\n<p style=\"text-align: left;\" align=\"JUSTIFY\">Na spotkanie z ekologi\u0105 przybyli uczniowie z nauczycielami ze szk\u00f3\u0142 z \u0141abu\u0144 i \u0141abuniek Pierwszych. Uroczystego przeci\u0119cia wst\u0119gi dokonali: Antoni Wojciech Turczyn \u2013 W\u00f3jt Gminy \u0141abunie, zaproszeni go\u015bcie oraz przedszkolak Marcel Momot. Ks. dr hab. prof. nadzw. Czes\u0142aw Galek po\u015bwi\u0119ci\u0142 obiekt. Lekcj\u0119 przyrody dla dzieci szkolnych z wykorzystaniem zakupionych tablic dydaktycznych przeprowadzi\u0142 Tomasz Kotowicz stra\u017cnik le\u015bny z Nadle\u015bnictwa Tomasz\u00f3w Lubelski.<br \/>\nKo\u0142a gospody\u0144 z terenu Gminy \u0141abunie specjalnie na t\u0119 okazj\u0119 upiek\u0142y ciasta, kt\u00f3re serwowa\u0142y z kaw\u0105 i herbat\u0105. Grillowane kie\u0142baski uzupe\u0142ni\u0142y ofert\u0119 \u201eogrodowego\u201d \u015bwi\u0119ta.<br \/>\nProwadzona tego dnia zbi\u00f3rka makulatury (zebrano 978 kg) i zu\u017cytych baterii przeros\u0142a naj\u015bmielsze oczekiwania organizator\u00f3w. Rozdano ponad 100 sztuk sadzonek drzew i krzew\u00f3w. Za sprzedan\u0105 makulatur\u0119 zostan\u0105 kupione kolejne ro\u015bliny do Ogrodu \u201ePawie Pi\u00f3ro\u201d.<\/p>\n<p>&nbsp;<\/p>\n<p style=\"text-align: center;\" align=\"JUSTIFY\"><em><strong>B\u0105d\u017a EkoLogiczny wst\u0105p do ogrodu! Zapraszamy.<\/strong><\/em><\/p>\n<p>&nbsp;<\/p>\n<p align=\"JUSTIFY\"><em>Na pierwszych 500 os\u00f3b \u2013 zapisanych do biblioteki, kt\u00f3rzy skorzystaj\u0105 z bibliotecznego ksi\u0119gozbioru czeka niepowtarzalna zak\u0142adka. P\u00f3\u0142ka ekologiczno-przyrodnicza czeka na czytelnik\u00f3w.<\/em><\/p>\n<p>&nbsp;<\/p>\n<p align=\"JUSTIFY\">[lg_folder folder=&#8221;20160518\/&#8221; count=&#8221;20&#8243; paging=&#8221;false&#8221;]<\/p>\n<p>&nbsp;<\/p>\n","protected":false},"excerpt":{"rendered":"<p>18 maja dokonano uroczystego otwarcia obiektu. W\u015br\u00f3d zaproszonych go\u015bci znale\u017ali si\u0119: grantodawcy: Stanis\u0142aw Majda\u0144ski Przewodnicz\u0105cy Rady Nadzorczej WFO\u015aiGW w Lublinie i Stanis\u0142aw Roczkowski z biura terenowego WO\u015aiGW w Zamo\u015bciu, Eugeniusz Polakowski z Delegatury Urz\u0119du Marsza\u0142kowskiego Wojew\u00f3dztwa Lubelskiego w\u00a0Zamo\u015bciu. &nbsp; &nbsp;<\/p>\n","protected":false},"author":7,"featured_media":3442,"comment_status":"closed","ping_status":"closed","sticky":false,"template":"","format":"standard","meta":{"footnotes":""},"categories":[1],"tags":[],"class_list":["post-3441","post","type-post","status-publish","format-standard","has-post-thumbnail","hentry","category-wpisy","clearfix"],"_links":{"self":[{"href":"https:\/\/labunie.com.pl\/index.php?rest_route=\/wp\/v2\/posts\/3441","targetHints":{"allow":["GET"]}}],"collection":[{"href":"https:\/\/labunie.com.pl\/index.php?rest_route=\/wp\/v2\/posts"}],"about":[{"href":"https:\/\/labunie.com.pl\/index.php?rest_route=\/wp\/v2\/types\/post"}],"author":[{"embeddable":true,"href":"https:\/\/labunie.com.pl\/index.php?rest_route=\/wp\/v2\/users\/7"}],"replies":[{"embeddable":true,"href":"https:\/\/labunie.com.pl\/index.php?rest_route=%2Fwp%2Fv2%2Fcomments&post=3441"}],"version-history":[{"count":4,"href":"https:\/\/labunie.com.pl\/index.php?rest_route=\/wp\/v2\/posts\/3441\/revisions"}],"predecessor-version":[{"id":3446,"href":"https:\/\/labunie.com.pl\/index.php?rest_route=\/wp\/v2\/posts\/3441\/revisions\/3446"}],"wp:featuredmedia":[{"embeddable":true,"href":"https:\/\/labunie.com.pl\/index.php?rest_route=\/wp\/v2\/media\/3442"}],"wp:attachment":[{"href":"https:\/\/labunie.com.pl\/index.php?rest_route=%2Fwp%2Fv2%2Fmedia&parent=3441"}],"wp:term":[{"taxonomy":"category","embeddable":true,"href":"https:\/\/labunie.com.pl\/index.php?rest_route=%2Fwp%2Fv2%2Fcategories&post=3441"},{"taxonomy":"post_tag","embeddable":true,"href":"https:\/\/labunie.com.pl\/index.php?rest_route=%2Fwp%2Fv2%2Ftags&post=3441"}],"curies":[{"name":"wp","href":"https:\/\/api.w.org\/{rel}","templated":true}]}}