{"id":3471,"date":"2016-06-03T07:28:01","date_gmt":"2016-06-03T05:28:01","guid":{"rendered":"https:\/\/www.labunie.com.pl\/?p=3471"},"modified":"2016-06-03T11:02:48","modified_gmt":"2016-06-03T09:02:48","slug":"100-lecie-osp-labunie-zaproszenie","status":"publish","type":"post","link":"https:\/\/labunie.com.pl\/?p=3471","title":{"rendered":"100-lecie OSP \u0141abunie &#8211; zaproszenie"},"content":{"rendered":"<p><strong>Zarz\u0105d Ochotniczej Stra\u017cy Po\u017carnej w \u0141abuniach, Zarz\u0105d Oddzia\u0142u Gminnego Zwi\u0105zku Ochotniczych Stra\u017cy Po\u017carnych RP w \u0141abuniach i W\u00f3jt Gminy \u0141abunie zapraszaj\u0105 na Jubileusz 100-lecia dzia\u0142alno\u015bci OSP \u0141abunie.<br \/>\nPo uroczysto\u015bci zostan\u0105 rozegrane gminne zawody sportowo-po\u017carnicze.<\/strong><\/p>\n<p><!--more--><br \/>\n&nbsp;<br \/>\n&nbsp;<br \/>\n<span style=\"text-decoration: underline;\">Program uroczysto\u015bci: <\/span><\/p>\n<ul>\n<li>10:00 \u2013 Msza \u015bw. w ko\u015bciele parafialnym w \u0141abuniach\n<ul>\n<li>po Mszy \u015bw. przemarsz na boisko sportowe<\/li>\n<\/ul>\n<\/li>\n<li>12:00 \u2013 Uroczysto\u015bci Jubileuszowe\n<ul>\n<li>przedstawienie rysu historycznego jednostki<\/li>\n<li>wr\u0119czenie odznacze\u0144<\/li>\n<li>wyst\u0105pienia zaproszonych go\u015bci<\/li>\n<\/ul>\n<\/li>\n<li>14:00 \u2013 gminne zawody sportowo-po\u017carnicze (dla gmin \u0141abunie i Komar\u00f3w-Osada)<\/li>\n<\/ul>\n<p>&nbsp;<br \/>\n<a href=\"https:\/\/www.labunie.com.pl\/wp-content\/uploads\/2016\/05\/100_osp_plak_o.jpg\" data-rel=\"lightbox-gallery-dRUCr86G\" data-rl_title=\"\" data-rl_caption=\"\" title=\"\"><img loading=\"lazy\" decoding=\"async\" class=\"aligncenter size-full wp-image-3472\" src=\"https:\/\/www.labunie.com.pl\/wp-content\/uploads\/2016\/05\/100_osp_plak.gif\" alt=\"100_osp_plak\" width=\"630\" height=\"445\" \/><\/a><\/p>\n","protected":false},"excerpt":{"rendered":"<p>Zarz\u0105d Ochotniczej Stra\u017cy Po\u017carnej w \u0141abuniach, Zarz\u0105d Oddzia\u0142u Gminnego Zwi\u0105zku Ochotniczych Stra\u017cy Po\u017carnych RP w \u0141abuniach i W\u00f3jt Gminy \u0141abunie zapraszaj\u0105 na Jubileusz 100-lecia dzia\u0142alno\u015bci OSP \u0141abunie. Po uroczysto\u015bci zostan\u0105 rozegrane gminne zawody sportowo-po\u017carnicze.<\/p>\n","protected":false},"author":7,"featured_media":3475,"comment_status":"closed","ping_status":"closed","sticky":false,"template":"","format":"standard","meta":{"footnotes":""},"categories":[1],"tags":[],"class_list":["post-3471","post","type-post","status-publish","format-standard","has-post-thumbnail","hentry","category-wpisy","clearfix"],"_links":{"self":[{"href":"https:\/\/labunie.com.pl\/index.php?rest_route=\/wp\/v2\/posts\/3471","targetHints":{"allow":["GET"]}}],"collection":[{"href":"https:\/\/labunie.com.pl\/index.php?rest_route=\/wp\/v2\/posts"}],"about":[{"href":"https:\/\/labunie.com.pl\/index.php?rest_route=\/wp\/v2\/types\/post"}],"author":[{"embeddable":true,"href":"https:\/\/labunie.com.pl\/index.php?rest_route=\/wp\/v2\/users\/7"}],"replies":[{"embeddable":true,"href":"https:\/\/labunie.com.pl\/index.php?rest_route=%2Fwp%2Fv2%2Fcomments&post=3471"}],"version-history":[{"count":3,"href":"https:\/\/labunie.com.pl\/index.php?rest_route=\/wp\/v2\/posts\/3471\/revisions"}],"predecessor-version":[{"id":3477,"href":"https:\/\/labunie.com.pl\/index.php?rest_route=\/wp\/v2\/posts\/3471\/revisions\/3477"}],"wp:featuredmedia":[{"embeddable":true,"href":"https:\/\/labunie.com.pl\/index.php?rest_route=\/wp\/v2\/media\/3475"}],"wp:attachment":[{"href":"https:\/\/labunie.com.pl\/index.php?rest_route=%2Fwp%2Fv2%2Fmedia&parent=3471"}],"wp:term":[{"taxonomy":"category","embeddable":true,"href":"https:\/\/labunie.com.pl\/index.php?rest_route=%2Fwp%2Fv2%2Fcategories&post=3471"},{"taxonomy":"post_tag","embeddable":true,"href":"https:\/\/labunie.com.pl\/index.php?rest_route=%2Fwp%2Fv2%2Ftags&post=3471"}],"curies":[{"name":"wp","href":"https:\/\/api.w.org\/{rel}","templated":true}]}}