{"id":3478,"date":"2016-06-01T07:49:33","date_gmt":"2016-06-01T05:49:33","guid":{"rendered":"https:\/\/www.labunie.com.pl\/?p=3478"},"modified":"2016-06-01T07:49:33","modified_gmt":"2016-06-01T05:49:33","slug":"o-czym-marza-dzieci-rozstrzygniecie-konkursu","status":"publish","type":"post","link":"https:\/\/labunie.com.pl\/?p=3478","title":{"rendered":"\u201eO czym marz\u0105 dzieci?\u201d &#8211; rozstrzygni\u0119cie konkursu"},"content":{"rendered":"<p><strong>31 maja rozstrzygni\u0119to gminny konkurs plastyczny pt.: \u201eO czym marz\u0105 dzieci?\u201d. Na konkurs wp\u0142yn\u0119\u0142o 238 prac. Nagrod\u0119: Wyjazd do Kolorowego Ranczo otrzymuj\u0105:<\/strong><\/p>\n<p><!--more--><br \/>\n&nbsp;<br \/>\n&nbsp;<br \/>\n&nbsp;<br \/>\n&nbsp;<\/p>\n<ol>\n<li>Bitner Nikola, SP \u0141abunie, kl. 2, op. Marzena Rozkres,<\/li>\n<li>Bryk Nikola, lat 3, PP Rusz\u00f3w, op. Ma\u0142gorzata Kubacka,<\/li>\n<li>Burdzy Wojciech, lat 3, PP \u0141abunie, op. Beata G\u0119borys,<\/li>\n<li>Cho\u0142ody Grzegorz, SP \u0141abunie, kl. 3, op. Urszula Pilip.<\/li>\n<li>Czekierda Jakub, SP \u0141abunie, kl. 2, op. Ewa Latawiec,<\/li>\n<li>Fusiarz Karina, SP \u0141abu\u0144ki Pierwsze, kl. 1, op. Halina Dybzi\u0144ska,<\/li>\n<li>Godzisz Sebastian, SP \u0141abunie, kl. 2, op. Lucyna Gredys,<\/li>\n<li>Grula Oliwia, SP \u0141abu\u0144ki Pierwsze, kl. 3, op. Anna Py\u015b,<\/li>\n<li>Jastrz\u0119bska Ilona, SP \u0141abunie, kl.2, op. Lucyna Gredys,<\/li>\n<li>Karchut Kinga, SP \u0141abunie, kl. 3, op. Beata Wdowiak,<\/li>\n<li>Kierepka Liliana, PP \u0141abunie, lat 4, op. Anna Grela,<\/li>\n<li>Kuduk Micha\u0142, SP \u0141abunie, kl. 3, op. Urszula Pilip,<\/li>\n<li>Mazurek Alan, SP \u0141abunie, kl. 3, op. Beata Wdowiak,<\/li>\n<li>Mr\u00f3z Natalia, PP \u0141abu\u0144ki Pierwsze, lat 5, op. Marta Bil,<\/li>\n<li>Nicpo\u0144 Krystian, SP \u0141abunie, kl. 3, op. Urszula Pilip,<\/li>\n<li>Palonka Wiktoria, SP \u0141abu\u0144ki Pierwsze, kl. 1, op. Halina Dybzi\u0144ska,<\/li>\n<li>Pi\u0142at Alicja, SP \u0141abunie, kl. I, op. Agnieszka Teterycz,<\/li>\n<li>Roma\u0144czuk Jakub, \u0141abunie-Reforma,<\/li>\n<li>Rozkres Weronika, SP \u0141abunie, kl. 2, op. Marzena Rozkres,<\/li>\n<li>Skiba Marlena, PP \u0141abu\u0144ki Pierwsze, lat 5, op. Marta Bil,<\/li>\n<li>Skubisz Anna, lat 3, PP \u0141abunie, op. Beata G\u0119borys,<\/li>\n<li>Starszuk Bart\u0142omiej, SP \u0141abu\u0144ki Pierwsze, kl. 1, op. Halina Dybzi\u0144ska,<\/li>\n<li>Synowiec Micha\u0142, PP Rusz\u00f3w, lat 5, op. Ma\u0142gorzata Kubacka,<\/li>\n<li>Turczyn Lena, PP \u0141abu\u0144ki Pierwsze, lat 5, op. Marta Bil,<\/li>\n<li>Typiak Aleksandra, SF Rusz\u00f3w, kl. 2, op. Alicja Saputa,<\/li>\n<li>Typiak Kamil, PP Rusz\u00f3w, lat 5, op. Ma\u0142gorzata Kubacka,<\/li>\n<li>Wiater Natalia, PP Rusz\u00f3w, lat 5, op. Ma\u0142gorzata Kubacka,<\/li>\n<li>Zygmunt Patryk, PP \u0141abu\u0144ki Pierwsze, lat 5, op. Marta Bil,<\/li>\n<li>\u017byczkiewicz Wiktoria, SP \u0141abunie, kl. 2, op. Marzena Rozkres,<\/li>\n<\/ol>\n<p>&nbsp;<br \/>\nOrganizatorzy prosz\u0105 opiekun\u00f3w o potwierdzenie uczestnictwa w wyje\u017adzie <strong><span style=\"text-decoration: underline;\">do 2 czerwca godz. 14.00<\/span><\/strong>, tel. 84 611 60 24.<br \/>\n&nbsp;<br \/>\nZbi\u00f3rka uczestnik\u00f3w na parkingu przy ul. Parkowej (Dom Kultury) <strong><span style=\"text-decoration: underline;\">4 czerwca godz. 8:45<\/span><\/strong>. Przewidziano ognisko i zabawy integracyjne. Czas trwania: ok. 2 godziny.<br \/>\n&nbsp;<br \/>\nZapraszamy r\u00f3wnie\u017c rodzic\u00f3w i opiekun\u00f3w!<br \/>\n&nbsp;<br \/>\n<em>Dzi\u0119kujemy dzieciom, \u017ce mia\u0142y odwag\u0119 marzy\u0107 i apelujemy do doros\u0142ych, by pozwalali im na to \u2013 nawet wtedy, gdy s\u0105 to marzenia do\u015b\u0107 nietypowe.<\/em><br \/>\n&nbsp;<br \/>\n<div id='pe-gallery-1' class='pe-gallery pe-gallery-3478 columns-4 img-size-medium'><div class='pe-row'><div class='col-md-3'><figure tabindex='0' class='pe-gallery-item ' ><div class='pe-gallery-image landscape'>\n\t\t\t\t\t\t\t<a href=\"https:\/\/labunie.com.pl\/wp-content\/uploads\/2016\/06\/Bitner-Nikola-kl.-II-SP-\u0141abunie.jpg\" data-rel=\"lightbox-gallery-5RPciyrx\" data-rl_title=\"\" data-rl_caption=\"\" title=\"\"><img loading=\"lazy\" decoding=\"async\" width=\"300\" height=\"214\" src=\"https:\/\/labunie.com.pl\/wp-content\/uploads\/2016\/06\/Bitner-Nikola-kl.-II-SP-\u0141abunie-300x214.jpg\" class=\"attachment-medium size-medium\" alt=\"Bitner Nikola kl. II SP \u0141abunie\" data-no-retina=\"\" aria-describedby=\"gallery-1-3480\" srcset=\"https:\/\/labunie.com.pl\/wp-content\/uploads\/2016\/06\/Bitner-Nikola-kl.-II-SP-\u0141abunie-300x214.jpg 300w, https:\/\/labunie.com.pl\/wp-content\/uploads\/2016\/06\/Bitner-Nikola-kl.-II-SP-\u0141abunie-768x548.jpg 768w, https:\/\/labunie.com.pl\/wp-content\/uploads\/2016\/06\/Bitner-Nikola-kl.-II-SP-\u0141abunie.jpg 1000w\" sizes=\"auto, (max-width: 300px) 100vw, 300px\" \/><\/a>\n\t\t\t\t\t\t<\/div><figcaption class='wp-caption-text pe-gallery-caption'>\n\t\t\t\t\t\t\t\tBitner Nikola kl. II SP \u0141abunie\n\t\t\t\t\t\t\t<\/figcaption><\/figure><\/div><div class='col-md-3'><figure tabindex='0' class='pe-gallery-item ' ><div class='pe-gallery-image landscape'>\n\t\t\t\t\t\t\t<a href=\"https:\/\/labunie.com.pl\/wp-content\/uploads\/2016\/06\/Bryk-Nikola-3-lata-SF-Rusz\u00f3w.jpg\" data-rel=\"lightbox-gallery-5RPciyrx\" data-rl_title=\"\" data-rl_caption=\"\" title=\"\"><img loading=\"lazy\" decoding=\"async\" width=\"300\" height=\"214\" src=\"https:\/\/labunie.com.pl\/wp-content\/uploads\/2016\/06\/Bryk-Nikola-3-lata-SF-Rusz\u00f3w-300x214.jpg\" class=\"attachment-medium size-medium\" alt=\"Bryk Nikola 3 lata SF Rusz\u00f3w\" data-no-retina=\"\" aria-describedby=\"gallery-1-3481\" srcset=\"https:\/\/labunie.com.pl\/wp-content\/uploads\/2016\/06\/Bryk-Nikola-3-lata-SF-Rusz\u00f3w-300x214.jpg 300w, https:\/\/labunie.com.pl\/wp-content\/uploads\/2016\/06\/Bryk-Nikola-3-lata-SF-Rusz\u00f3w-768x547.jpg 768w, https:\/\/labunie.com.pl\/wp-content\/uploads\/2016\/06\/Bryk-Nikola-3-lata-SF-Rusz\u00f3w.jpg 1000w\" sizes=\"auto, (max-width: 300px) 100vw, 300px\" \/><\/a>\n\t\t\t\t\t\t<\/div><figcaption class='wp-caption-text pe-gallery-caption'>\n\t\t\t\t\t\t\t\tBryk Nikola 3 lata SF Rusz\u00f3w\n\t\t\t\t\t\t\t<\/figcaption><\/figure><\/div><div class='col-md-3'><figure tabindex='0' class='pe-gallery-item ' ><div class='pe-gallery-image landscape'>\n\t\t\t\t\t\t\t<a href=\"https:\/\/labunie.com.pl\/wp-content\/uploads\/2016\/06\/Burdzy-Wojciech-3-lata-PP-\u0141abunie.jpg\" data-rel=\"lightbox-gallery-5RPciyrx\" data-rl_title=\"\" data-rl_caption=\"\" title=\"\"><img loading=\"lazy\" decoding=\"async\" width=\"300\" height=\"211\" src=\"https:\/\/labunie.com.pl\/wp-content\/uploads\/2016\/06\/Burdzy-Wojciech-3-lata-PP-\u0141abunie-300x211.jpg\" class=\"attachment-medium size-medium\" alt=\"Burdzy Wojciech 3 lata PP \u0141abunie\" data-no-retina=\"\" aria-describedby=\"gallery-1-3482\" srcset=\"https:\/\/labunie.com.pl\/wp-content\/uploads\/2016\/06\/Burdzy-Wojciech-3-lata-PP-\u0141abunie-300x211.jpg 300w, https:\/\/labunie.com.pl\/wp-content\/uploads\/2016\/06\/Burdzy-Wojciech-3-lata-PP-\u0141abunie-768x540.jpg 768w, https:\/\/labunie.com.pl\/wp-content\/uploads\/2016\/06\/Burdzy-Wojciech-3-lata-PP-\u0141abunie.jpg 1000w\" sizes=\"auto, (max-width: 300px) 100vw, 300px\" \/><\/a>\n\t\t\t\t\t\t<\/div><figcaption class='wp-caption-text pe-gallery-caption'>\n\t\t\t\t\t\t\t\tBurdzy Wojciech 3 lata PP \u0141abunie\n\t\t\t\t\t\t\t<\/figcaption><\/figure><\/div><div class='col-md-3'><figure tabindex='0' class='pe-gallery-item ' ><div class='pe-gallery-image landscape'>\n\t\t\t\t\t\t\t<a href=\"https:\/\/labunie.com.pl\/wp-content\/uploads\/2016\/06\/Cho\u0142ody-Grzegorz-kl.-III-SP-\u0141abunie.jpg\" data-rel=\"lightbox-gallery-5RPciyrx\" data-rl_title=\"\" data-rl_caption=\"\" title=\"\"><img loading=\"lazy\" decoding=\"async\" width=\"300\" height=\"212\" src=\"https:\/\/labunie.com.pl\/wp-content\/uploads\/2016\/06\/Cho\u0142ody-Grzegorz-kl.-III-SP-\u0141abunie-300x212.jpg\" class=\"attachment-medium size-medium\" alt=\"Cho\u0142ody Grzegorz kl. III SP \u0141abunie\" data-no-retina=\"\" aria-describedby=\"gallery-1-3483\" srcset=\"https:\/\/labunie.com.pl\/wp-content\/uploads\/2016\/06\/Cho\u0142ody-Grzegorz-kl.-III-SP-\u0141abunie-300x212.jpg 300w, https:\/\/labunie.com.pl\/wp-content\/uploads\/2016\/06\/Cho\u0142ody-Grzegorz-kl.-III-SP-\u0141abunie-768x543.jpg 768w, https:\/\/labunie.com.pl\/wp-content\/uploads\/2016\/06\/Cho\u0142ody-Grzegorz-kl.-III-SP-\u0141abunie.jpg 1000w\" sizes=\"auto, (max-width: 300px) 100vw, 300px\" \/><\/a>\n\t\t\t\t\t\t<\/div><figcaption class='wp-caption-text pe-gallery-caption'>\n\t\t\t\t\t\t\t\tCho\u0142ody Grzegorz kl. III SP \u0141abunie\n\t\t\t\t\t\t\t<\/figcaption><\/figure><\/div><div class='col-md-3'><figure tabindex='0' class='pe-gallery-item ' ><div class='pe-gallery-image landscape'>\n\t\t\t\t\t\t\t<a href=\"https:\/\/labunie.com.pl\/wp-content\/uploads\/2016\/06\/Czekierda-Jakub-kl.-II-SP-\u0141abunie.jpg\" data-rel=\"lightbox-gallery-5RPciyrx\" data-rl_title=\"\" data-rl_caption=\"\" title=\"\"><img loading=\"lazy\" decoding=\"async\" width=\"300\" height=\"214\" src=\"https:\/\/labunie.com.pl\/wp-content\/uploads\/2016\/06\/Czekierda-Jakub-kl.-II-SP-\u0141abunie-300x214.jpg\" class=\"attachment-medium size-medium\" alt=\"Czekierda Jakub kl. II SP \u0141abunie\" data-no-retina=\"\" aria-describedby=\"gallery-1-3484\" srcset=\"https:\/\/labunie.com.pl\/wp-content\/uploads\/2016\/06\/Czekierda-Jakub-kl.-II-SP-\u0141abunie-300x214.jpg 300w, https:\/\/labunie.com.pl\/wp-content\/uploads\/2016\/06\/Czekierda-Jakub-kl.-II-SP-\u0141abunie-768x548.jpg 768w, https:\/\/labunie.com.pl\/wp-content\/uploads\/2016\/06\/Czekierda-Jakub-kl.-II-SP-\u0141abunie.jpg 1000w\" sizes=\"auto, (max-width: 300px) 100vw, 300px\" \/><\/a>\n\t\t\t\t\t\t<\/div><figcaption class='wp-caption-text pe-gallery-caption'>\n\t\t\t\t\t\t\t\tCzekierda Jakub kl. II SP \u0141abunie\n\t\t\t\t\t\t\t<\/figcaption><\/figure><\/div><div class='col-md-3'><figure tabindex='0' class='pe-gallery-item ' ><div class='pe-gallery-image landscape'>\n\t\t\t\t\t\t\t<a href=\"https:\/\/labunie.com.pl\/wp-content\/uploads\/2016\/06\/Fusiarz-Karina-kl.-I-SP-\u0141abu\u0144ki.jpg\" data-rel=\"lightbox-gallery-5RPciyrx\" data-rl_title=\"\" data-rl_caption=\"\" title=\"\"><img loading=\"lazy\" decoding=\"async\" width=\"300\" height=\"214\" src=\"https:\/\/labunie.com.pl\/wp-content\/uploads\/2016\/06\/Fusiarz-Karina-kl.-I-SP-\u0141abu\u0144ki-300x214.jpg\" class=\"attachment-medium size-medium\" alt=\"Fusiarz Karina kl. I SP \u0141abu\u0144ki\" data-no-retina=\"\" aria-describedby=\"gallery-1-3485\" srcset=\"https:\/\/labunie.com.pl\/wp-content\/uploads\/2016\/06\/Fusiarz-Karina-kl.-I-SP-\u0141abu\u0144ki-300x214.jpg 300w, https:\/\/labunie.com.pl\/wp-content\/uploads\/2016\/06\/Fusiarz-Karina-kl.-I-SP-\u0141abu\u0144ki-768x548.jpg 768w, https:\/\/labunie.com.pl\/wp-content\/uploads\/2016\/06\/Fusiarz-Karina-kl.-I-SP-\u0141abu\u0144ki.jpg 1000w\" sizes=\"auto, (max-width: 300px) 100vw, 300px\" \/><\/a>\n\t\t\t\t\t\t<\/div><figcaption class='wp-caption-text pe-gallery-caption'>\n\t\t\t\t\t\t\t\tFusiarz Karina kl. I SP \u0141abu\u0144ki\n\t\t\t\t\t\t\t<\/figcaption><\/figure><\/div><div class='col-md-3'><figure tabindex='0' class='pe-gallery-item ' ><div class='pe-gallery-image landscape'>\n\t\t\t\t\t\t\t<a href=\"https:\/\/labunie.com.pl\/wp-content\/uploads\/2016\/06\/Godzisz-Sebastian-kl.-II-SP-\u0141abunie.jpg\" data-rel=\"lightbox-gallery-5RPciyrx\" data-rl_title=\"\" data-rl_caption=\"\" title=\"\"><img loading=\"lazy\" decoding=\"async\" width=\"300\" height=\"214\" src=\"https:\/\/labunie.com.pl\/wp-content\/uploads\/2016\/06\/Godzisz-Sebastian-kl.-II-SP-\u0141abunie-300x214.jpg\" class=\"attachment-medium size-medium\" alt=\"Godzisz Sebastian kl. II SP \u0141abunie\" data-no-retina=\"\" aria-describedby=\"gallery-1-3486\" srcset=\"https:\/\/labunie.com.pl\/wp-content\/uploads\/2016\/06\/Godzisz-Sebastian-kl.-II-SP-\u0141abunie-300x214.jpg 300w, https:\/\/labunie.com.pl\/wp-content\/uploads\/2016\/06\/Godzisz-Sebastian-kl.-II-SP-\u0141abunie-768x548.jpg 768w, https:\/\/labunie.com.pl\/wp-content\/uploads\/2016\/06\/Godzisz-Sebastian-kl.-II-SP-\u0141abunie.jpg 1000w\" sizes=\"auto, (max-width: 300px) 100vw, 300px\" \/><\/a>\n\t\t\t\t\t\t<\/div><figcaption class='wp-caption-text pe-gallery-caption'>\n\t\t\t\t\t\t\t\tGodzisz Sebastian kl. II SP \u0141abunie\n\t\t\t\t\t\t\t<\/figcaption><\/figure><\/div><div class='col-md-3'><figure tabindex='0' class='pe-gallery-item ' ><div class='pe-gallery-image landscape'>\n\t\t\t\t\t\t\t<a href=\"https:\/\/labunie.com.pl\/wp-content\/uploads\/2016\/06\/Grula-Oliwia-kl.-III-SP-\u0141abu\u0144ki.jpg\" data-rel=\"lightbox-gallery-5RPciyrx\" data-rl_title=\"\" data-rl_caption=\"\" title=\"\"><img loading=\"lazy\" decoding=\"async\" width=\"300\" height=\"211\" src=\"https:\/\/labunie.com.pl\/wp-content\/uploads\/2016\/06\/Grula-Oliwia-kl.-III-SP-\u0141abu\u0144ki-300x211.jpg\" class=\"attachment-medium size-medium\" alt=\"Grula Oliwia kl. III SP \u0141abu\u0144ki\" data-no-retina=\"\" aria-describedby=\"gallery-1-3487\" srcset=\"https:\/\/labunie.com.pl\/wp-content\/uploads\/2016\/06\/Grula-Oliwia-kl.-III-SP-\u0141abu\u0144ki-300x211.jpg 300w, https:\/\/labunie.com.pl\/wp-content\/uploads\/2016\/06\/Grula-Oliwia-kl.-III-SP-\u0141abu\u0144ki-768x540.jpg 768w, https:\/\/labunie.com.pl\/wp-content\/uploads\/2016\/06\/Grula-Oliwia-kl.-III-SP-\u0141abu\u0144ki.jpg 1000w\" sizes=\"auto, (max-width: 300px) 100vw, 300px\" \/><\/a>\n\t\t\t\t\t\t<\/div><figcaption class='wp-caption-text pe-gallery-caption'>\n\t\t\t\t\t\t\t\tGrula Oliwia kl. III SP \u0141abu\u0144ki\n\t\t\t\t\t\t\t<\/figcaption><\/figure><\/div><div class='col-md-3'><figure tabindex='0' class='pe-gallery-item ' ><div class='pe-gallery-image landscape'>\n\t\t\t\t\t\t\t<a href=\"https:\/\/labunie.com.pl\/wp-content\/uploads\/2016\/06\/Jastrz\u0119bska-Ilona-kl.-II-SP-\u0141abunie.jpg\" data-rel=\"lightbox-gallery-5RPciyrx\" data-rl_title=\"\" data-rl_caption=\"\" title=\"\"><img loading=\"lazy\" decoding=\"async\" width=\"300\" height=\"214\" src=\"https:\/\/labunie.com.pl\/wp-content\/uploads\/2016\/06\/Jastrz\u0119bska-Ilona-kl.-II-SP-\u0141abunie-300x214.jpg\" class=\"attachment-medium size-medium\" alt=\"Jastrz\u0119bska Ilona kl. II SP \u0141abunie\" data-no-retina=\"\" aria-describedby=\"gallery-1-3488\" srcset=\"https:\/\/labunie.com.pl\/wp-content\/uploads\/2016\/06\/Jastrz\u0119bska-Ilona-kl.-II-SP-\u0141abunie-300x214.jpg 300w, https:\/\/labunie.com.pl\/wp-content\/uploads\/2016\/06\/Jastrz\u0119bska-Ilona-kl.-II-SP-\u0141abunie-768x548.jpg 768w, https:\/\/labunie.com.pl\/wp-content\/uploads\/2016\/06\/Jastrz\u0119bska-Ilona-kl.-II-SP-\u0141abunie.jpg 1000w\" sizes=\"auto, (max-width: 300px) 100vw, 300px\" \/><\/a>\n\t\t\t\t\t\t<\/div><figcaption class='wp-caption-text pe-gallery-caption'>\n\t\t\t\t\t\t\t\tJastrz\u0119bska Ilona kl. II SP \u0141abunie\n\t\t\t\t\t\t\t<\/figcaption><\/figure><\/div><div class='col-md-3'><figure tabindex='0' class='pe-gallery-item ' ><div class='pe-gallery-image landscape'>\n\t\t\t\t\t\t\t<a href=\"https:\/\/labunie.com.pl\/wp-content\/uploads\/2016\/06\/Karchut-Kinga-kl.-III-SP-\u0141abunie.jpg\" data-rel=\"lightbox-gallery-5RPciyrx\" data-rl_title=\"\" data-rl_caption=\"\" title=\"\"><img loading=\"lazy\" decoding=\"async\" width=\"300\" height=\"215\" src=\"https:\/\/labunie.com.pl\/wp-content\/uploads\/2016\/06\/Karchut-Kinga-kl.-III-SP-\u0141abunie-300x215.jpg\" class=\"attachment-medium size-medium\" alt=\"Karchut Kinga kl. III SP \u0141abunie\" data-no-retina=\"\" aria-describedby=\"gallery-1-3489\" srcset=\"https:\/\/labunie.com.pl\/wp-content\/uploads\/2016\/06\/Karchut-Kinga-kl.-III-SP-\u0141abunie-300x215.jpg 300w, https:\/\/labunie.com.pl\/wp-content\/uploads\/2016\/06\/Karchut-Kinga-kl.-III-SP-\u0141abunie-768x550.jpg 768w, https:\/\/labunie.com.pl\/wp-content\/uploads\/2016\/06\/Karchut-Kinga-kl.-III-SP-\u0141abunie.jpg 1000w\" sizes=\"auto, (max-width: 300px) 100vw, 300px\" \/><\/a>\n\t\t\t\t\t\t<\/div><figcaption class='wp-caption-text pe-gallery-caption'>\n\t\t\t\t\t\t\t\tKarchut Kinga kl. III SP \u0141abunie\n\t\t\t\t\t\t\t<\/figcaption><\/figure><\/div><div class='col-md-3'><figure tabindex='0' class='pe-gallery-item ' ><div class='pe-gallery-image landscape'>\n\t\t\t\t\t\t\t<a href=\"https:\/\/labunie.com.pl\/wp-content\/uploads\/2016\/06\/Kierepka-Liliana-4-lata-PP-\u0141abunie.jpg\" data-rel=\"lightbox-gallery-5RPciyrx\" data-rl_title=\"\" data-rl_caption=\"\" title=\"\"><img loading=\"lazy\" decoding=\"async\" width=\"300\" height=\"206\" src=\"https:\/\/labunie.com.pl\/wp-content\/uploads\/2016\/06\/Kierepka-Liliana-4-lata-PP-\u0141abunie-300x206.jpg\" class=\"attachment-medium size-medium\" alt=\"Kierepka Liliana 4 lata PP \u0141abunie\" data-no-retina=\"\" aria-describedby=\"gallery-1-3490\" srcset=\"https:\/\/labunie.com.pl\/wp-content\/uploads\/2016\/06\/Kierepka-Liliana-4-lata-PP-\u0141abunie-300x206.jpg 300w, https:\/\/labunie.com.pl\/wp-content\/uploads\/2016\/06\/Kierepka-Liliana-4-lata-PP-\u0141abunie-768x527.jpg 768w, https:\/\/labunie.com.pl\/wp-content\/uploads\/2016\/06\/Kierepka-Liliana-4-lata-PP-\u0141abunie.jpg 1000w\" sizes=\"auto, (max-width: 300px) 100vw, 300px\" \/><\/a>\n\t\t\t\t\t\t<\/div><figcaption class='wp-caption-text pe-gallery-caption'>\n\t\t\t\t\t\t\t\tKierepka Liliana 4 lata PP \u0141abunie\n\t\t\t\t\t\t\t<\/figcaption><\/figure><\/div><div class='col-md-3'><figure tabindex='0' class='pe-gallery-item ' ><div class='pe-gallery-image landscape'>\n\t\t\t\t\t\t\t<a href=\"https:\/\/labunie.com.pl\/wp-content\/uploads\/2016\/06\/Kuduk-Micha\u0142-kl.-III-SP-\u0141abunie.jpg\" data-rel=\"lightbox-gallery-5RPciyrx\" data-rl_title=\"\" data-rl_caption=\"\" title=\"\"><img loading=\"lazy\" decoding=\"async\" width=\"300\" height=\"209\" src=\"https:\/\/labunie.com.pl\/wp-content\/uploads\/2016\/06\/Kuduk-Micha\u0142-kl.-III-SP-\u0141abunie-300x209.jpg\" class=\"attachment-medium size-medium\" alt=\"Kuduk Micha\u0142 kl. III SP \u0141abunie\" data-no-retina=\"\" aria-describedby=\"gallery-1-3491\" srcset=\"https:\/\/labunie.com.pl\/wp-content\/uploads\/2016\/06\/Kuduk-Micha\u0142-kl.-III-SP-\u0141abunie-300x209.jpg 300w, https:\/\/labunie.com.pl\/wp-content\/uploads\/2016\/06\/Kuduk-Micha\u0142-kl.-III-SP-\u0141abunie-768x536.jpg 768w, https:\/\/labunie.com.pl\/wp-content\/uploads\/2016\/06\/Kuduk-Micha\u0142-kl.-III-SP-\u0141abunie.jpg 1000w\" sizes=\"auto, (max-width: 300px) 100vw, 300px\" \/><\/a>\n\t\t\t\t\t\t<\/div><figcaption class='wp-caption-text pe-gallery-caption'>\n\t\t\t\t\t\t\t\tKuduk Micha\u0142 kl. III SP \u0141abunie\n\t\t\t\t\t\t\t<\/figcaption><\/figure><\/div><div class='col-md-3'><figure tabindex='0' class='pe-gallery-item ' ><div class='pe-gallery-image landscape'>\n\t\t\t\t\t\t\t<a href=\"https:\/\/labunie.com.pl\/wp-content\/uploads\/2016\/06\/Mazurek-Alan-kl.-III-SP-\u0141abunie.jpg\" data-rel=\"lightbox-gallery-5RPciyrx\" data-rl_title=\"\" data-rl_caption=\"\" title=\"\"><img loading=\"lazy\" decoding=\"async\" width=\"300\" height=\"214\" src=\"https:\/\/labunie.com.pl\/wp-content\/uploads\/2016\/06\/Mazurek-Alan-kl.-III-SP-\u0141abunie-300x214.jpg\" class=\"attachment-medium size-medium\" alt=\"Mazurek Alan kl. III SP \u0141abunie\" data-no-retina=\"\" aria-describedby=\"gallery-1-3492\" srcset=\"https:\/\/labunie.com.pl\/wp-content\/uploads\/2016\/06\/Mazurek-Alan-kl.-III-SP-\u0141abunie-300x214.jpg 300w, https:\/\/labunie.com.pl\/wp-content\/uploads\/2016\/06\/Mazurek-Alan-kl.-III-SP-\u0141abunie-768x548.jpg 768w, https:\/\/labunie.com.pl\/wp-content\/uploads\/2016\/06\/Mazurek-Alan-kl.-III-SP-\u0141abunie.jpg 1000w\" sizes=\"auto, (max-width: 300px) 100vw, 300px\" \/><\/a>\n\t\t\t\t\t\t<\/div><figcaption class='wp-caption-text pe-gallery-caption'>\n\t\t\t\t\t\t\t\tMazurek Alan kl. III SP \u0141abunie\n\t\t\t\t\t\t\t<\/figcaption><\/figure><\/div><div class='col-md-3'><figure tabindex='0' class='pe-gallery-item ' ><div class='pe-gallery-image portrait'>\n\t\t\t\t\t\t\t<a href=\"https:\/\/labunie.com.pl\/wp-content\/uploads\/2016\/06\/Mr\u00f3z-Natalia-5-lat-SP-\u0141abu\u0144ki.jpg\" data-rel=\"lightbox-gallery-5RPciyrx\" data-rl_title=\"\" data-rl_caption=\"\" title=\"\"><img loading=\"lazy\" decoding=\"async\" width=\"204\" height=\"300\" src=\"https:\/\/labunie.com.pl\/wp-content\/uploads\/2016\/06\/Mr\u00f3z-Natalia-5-lat-SP-\u0141abu\u0144ki-204x300.jpg\" class=\"attachment-medium size-medium\" alt=\"Mr\u00f3z Natalia 5 lat SP \u0141abu\u0144ki\" data-no-retina=\"\" aria-describedby=\"gallery-1-3493\" srcset=\"https:\/\/labunie.com.pl\/wp-content\/uploads\/2016\/06\/Mr\u00f3z-Natalia-5-lat-SP-\u0141abu\u0144ki-204x300.jpg 204w, https:\/\/labunie.com.pl\/wp-content\/uploads\/2016\/06\/Mr\u00f3z-Natalia-5-lat-SP-\u0141abu\u0144ki.jpg 680w\" sizes=\"auto, (max-width: 204px) 100vw, 204px\" \/><\/a>\n\t\t\t\t\t\t<\/div><figcaption class='wp-caption-text pe-gallery-caption'>\n\t\t\t\t\t\t\t\tMr\u00f3z Natalia 5 lat SP \u0141abu\u0144ki\n\t\t\t\t\t\t\t<\/figcaption><\/figure><\/div><div class='col-md-3'><figure tabindex='0' class='pe-gallery-item ' ><div class='pe-gallery-image landscape'>\n\t\t\t\t\t\t\t<a href=\"https:\/\/labunie.com.pl\/wp-content\/uploads\/2016\/06\/Nicpo\u0144-Krystian-kl.-III-SP-\u0141abunie.jpg\" data-rel=\"lightbox-gallery-5RPciyrx\" data-rl_title=\"\" data-rl_caption=\"\" title=\"\"><img loading=\"lazy\" decoding=\"async\" width=\"300\" height=\"212\" src=\"https:\/\/labunie.com.pl\/wp-content\/uploads\/2016\/06\/Nicpo\u0144-Krystian-kl.-III-SP-\u0141abunie-300x212.jpg\" class=\"attachment-medium size-medium\" alt=\"Nicpo\u0144 Krystian kl. III SP \u0141abunie\" data-no-retina=\"\" aria-describedby=\"gallery-1-3494\" srcset=\"https:\/\/labunie.com.pl\/wp-content\/uploads\/2016\/06\/Nicpo\u0144-Krystian-kl.-III-SP-\u0141abunie-300x212.jpg 300w, https:\/\/labunie.com.pl\/wp-content\/uploads\/2016\/06\/Nicpo\u0144-Krystian-kl.-III-SP-\u0141abunie-768x543.jpg 768w, https:\/\/labunie.com.pl\/wp-content\/uploads\/2016\/06\/Nicpo\u0144-Krystian-kl.-III-SP-\u0141abunie.jpg 1000w\" sizes=\"auto, (max-width: 300px) 100vw, 300px\" \/><\/a>\n\t\t\t\t\t\t<\/div><figcaption class='wp-caption-text pe-gallery-caption'>\n\t\t\t\t\t\t\t\tNicpo\u0144 Krystian kl. III SP \u0141abunie\n\t\t\t\t\t\t\t<\/figcaption><\/figure><\/div><div class='col-md-3'><figure tabindex='0' class='pe-gallery-item ' ><div class='pe-gallery-image landscape'>\n\t\t\t\t\t\t\t<a href=\"https:\/\/labunie.com.pl\/wp-content\/uploads\/2016\/06\/Palonka-Wiktoria-kl.-I-SP-\u0141abu\u0144ki.jpg\" data-rel=\"lightbox-gallery-5RPciyrx\" data-rl_title=\"\" data-rl_caption=\"\" title=\"\"><img loading=\"lazy\" decoding=\"async\" width=\"300\" height=\"211\" src=\"https:\/\/labunie.com.pl\/wp-content\/uploads\/2016\/06\/Palonka-Wiktoria-kl.-I-SP-\u0141abu\u0144ki-300x211.jpg\" class=\"attachment-medium size-medium\" alt=\"Palonka Wiktoria kl. I SP \u0141abu\u0144ki\" data-no-retina=\"\" aria-describedby=\"gallery-1-3495\" srcset=\"https:\/\/labunie.com.pl\/wp-content\/uploads\/2016\/06\/Palonka-Wiktoria-kl.-I-SP-\u0141abu\u0144ki-300x211.jpg 300w, https:\/\/labunie.com.pl\/wp-content\/uploads\/2016\/06\/Palonka-Wiktoria-kl.-I-SP-\u0141abu\u0144ki-768x540.jpg 768w, https:\/\/labunie.com.pl\/wp-content\/uploads\/2016\/06\/Palonka-Wiktoria-kl.-I-SP-\u0141abu\u0144ki.jpg 1000w\" sizes=\"auto, (max-width: 300px) 100vw, 300px\" \/><\/a>\n\t\t\t\t\t\t<\/div><figcaption class='wp-caption-text pe-gallery-caption'>\n\t\t\t\t\t\t\t\tPalonka Wiktoria kl. I SP \u0141abu\u0144ki\n\t\t\t\t\t\t\t<\/figcaption><\/figure><\/div><div class='col-md-3'><figure tabindex='0' class='pe-gallery-item ' ><div class='pe-gallery-image landscape'>\n\t\t\t\t\t\t\t<a href=\"https:\/\/labunie.com.pl\/wp-content\/uploads\/2016\/06\/Pi\u0142at-Alicja-kl.-I-SP-\u0141abunie.jpg\" data-rel=\"lightbox-gallery-5RPciyrx\" data-rl_title=\"\" data-rl_caption=\"\" title=\"\"><img loading=\"lazy\" decoding=\"async\" width=\"300\" height=\"206\" src=\"https:\/\/labunie.com.pl\/wp-content\/uploads\/2016\/06\/Pi\u0142at-Alicja-kl.-I-SP-\u0141abunie-300x206.jpg\" class=\"attachment-medium size-medium\" alt=\"Pi\u0142at Alicja kl. I SP \u0141abunie\" data-no-retina=\"\" aria-describedby=\"gallery-1-3496\" srcset=\"https:\/\/labunie.com.pl\/wp-content\/uploads\/2016\/06\/Pi\u0142at-Alicja-kl.-I-SP-\u0141abunie-300x206.jpg 300w, https:\/\/labunie.com.pl\/wp-content\/uploads\/2016\/06\/Pi\u0142at-Alicja-kl.-I-SP-\u0141abunie-768x527.jpg 768w, https:\/\/labunie.com.pl\/wp-content\/uploads\/2016\/06\/Pi\u0142at-Alicja-kl.-I-SP-\u0141abunie.jpg 1000w\" sizes=\"auto, (max-width: 300px) 100vw, 300px\" \/><\/a>\n\t\t\t\t\t\t<\/div><figcaption class='wp-caption-text pe-gallery-caption'>\n\t\t\t\t\t\t\t\tPi\u0142at Alicja kl. I SP \u0141abunie\n\t\t\t\t\t\t\t<\/figcaption><\/figure><\/div><div class='col-md-3'><figure tabindex='0' class='pe-gallery-item ' ><div class='pe-gallery-image landscape'>\n\t\t\t\t\t\t\t<a href=\"https:\/\/labunie.com.pl\/wp-content\/uploads\/2016\/06\/Roma\u0144czuk-Jakub-kl.-II-SP-\u0141abunie.jpg\" data-rel=\"lightbox-gallery-5RPciyrx\" data-rl_title=\"\" data-rl_caption=\"\" title=\"\"><img loading=\"lazy\" decoding=\"async\" width=\"300\" height=\"209\" src=\"https:\/\/labunie.com.pl\/wp-content\/uploads\/2016\/06\/Roma\u0144czuk-Jakub-kl.-II-SP-\u0141abunie-300x209.jpg\" class=\"attachment-medium size-medium\" alt=\"Roma\u0144czuk Jakub kl. II SP \u0141abunie\" data-no-retina=\"\" aria-describedby=\"gallery-1-3497\" srcset=\"https:\/\/labunie.com.pl\/wp-content\/uploads\/2016\/06\/Roma\u0144czuk-Jakub-kl.-II-SP-\u0141abunie-300x209.jpg 300w, https:\/\/labunie.com.pl\/wp-content\/uploads\/2016\/06\/Roma\u0144czuk-Jakub-kl.-II-SP-\u0141abunie-768x535.jpg 768w, https:\/\/labunie.com.pl\/wp-content\/uploads\/2016\/06\/Roma\u0144czuk-Jakub-kl.-II-SP-\u0141abunie.jpg 1000w\" sizes=\"auto, (max-width: 300px) 100vw, 300px\" \/><\/a>\n\t\t\t\t\t\t<\/div><figcaption class='wp-caption-text pe-gallery-caption'>\n\t\t\t\t\t\t\t\tRoma\u0144czuk Jakub kl. II SP \u0141abunie\n\t\t\t\t\t\t\t<\/figcaption><\/figure><\/div><div class='col-md-3'><figure tabindex='0' class='pe-gallery-item ' ><div class='pe-gallery-image portrait'>\n\t\t\t\t\t\t\t<a href=\"https:\/\/labunie.com.pl\/wp-content\/uploads\/2016\/06\/Rozkres-Weronika-kl.-II-SP-\u0141abunie.jpg\" data-rel=\"lightbox-gallery-5RPciyrx\" data-rl_title=\"\" data-rl_caption=\"\" title=\"\"><img loading=\"lazy\" decoding=\"async\" width=\"214\" height=\"300\" src=\"https:\/\/labunie.com.pl\/wp-content\/uploads\/2016\/06\/Rozkres-Weronika-kl.-II-SP-\u0141abunie-214x300.jpg\" class=\"attachment-medium size-medium\" alt=\"Rozkres Weronika kl. II SP \u0141abunie\" data-no-retina=\"\" aria-describedby=\"gallery-1-3498\" srcset=\"https:\/\/labunie.com.pl\/wp-content\/uploads\/2016\/06\/Rozkres-Weronika-kl.-II-SP-\u0141abunie-214x300.jpg 214w, https:\/\/labunie.com.pl\/wp-content\/uploads\/2016\/06\/Rozkres-Weronika-kl.-II-SP-\u0141abunie.jpg 712w\" sizes=\"auto, (max-width: 214px) 100vw, 214px\" \/><\/a>\n\t\t\t\t\t\t<\/div><figcaption class='wp-caption-text pe-gallery-caption'>\n\t\t\t\t\t\t\t\tRozkres Weronika kl. II SP \u0141abunie\n\t\t\t\t\t\t\t<\/figcaption><\/figure><\/div><div class='col-md-3'><figure tabindex='0' class='pe-gallery-item ' ><div class='pe-gallery-image landscape'>\n\t\t\t\t\t\t\t<a href=\"https:\/\/labunie.com.pl\/wp-content\/uploads\/2016\/06\/Skiba-Marlena-5-lat-PP-\u0141abu\u0144ki.jpg\" data-rel=\"lightbox-gallery-5RPciyrx\" data-rl_title=\"\" data-rl_caption=\"\" title=\"\"><img loading=\"lazy\" decoding=\"async\" width=\"300\" height=\"209\" src=\"https:\/\/labunie.com.pl\/wp-content\/uploads\/2016\/06\/Skiba-Marlena-5-lat-PP-\u0141abu\u0144ki-300x209.jpg\" class=\"attachment-medium size-medium\" alt=\"Skiba Marlena 5 lat PP \u0141abu\u0144ki\" data-no-retina=\"\" aria-describedby=\"gallery-1-3499\" srcset=\"https:\/\/labunie.com.pl\/wp-content\/uploads\/2016\/06\/Skiba-Marlena-5-lat-PP-\u0141abu\u0144ki-300x209.jpg 300w, https:\/\/labunie.com.pl\/wp-content\/uploads\/2016\/06\/Skiba-Marlena-5-lat-PP-\u0141abu\u0144ki-768x535.jpg 768w, https:\/\/labunie.com.pl\/wp-content\/uploads\/2016\/06\/Skiba-Marlena-5-lat-PP-\u0141abu\u0144ki.jpg 1000w\" sizes=\"auto, (max-width: 300px) 100vw, 300px\" \/><\/a>\n\t\t\t\t\t\t<\/div><figcaption class='wp-caption-text pe-gallery-caption'>\n\t\t\t\t\t\t\t\tSkiba Marlena 5 lat PP \u0141abu\u0144ki\n\t\t\t\t\t\t\t<\/figcaption><\/figure><\/div><div class='col-md-3'><figure tabindex='0' class='pe-gallery-item ' ><div class='pe-gallery-image landscape'>\n\t\t\t\t\t\t\t<a href=\"https:\/\/labunie.com.pl\/wp-content\/uploads\/2016\/06\/Skubisz-Anna-3-lata-PP-\u0141abunie.jpg\" data-rel=\"lightbox-gallery-5RPciyrx\" data-rl_title=\"\" data-rl_caption=\"\" title=\"\"><img loading=\"lazy\" decoding=\"async\" width=\"300\" height=\"209\" src=\"https:\/\/labunie.com.pl\/wp-content\/uploads\/2016\/06\/Skubisz-Anna-3-lata-PP-\u0141abunie-300x209.jpg\" class=\"attachment-medium size-medium\" alt=\"Skubisz Anna 3 lata PP \u0141abunie\" data-no-retina=\"\" aria-describedby=\"gallery-1-3500\" srcset=\"https:\/\/labunie.com.pl\/wp-content\/uploads\/2016\/06\/Skubisz-Anna-3-lata-PP-\u0141abunie-300x209.jpg 300w, https:\/\/labunie.com.pl\/wp-content\/uploads\/2016\/06\/Skubisz-Anna-3-lata-PP-\u0141abunie-768x536.jpg 768w, https:\/\/labunie.com.pl\/wp-content\/uploads\/2016\/06\/Skubisz-Anna-3-lata-PP-\u0141abunie.jpg 1000w\" sizes=\"auto, (max-width: 300px) 100vw, 300px\" \/><\/a>\n\t\t\t\t\t\t<\/div><figcaption class='wp-caption-text pe-gallery-caption'>\n\t\t\t\t\t\t\t\tSkubisz Anna 3 lata PP \u0141abunie\n\t\t\t\t\t\t\t<\/figcaption><\/figure><\/div><div class='col-md-3'><figure tabindex='0' class='pe-gallery-item ' ><div class='pe-gallery-image landscape'>\n\t\t\t\t\t\t\t<a href=\"https:\/\/labunie.com.pl\/wp-content\/uploads\/2016\/06\/Starszuk-Bart\u0142omiej-kl.-I-SP-\u0141abu\u0144ki.jpg\" data-rel=\"lightbox-gallery-5RPciyrx\" data-rl_title=\"\" data-rl_caption=\"\" title=\"\"><img loading=\"lazy\" decoding=\"async\" width=\"300\" height=\"214\" src=\"https:\/\/labunie.com.pl\/wp-content\/uploads\/2016\/06\/Starszuk-Bart\u0142omiej-kl.-I-SP-\u0141abu\u0144ki-300x214.jpg\" class=\"attachment-medium size-medium\" alt=\"Starszuk Bart\u0142omiej kl. I SP \u0141abu\u0144ki\" data-no-retina=\"\" aria-describedby=\"gallery-1-3501\" srcset=\"https:\/\/labunie.com.pl\/wp-content\/uploads\/2016\/06\/Starszuk-Bart\u0142omiej-kl.-I-SP-\u0141abu\u0144ki-300x214.jpg 300w, https:\/\/labunie.com.pl\/wp-content\/uploads\/2016\/06\/Starszuk-Bart\u0142omiej-kl.-I-SP-\u0141abu\u0144ki-768x548.jpg 768w, https:\/\/labunie.com.pl\/wp-content\/uploads\/2016\/06\/Starszuk-Bart\u0142omiej-kl.-I-SP-\u0141abu\u0144ki.jpg 1000w\" sizes=\"auto, (max-width: 300px) 100vw, 300px\" \/><\/a>\n\t\t\t\t\t\t<\/div><figcaption class='wp-caption-text pe-gallery-caption'>\n\t\t\t\t\t\t\t\tStarszuk Bart\u0142omiej kl. I SP \u0141abu\u0144ki\n\t\t\t\t\t\t\t<\/figcaption><\/figure><\/div><div class='col-md-3'><figure tabindex='0' class='pe-gallery-item ' ><div class='pe-gallery-image landscape'>\n\t\t\t\t\t\t\t<a href=\"https:\/\/labunie.com.pl\/wp-content\/uploads\/2016\/06\/Synowiec-Micha\u0142-5-lat-PP-Rusz\u00f3w.jpg\" data-rel=\"lightbox-gallery-5RPciyrx\" data-rl_title=\"\" data-rl_caption=\"\" title=\"\"><img loading=\"lazy\" decoding=\"async\" width=\"300\" height=\"212\" src=\"https:\/\/labunie.com.pl\/wp-content\/uploads\/2016\/06\/Synowiec-Micha\u0142-5-lat-PP-Rusz\u00f3w-300x212.jpg\" class=\"attachment-medium size-medium\" alt=\"Synowiec Micha\u0142 5 lat PP Rusz\u00f3w\" data-no-retina=\"\" aria-describedby=\"gallery-1-3502\" srcset=\"https:\/\/labunie.com.pl\/wp-content\/uploads\/2016\/06\/Synowiec-Micha\u0142-5-lat-PP-Rusz\u00f3w-300x212.jpg 300w, https:\/\/labunie.com.pl\/wp-content\/uploads\/2016\/06\/Synowiec-Micha\u0142-5-lat-PP-Rusz\u00f3w-768x543.jpg 768w, https:\/\/labunie.com.pl\/wp-content\/uploads\/2016\/06\/Synowiec-Micha\u0142-5-lat-PP-Rusz\u00f3w.jpg 1000w\" sizes=\"auto, (max-width: 300px) 100vw, 300px\" \/><\/a>\n\t\t\t\t\t\t<\/div><figcaption class='wp-caption-text pe-gallery-caption'>\n\t\t\t\t\t\t\t\tSynowiec Micha\u0142 5 lat PP Rusz\u00f3w\n\t\t\t\t\t\t\t<\/figcaption><\/figure><\/div><div class='col-md-3'><figure tabindex='0' class='pe-gallery-item ' ><div class='pe-gallery-image portrait'>\n\t\t\t\t\t\t\t<a href=\"https:\/\/labunie.com.pl\/wp-content\/uploads\/2016\/06\/Turczyn-Lena-5-lat-PP-\u0141abu\u0144ki.jpg\" data-rel=\"lightbox-gallery-5RPciyrx\" data-rl_title=\"\" data-rl_caption=\"\" title=\"\"><img loading=\"lazy\" decoding=\"async\" width=\"204\" height=\"300\" src=\"https:\/\/labunie.com.pl\/wp-content\/uploads\/2016\/06\/Turczyn-Lena-5-lat-PP-\u0141abu\u0144ki-204x300.jpg\" class=\"attachment-medium size-medium\" alt=\"Turczyn Lena 5 lat PP \u0141abu\u0144ki\" data-no-retina=\"\" aria-describedby=\"gallery-1-3503\" srcset=\"https:\/\/labunie.com.pl\/wp-content\/uploads\/2016\/06\/Turczyn-Lena-5-lat-PP-\u0141abu\u0144ki-204x300.jpg 204w, https:\/\/labunie.com.pl\/wp-content\/uploads\/2016\/06\/Turczyn-Lena-5-lat-PP-\u0141abu\u0144ki.jpg 680w\" sizes=\"auto, (max-width: 204px) 100vw, 204px\" \/><\/a>\n\t\t\t\t\t\t<\/div><figcaption class='wp-caption-text pe-gallery-caption'>\n\t\t\t\t\t\t\t\tTurczyn Lena 5 lat PP \u0141abu\u0144ki\n\t\t\t\t\t\t\t<\/figcaption><\/figure><\/div><div class='col-md-3'><figure tabindex='0' class='pe-gallery-item ' ><div class='pe-gallery-image landscape'>\n\t\t\t\t\t\t\t<a href=\"https:\/\/labunie.com.pl\/wp-content\/uploads\/2016\/06\/Typiak-Aleksandra-kl.-II-SF-Rusz\u00f3w.jpg\" data-rel=\"lightbox-gallery-5RPciyrx\" data-rl_title=\"\" data-rl_caption=\"\" title=\"\"><img loading=\"lazy\" decoding=\"async\" width=\"300\" height=\"209\" src=\"https:\/\/labunie.com.pl\/wp-content\/uploads\/2016\/06\/Typiak-Aleksandra-kl.-II-SF-Rusz\u00f3w-300x209.jpg\" class=\"attachment-medium size-medium\" alt=\"Typiak Aleksandra kl. II SF Rusz\u00f3w\" data-no-retina=\"\" aria-describedby=\"gallery-1-3504\" srcset=\"https:\/\/labunie.com.pl\/wp-content\/uploads\/2016\/06\/Typiak-Aleksandra-kl.-II-SF-Rusz\u00f3w-300x209.jpg 300w, https:\/\/labunie.com.pl\/wp-content\/uploads\/2016\/06\/Typiak-Aleksandra-kl.-II-SF-Rusz\u00f3w-768x535.jpg 768w, https:\/\/labunie.com.pl\/wp-content\/uploads\/2016\/06\/Typiak-Aleksandra-kl.-II-SF-Rusz\u00f3w.jpg 1000w\" sizes=\"auto, (max-width: 300px) 100vw, 300px\" \/><\/a>\n\t\t\t\t\t\t<\/div><figcaption class='wp-caption-text pe-gallery-caption'>\n\t\t\t\t\t\t\t\tTypiak Aleksandra kl. II SF Rusz\u00f3w\n\t\t\t\t\t\t\t<\/figcaption><\/figure><\/div><div class='col-md-3'><figure tabindex='0' class='pe-gallery-item ' ><div class='pe-gallery-image landscape'>\n\t\t\t\t\t\t\t<a href=\"https:\/\/labunie.com.pl\/wp-content\/uploads\/2016\/06\/Typiak-Kamil-5-lat-PP-Rusz\u00f3w.jpg\" data-rel=\"lightbox-gallery-5RPciyrx\" data-rl_title=\"\" data-rl_caption=\"\" title=\"\"><img loading=\"lazy\" decoding=\"async\" width=\"300\" height=\"212\" src=\"https:\/\/labunie.com.pl\/wp-content\/uploads\/2016\/06\/Typiak-Kamil-5-lat-PP-Rusz\u00f3w-300x212.jpg\" class=\"attachment-medium size-medium\" alt=\"Typiak Kamil 5 lat PP Rusz\u00f3w\" data-no-retina=\"\" aria-describedby=\"gallery-1-3505\" srcset=\"https:\/\/labunie.com.pl\/wp-content\/uploads\/2016\/06\/Typiak-Kamil-5-lat-PP-Rusz\u00f3w-300x212.jpg 300w, https:\/\/labunie.com.pl\/wp-content\/uploads\/2016\/06\/Typiak-Kamil-5-lat-PP-Rusz\u00f3w-768x543.jpg 768w, https:\/\/labunie.com.pl\/wp-content\/uploads\/2016\/06\/Typiak-Kamil-5-lat-PP-Rusz\u00f3w.jpg 1000w\" sizes=\"auto, (max-width: 300px) 100vw, 300px\" \/><\/a>\n\t\t\t\t\t\t<\/div><figcaption class='wp-caption-text pe-gallery-caption'>\n\t\t\t\t\t\t\t\tTypiak Kamil 5 lat PP Rusz\u00f3w\n\t\t\t\t\t\t\t<\/figcaption><\/figure><\/div><div class='col-md-3'><figure tabindex='0' class='pe-gallery-item ' ><div class='pe-gallery-image portrait'>\n\t\t\t\t\t\t\t<a href=\"https:\/\/labunie.com.pl\/wp-content\/uploads\/2016\/06\/Wiater-Natalia-5-lat-PP-Rusz\u00f3w.jpg\" data-rel=\"lightbox-gallery-5RPciyrx\" data-rl_title=\"\" data-rl_caption=\"\" title=\"\"><img loading=\"lazy\" decoding=\"async\" width=\"211\" height=\"300\" src=\"https:\/\/labunie.com.pl\/wp-content\/uploads\/2016\/06\/Wiater-Natalia-5-lat-PP-Rusz\u00f3w-211x300.jpg\" class=\"attachment-medium size-medium\" alt=\"Wiater Natalia 5 lat PP Rusz\u00f3w\" data-no-retina=\"\" aria-describedby=\"gallery-1-3506\" srcset=\"https:\/\/labunie.com.pl\/wp-content\/uploads\/2016\/06\/Wiater-Natalia-5-lat-PP-Rusz\u00f3w-211x300.jpg 211w, https:\/\/labunie.com.pl\/wp-content\/uploads\/2016\/06\/Wiater-Natalia-5-lat-PP-Rusz\u00f3w.jpg 704w\" sizes=\"auto, (max-width: 211px) 100vw, 211px\" \/><\/a>\n\t\t\t\t\t\t<\/div><figcaption class='wp-caption-text pe-gallery-caption'>\n\t\t\t\t\t\t\t\tWiater Natalia 5 lat PP Rusz\u00f3w\n\t\t\t\t\t\t\t<\/figcaption><\/figure><\/div><div class='col-md-3'><figure tabindex='0' class='pe-gallery-item ' ><div class='pe-gallery-image portrait'>\n\t\t\t\t\t\t\t<a href=\"https:\/\/labunie.com.pl\/wp-content\/uploads\/2016\/06\/Zygmunt-Patryk-5-lat-PP-\u0141abu\u0144ki.jpg\" data-rel=\"lightbox-gallery-5RPciyrx\" data-rl_title=\"\" data-rl_caption=\"\" title=\"\"><img loading=\"lazy\" decoding=\"async\" width=\"209\" height=\"300\" src=\"https:\/\/labunie.com.pl\/wp-content\/uploads\/2016\/06\/Zygmunt-Patryk-5-lat-PP-\u0141abu\u0144ki-209x300.jpg\" class=\"attachment-medium size-medium\" alt=\"Zygmunt Patryk 5 lat PP \u0141abu\u0144ki\" data-no-retina=\"\" aria-describedby=\"gallery-1-3507\" srcset=\"https:\/\/labunie.com.pl\/wp-content\/uploads\/2016\/06\/Zygmunt-Patryk-5-lat-PP-\u0141abu\u0144ki-209x300.jpg 209w, https:\/\/labunie.com.pl\/wp-content\/uploads\/2016\/06\/Zygmunt-Patryk-5-lat-PP-\u0141abu\u0144ki.jpg 696w\" sizes=\"auto, (max-width: 209px) 100vw, 209px\" \/><\/a>\n\t\t\t\t\t\t<\/div><figcaption class='wp-caption-text pe-gallery-caption'>\n\t\t\t\t\t\t\t\tZygmunt Patryk 5 lat PP \u0141abu\u0144ki\n\t\t\t\t\t\t\t<\/figcaption><\/figure><\/div><div class='col-md-3'><figure tabindex='0' class='pe-gallery-item ' ><div class='pe-gallery-image landscape'>\n\t\t\t\t\t\t\t<a href=\"https:\/\/labunie.com.pl\/wp-content\/uploads\/2016\/06\/\u017byczkiewicz-Wiktoria-kl.-II-SP-\u0141abunie.jpg\" data-rel=\"lightbox-gallery-5RPciyrx\" data-rl_title=\"\" data-rl_caption=\"\" title=\"\"><img loading=\"lazy\" decoding=\"async\" width=\"300\" height=\"214\" src=\"https:\/\/labunie.com.pl\/wp-content\/uploads\/2016\/06\/\u017byczkiewicz-Wiktoria-kl.-II-SP-\u0141abunie-300x214.jpg\" class=\"attachment-medium size-medium\" alt=\"\u017byczkiewicz Wiktoria kl. II SP \u0141abunie\" data-no-retina=\"\" aria-describedby=\"gallery-1-3508\" srcset=\"https:\/\/labunie.com.pl\/wp-content\/uploads\/2016\/06\/\u017byczkiewicz-Wiktoria-kl.-II-SP-\u0141abunie-300x214.jpg 300w, https:\/\/labunie.com.pl\/wp-content\/uploads\/2016\/06\/\u017byczkiewicz-Wiktoria-kl.-II-SP-\u0141abunie-768x548.jpg 768w, https:\/\/labunie.com.pl\/wp-content\/uploads\/2016\/06\/\u017byczkiewicz-Wiktoria-kl.-II-SP-\u0141abunie.jpg 1000w\" sizes=\"auto, (max-width: 300px) 100vw, 300px\" \/><\/a>\n\t\t\t\t\t\t<\/div><figcaption class='wp-caption-text pe-gallery-caption'>\n\t\t\t\t\t\t\t\t\u017byczkiewicz Wiktoria kl. II SP \u0141abunie\n\t\t\t\t\t\t\t<\/figcaption><\/figure><\/div><\/div><\/div>\n<\/p>\n","protected":false},"excerpt":{"rendered":"<p>31 maja rozstrzygni\u0119to gminny konkurs plastyczny pt.: \u201eO czym marz\u0105 dzieci?\u201d. Na konkurs wp\u0142yn\u0119\u0142o 238 prac. Nagrod\u0119: Wyjazd do Kolorowego Ranczo otrzymuj\u0105:<\/p>\n","protected":false},"author":7,"featured_media":3479,"comment_status":"closed","ping_status":"closed","sticky":false,"template":"","format":"standard","meta":{"footnotes":""},"categories":[1],"tags":[],"class_list":["post-3478","post","type-post","status-publish","format-standard","has-post-thumbnail","hentry","category-wpisy","clearfix"],"_links":{"self":[{"href":"https:\/\/labunie.com.pl\/index.php?rest_route=\/wp\/v2\/posts\/3478","targetHints":{"allow":["GET"]}}],"collection":[{"href":"https:\/\/labunie.com.pl\/index.php?rest_route=\/wp\/v2\/posts"}],"about":[{"href":"https:\/\/labunie.com.pl\/index.php?rest_route=\/wp\/v2\/types\/post"}],"author":[{"embeddable":true,"href":"https:\/\/labunie.com.pl\/index.php?rest_route=\/wp\/v2\/users\/7"}],"replies":[{"embeddable":true,"href":"https:\/\/labunie.com.pl\/index.php?rest_route=%2Fwp%2Fv2%2Fcomments&post=3478"}],"version-history":[{"count":2,"href":"https:\/\/labunie.com.pl\/index.php?rest_route=\/wp\/v2\/posts\/3478\/revisions"}],"predecessor-version":[{"id":3510,"href":"https:\/\/labunie.com.pl\/index.php?rest_route=\/wp\/v2\/posts\/3478\/revisions\/3510"}],"wp:featuredmedia":[{"embeddable":true,"href":"https:\/\/labunie.com.pl\/index.php?rest_route=\/wp\/v2\/media\/3479"}],"wp:attachment":[{"href":"https:\/\/labunie.com.pl\/index.php?rest_route=%2Fwp%2Fv2%2Fmedia&parent=3478"}],"wp:term":[{"taxonomy":"category","embeddable":true,"href":"https:\/\/labunie.com.pl\/index.php?rest_route=%2Fwp%2Fv2%2Fcategories&post=3478"},{"taxonomy":"post_tag","embeddable":true,"href":"https:\/\/labunie.com.pl\/index.php?rest_route=%2Fwp%2Fv2%2Ftags&post=3478"}],"curies":[{"name":"wp","href":"https:\/\/api.w.org\/{rel}","templated":true}]}}