{"id":39060,"date":"2025-01-09T10:33:24","date_gmt":"2025-01-09T09:33:24","guid":{"rendered":"https:\/\/www.labunie.com.pl\/?p=39060"},"modified":"2025-01-09T10:33:25","modified_gmt":"2025-01-09T09:33:25","slug":"harmonogram-odbioru-odpadow-w-2025-r","status":"publish","type":"post","link":"https:\/\/labunie.com.pl\/?p=39060","title":{"rendered":"Harmonogram odbioru odpad\u00f3w w 2025 r."},"content":{"rendered":"\n<p><strong>Przedsi\u0119biorstwo Gospodarki Komunalnej Sp. z o. o. w Zamo\u015bciu podaje do wiadomo\u015bci harmonogram odbioru odpad\u00f3w komunalnych z terenu nieruchomo\u015bci zamieszka\u0142ych po\u0142o\u017conych na terenie Gminy \u0141abunie w 2025 roku.<\/strong><\/p>\n\n\n\n<!--more-->\n\n\n\n<div style=\"height:20px\" aria-hidden=\"true\" class=\"wp-block-spacer\"><\/div>\n\n\n\n<ul class=\"wp-block-list\"><li><a href=\"https:\/\/www.labunie.com.pl\/wp-content\/uploads\/2025\/01\/harmonogram_odpady_25-1.png\" data-rel=\"lightbox-gallery-bLg4UIq5\" data-rl_title=\"\" data-rl_caption=\"\" title=\"\">Barchacz\u00f3w<\/a><\/li><li><a href=\"https:\/\/www.labunie.com.pl\/wp-content\/uploads\/2025\/01\/harmonogram_odpady_25-1.png\" data-rel=\"lightbox-gallery-bLg4UIq5\" data-rl_title=\"\" data-rl_caption=\"\" title=\"\">Br\u00f3dek<\/a><\/li><li><a href=\"https:\/\/www.labunie.com.pl\/wp-content\/uploads\/2025\/01\/harmonogram_odpady_25-1.png\" data-rel=\"lightbox-gallery-bLg4UIq5\" data-rl_title=\"\" data-rl_caption=\"\" title=\"\">D\u0105browa<\/a><\/li><li><a href=\"https:\/\/www.labunie.com.pl\/wp-content\/uploads\/2025\/01\/harmonogram_odpady_25-1.png\" data-rel=\"lightbox-gallery-bLg4UIq5\" data-rl_title=\"\" data-rl_caption=\"\" title=\"\">\u0141abunie<\/a><\/li><li><a href=\"https:\/\/www.labunie.com.pl\/wp-content\/uploads\/2025\/01\/harmonogram_odpady_25-1.png\" data-rel=\"lightbox-gallery-bLg4UIq5\" data-rl_title=\"\" data-rl_caption=\"\" title=\"\">\u0141abu\u0144ki Drugie<\/a><\/li><\/ul>\n\n\n\n<div style=\"height:40px\" aria-hidden=\"true\" class=\"wp-block-spacer\"><\/div>\n\n\n\n<ul class=\"wp-block-list\"><li><a href=\"https:\/\/www.labunie.com.pl\/wp-content\/uploads\/2025\/01\/harmonogram_odpady_25-2.png\" data-rel=\"lightbox-gallery-bLg4UIq5\" data-rl_title=\"\" data-rl_caption=\"\" title=\"\">\u0141abunie-Reforma <\/a><\/li><li><a href=\"https:\/\/www.labunie.com.pl\/wp-content\/uploads\/2025\/01\/harmonogram_odpady_25-2.png\" data-rel=\"lightbox-gallery-bLg4UIq5\" data-rl_title=\"\" data-rl_caption=\"\" title=\"\">\u0141abu\u0144ki Pierwsze <\/a><\/li><li><a href=\"https:\/\/www.labunie.com.pl\/wp-content\/uploads\/2025\/01\/harmonogram_odpady_25-2.png\" data-rel=\"lightbox-gallery-bLg4UIq5\" data-rl_title=\"\" data-rl_caption=\"\" title=\"\">Majdan Ruszowski <\/a><\/li><li><a href=\"https:\/\/www.labunie.com.pl\/wp-content\/uploads\/2025\/01\/harmonogram_odpady_25-2.png\" data-rel=\"lightbox-gallery-bLg4UIq5\" data-rl_title=\"\" data-rl_caption=\"\" title=\"\">Moc\u00f3wka <\/a><\/li><li><a href=\"https:\/\/www.labunie.com.pl\/wp-content\/uploads\/2025\/01\/harmonogram_odpady_25-2.png\" data-rel=\"lightbox-gallery-bLg4UIq5\" data-rl_title=\"\" data-rl_caption=\"\" title=\"\">Rusz\u00f3w <\/a><\/li><li><a href=\"https:\/\/www.labunie.com.pl\/wp-content\/uploads\/2025\/01\/harmonogram_odpady_25-2.png\" data-rel=\"lightbox-gallery-bLg4UIq5\" data-rl_title=\"\" data-rl_caption=\"\" title=\"\">Rusz\u00f3w-Kolonia <\/a><\/li><li><a href=\"https:\/\/www.labunie.com.pl\/wp-content\/uploads\/2025\/01\/harmonogram_odpady_25-2.png\" data-rel=\"lightbox-gallery-bLg4UIq5\" data-rl_title=\"\" data-rl_caption=\"\" title=\"\">Wierzbie <\/a><\/li><li><a href=\"https:\/\/www.labunie.com.pl\/wp-content\/uploads\/2025\/01\/harmonogram_odpady_25-2.png\" data-rel=\"lightbox-gallery-bLg4UIq5\" data-rl_title=\"\" data-rl_caption=\"\" title=\"\">W\u00f3lka \u0141abu\u0144ska<\/a><\/li><\/ul>\n\n\n\n<div style=\"height:20px\" aria-hidden=\"true\" class=\"wp-block-spacer\"><\/div>\n\n\n\n<div class=\"wp-block-file\"><a href=\"https:\/\/www.labunie.com.pl\/wp-content\/uploads\/2025\/01\/Harmonogram-odbioru-odpadow-komunalnych-dla-Gminy-Labunie-2025.pdf\"><strong>Harmonogram odbioru odpad\u00f3w komunalnych w 2025 r.<\/strong><\/a><a href=\"https:\/\/www.labunie.com.pl\/wp-content\/uploads\/2025\/01\/Harmonogram-odbioru-odpadow-komunalnych-dla-Gminy-Labunie-2025.pdf\" class=\"wp-block-file__button\" download>Pobierz<\/a><\/div>\n\n\n\n<div class=\"wp-block-file\"><a href=\"https:\/\/www.labunie.com.pl\/wp-content\/uploads\/2025\/01\/Harmonogram-odbioru-odpadow-komunalnych-w-2025-r.-z-nieruchomosci-gminnych-na-ktorych-znajduja-sie-budynki-uzytecznosci-publicznej-swietlice-wiejskie-remizy-strazackie-i-budynek-wielofunkcyjny.pdf\"><strong>Harmonogram odbioru odpad\u00f3w komunalnych w 2025 r. z nieruchomo\u015bci gminnych na kt\u00f3rych znajduj\u0105 si\u0119 budynki u\u017cyteczno\u015bci publicznej<\/strong> (\u015bwietlice wiejskie, remizy stra\u017cackie, budynek wielofunkcyjny)<\/a><a href=\"https:\/\/www.labunie.com.pl\/wp-content\/uploads\/2025\/01\/Harmonogram-odbioru-odpadow-komunalnych-w-2025-r.-z-nieruchomosci-gminnych-na-ktorych-znajduja-sie-budynki-uzytecznosci-publicznej-swietlice-wiejskie-remizy-strazackie-i-budynek-wielofunkcyjny.pdf\" class=\"wp-block-file__button\" download>Pobierz<\/a><\/div>\n\n\n\n<div style=\"height:20px\" aria-hidden=\"true\" class=\"wp-block-spacer\"><\/div>\n\n\n\n<p><strong>UWAGA<\/strong>: Prosimy o umieszczenie numeru posesji na pojemniku w przypadku braku oznakowania budynku mieszkalnego.<\/p>\n\n\n\n<p><span style=\"color:#cf2e2e\" class=\"tadv-color\">Opakowania z tworzyw sztucznych, metali, wielomateria\u0142owe oraz z papieru i tektury nale\u017cy zgnie\u015b\u0107 przed wrzuceniem do worka.<\/span><\/p>\n\n\n\n<p class=\"has-text-align-center\"><span style=\"color:#cf2e2e\" class=\"tadv-color\"><strong>POJEMNIKI NALE\u017bY WYSTAWIA\u0106 NAJP\u00d3\u0179NIEJ DO GODZ 6:00 W DNIU ODBIORU<\/strong><\/span><\/p>\n\n\n\n<div style=\"height:40px\" aria-hidden=\"true\" class=\"wp-block-spacer\"><\/div>\n\n\n\n<p>Informacji udziela:<\/p>\n\n\n\n<p>Przedsi\u0119biorstwo Gospodarki Komunalnej Sp. z o. o. w Zamo\u015bciu<br>Biuro Obs\u0142ugi Klienta<br>ul. Krucza 10<br>22-400 Zamo\u015b\u0107<\/p>\n\n\n\n<p>tel. 84 638 12 04<br>www.pgk.zamosc.pl<\/p>\n\n\n\n<div style=\"height:50px\" aria-hidden=\"true\" class=\"wp-block-spacer\"><\/div>\n\n\n\n<p><strong>Przypominamy o nowych zasadach obowi\u0105zuj\u0105cych od 1 stycznia 2025 r. w Punkcie Selektywnej Zbi\u00f3rki Odpad\u00f3w Komunalnych w Zamo\u015bciu (PSZOK)<\/strong><\/p>\n\n\n\n<div style=\"height:20px\" aria-hidden=\"true\" class=\"wp-block-spacer\"><\/div>\n\n\n\n<div class=\"wp-block-file\"><a href=\"https:\/\/www.labunie.com.pl\/wp-content\/uploads\/2024\/12\/Regulamin-PSZOK-I-obowiazujacy-od-1.01.2025.pdf\"><strong>Regulamin PSZOK<\/strong> (obowi\u0105zuj\u0105cy od 1 stycznia 2025 r.)<\/a><a href=\"https:\/\/www.labunie.com.pl\/wp-content\/uploads\/2024\/12\/Regulamin-PSZOK-I-obowiazujacy-od-1.01.2025.pdf\" class=\"wp-block-file__button\" download>Pobierz<\/a><\/div>\n\n\n\n<div class=\"wp-block-file\"><a href=\"https:\/\/www.labunie.com.pl\/wp-content\/uploads\/2024\/12\/Upowaznienie-jednorazowe-do-dostarczenia-odpadow-komunalnych-do-PSZOK-w-Zamosciu.pdf\"><strong>Upowa\u017cnienie jednorazowe do dostarczenia odpad\u00f3w komunalnych do PSZOK w Zamo\u015bciu<\/strong><\/a><a href=\"https:\/\/www.labunie.com.pl\/wp-content\/uploads\/2024\/12\/Upowaznienie-jednorazowe-do-dostarczenia-odpadow-komunalnych-do-PSZOK-w-Zamosciu.pdf\" class=\"wp-block-file__button\" download>Pobierz<\/a><\/div>\n\n\n\n<div style=\"height:50px\" aria-hidden=\"true\" class=\"wp-block-spacer\"><\/div>\n\n\n\n<p><strong>Punkt Selektywnej Zbi\u00f3rki Odpad\u00f3w Komunalnych (PSZOK) zlokalizowany jest na terenie miasta Zamo\u015b\u0107:<\/strong><\/p>\n\n\n\n<p>Zak\u0142ad Transportu Odpad\u00f3w<br>ul. Droga M\u0119czennik\u00f3w Rotundy 2<\/p>\n\n\n\n<p>Godziny otwarcia PSZOK (z wyj\u0105tkiem dni wolnych od pracy i \u015bwi\u0105t):<\/p>\n\n\n\n<ul class=\"wp-block-list\"><li>od poniedzia\u0142ku do pi\u0105tku w godz. 9.00 \u2013 17.00<\/li><li>w soboty w godz 9.00 \u2013 15.00, w sezonie letnim tj. od 1 maja do 30 wrze\u015bnia w godz. 9.00-17.00<\/li><\/ul>\n\n\n\n<p>Do PSZOK-u <span style=\"color:#cf2e2e\" class=\"tadv-color\">po okazaniu dokumentu potwierdzaj\u0105cego z\u0142o\u017cenie deklaracji o wysoko\u015bci op\u0142aty za gospodarowanie odpadami komunalnymi, kopii deklaracji potwierdzonej przez Urz\u0105d o wysoko\u015bci op\u0142aty za gospodarowanie odpadami komunalnymi, dowodu uiszczenia op\u0142aty lub dokumentu potwierdzaj\u0105cego naliczenie op\u0142aty, obowi\u0105zuj\u0105ce w danym roku<\/span> przyjmowane s\u0105 bezp\u0142atnie od w\u0142a\u015bcicieli nieruchomo\u015bci zamieszka\u0142ych na terenie gminy \u0141abunie nast\u0119puj\u0105ce rodzaje selektywnie zbieranych odpad\u00f3w:<\/p>\n\n\n\n<ul class=\"wp-block-list\"><li>papier i tektura<\/li><li>opakowania wielomateria\u0142owe<\/li><li>opakowania PET<\/li><li>tworzywa sztuczne<\/li><li>szk\u0142o bezbarwne, szk\u0142o kolorowe<\/li><li>odpady ulegaj\u0105ce biodegradacji (drobne ga\u0142\u0119zie, li\u015bcie, trawa, chwasty), bioodpady &#8211; odpady kuchenne<\/li><li>zu\u017cyte baterie i akumulatory<\/li><li>zu\u017cyte opony z samochod\u00f3w osobowych<\/li><li>chemikalia (\u015brodki chemiczne u\u017cywane w gospodarstwie domowym)<\/li><li>przeterminowane leki<\/li><li>metale<\/li><li>zu\u017cyta odzie\u017c<\/li><li>zu\u017cyty sprz\u0119t elektryczny i elektroniczny<\/li><li>odpady wielkogabarytowe (meble, materace, pierzyny, wyk\u0142adziny, dywany, rowery, w\u00f3zki dzieci\u0119ce, du\u017ce zabawki itp.)<\/li><li>odpady budowlane i rozbi\u00f3rkowe powsta\u0142e w wyniku drobnych prac remontowo-budowlanych prowadzonych samodzielnie w gospodarstwie&nbsp; domowym, tj. gruz betonowy, ceglany, ceramiczny oraz szk\u0142o okienne i drzwiowe (st\u0142uczka).<\/li><li>odpady niekwalifikuj\u0105ce si\u0119 do odpad\u00f3w medycznych powsta\u0142ych w gospodarstwie domowym w wyniku przyjmowania produkt\u00f3w leczniczych, w formie iniekcji i prowadzenia monitoringu poziomu substancji we krwi, w szczeg\u00f3lno\u015bci igie\u0142 i strzykawek.<\/li><\/ul>\n\n\n\n<p>Szczeg\u00f3\u0142owy Regulamin funkcjonowania PSZOK znajduje si\u0119 na stronie internetowej: <a href=\"https:\/\/www.pgk.zamosc.pl\/\" data-type=\"URL\" data-id=\"https:\/\/www.pgk.zamosc.pl\/\">www.pgk.zamosc.pl<\/a><\/p>\n\n\n\n<div style=\"height:50px\" aria-hidden=\"true\" class=\"wp-block-spacer\"><\/div>\n\n\n\n<div class=\"wp-block-file\"><a href=\"https:\/\/www.labunie.com.pl\/wp-content\/uploads\/2022\/04\/Zasady-segregacji-odpadow.pdf\"><strong>Zasady segregacji odpad\u00f3w<\/strong><\/a><a href=\"https:\/\/www.labunie.com.pl\/wp-content\/uploads\/2022\/04\/Zasady-segregacji-odpadow.pdf\" class=\"wp-block-file__button\" download>Pobierz<\/a><\/div>\n\n\n\n<p><strong>Od 1 stycznia 2025 r. wszed\u0142 w \u017cycie nowy obowi\u0105zek \u2013 selektywnej zbi\u00f3rki tekstyli\u00f3w i zu\u017cytej odzie\u017cy.<\/strong><\/p>\n\n\n\n<figure class=\"wp-block-embed is-type-wp-embed is-provider-urzad-gminy-labunie wp-block-embed-urzad-gminy-labunie\"><div class=\"wp-block-embed__wrapper\">\n<blockquote class=\"wp-embedded-content\" data-secret=\"HZJdd7weDF\"><a href=\"https:\/\/www.labunie.com.pl\/?p=38877\">Obowi\u0105zkowa segregacja tekstyli\u00f3w i odzie\u017cy \u2013 ju\u017c od 1 stycznia 2025 r.<\/a><\/blockquote><iframe loading=\"lazy\" class=\"wp-embedded-content\" sandbox=\"allow-scripts\" security=\"restricted\" style=\"position: absolute; visibility: hidden;\" title=\"&#8222;Obowi\u0105zkowa segregacja tekstyli\u00f3w i odzie\u017cy \u2013 ju\u017c od 1 stycznia 2025 r.&#8221; &#8212; Urz\u0105d Gminy \u0141abunie\" src=\"https:\/\/www.labunie.com.pl\/?p=38877&#038;embed=true#?secret=MDRxilen0f#?secret=HZJdd7weDF\" data-secret=\"HZJdd7weDF\" width=\"600\" height=\"338\" frameborder=\"0\" marginwidth=\"0\" marginheight=\"0\" scrolling=\"no\"><\/iframe>\n<\/div><\/figure>\n\n\n\n<div style=\"height:50px\" aria-hidden=\"true\" class=\"wp-block-spacer\"><\/div>\n\n\n","protected":false},"excerpt":{"rendered":"<p>Przedsi\u0119biorstwo Gospodarki Komunalnej Sp. z o. o. w Zamo\u015bciu podaje do wiadomo\u015bci harmonogram odbioru odpad\u00f3w komunalnych z terenu nieruchomo\u015bci zamieszka\u0142ych po\u0142o\u017conych na terenie Gminy \u0141abunie w 2025 roku.<\/p>\n","protected":false},"author":7,"featured_media":19976,"comment_status":"closed","ping_status":"closed","sticky":false,"template":"","format":"standard","meta":{"footnotes":""},"categories":[1],"tags":[],"class_list":["post-39060","post","type-post","status-publish","format-standard","has-post-thumbnail","hentry","category-wpisy","clearfix"],"_links":{"self":[{"href":"https:\/\/labunie.com.pl\/index.php?rest_route=\/wp\/v2\/posts\/39060","targetHints":{"allow":["GET"]}}],"collection":[{"href":"https:\/\/labunie.com.pl\/index.php?rest_route=\/wp\/v2\/posts"}],"about":[{"href":"https:\/\/labunie.com.pl\/index.php?rest_route=\/wp\/v2\/types\/post"}],"author":[{"embeddable":true,"href":"https:\/\/labunie.com.pl\/index.php?rest_route=\/wp\/v2\/users\/7"}],"replies":[{"embeddable":true,"href":"https:\/\/labunie.com.pl\/index.php?rest_route=%2Fwp%2Fv2%2Fcomments&post=39060"}],"version-history":[{"count":2,"href":"https:\/\/labunie.com.pl\/index.php?rest_route=\/wp\/v2\/posts\/39060\/revisions"}],"predecessor-version":[{"id":42275,"href":"https:\/\/labunie.com.pl\/index.php?rest_route=\/wp\/v2\/posts\/39060\/revisions\/42275"}],"wp:featuredmedia":[{"embeddable":true,"href":"https:\/\/labunie.com.pl\/index.php?rest_route=\/wp\/v2\/media\/19976"}],"wp:attachment":[{"href":"https:\/\/labunie.com.pl\/index.php?rest_route=%2Fwp%2Fv2%2Fmedia&parent=39060"}],"wp:term":[{"taxonomy":"category","embeddable":true,"href":"https:\/\/labunie.com.pl\/index.php?rest_route=%2Fwp%2Fv2%2Fcategories&post=39060"},{"taxonomy":"post_tag","embeddable":true,"href":"https:\/\/labunie.com.pl\/index.php?rest_route=%2Fwp%2Fv2%2Ftags&post=39060"}],"curies":[{"name":"wp","href":"https:\/\/api.w.org\/{rel}","templated":true}]}}