{"id":39149,"date":"2025-01-13T14:39:57","date_gmt":"2025-01-13T13:39:57","guid":{"rendered":"https:\/\/www.labunie.com.pl\/?p=39149"},"modified":"2025-01-13T14:40:25","modified_gmt":"2025-01-13T13:40:25","slug":"pan-stanislaw-gredys-na-emeryturze","status":"publish","type":"post","link":"https:\/\/labunie.com.pl\/?p=39149","title":{"rendered":"Pan Stanis\u0142aw Gredys na emeryturze"},"content":{"rendered":"\n<p><strong>Po&nbsp;36 latach pracy w Urz\u0119dzie Gminy \u0141abunie Pan Stanis\u0142aw Gredys odszed\u0142 na emerytur\u0119. Uroczyste po\u017cegnanie odby\u0142o si\u0119 w poniedzia\u0142ek, 13 stycznia. <\/strong><\/p>\n\n\n\n<div style=\"height:29px\" aria-hidden=\"true\" class=\"wp-block-spacer\"><\/div>\n\n\n\n<!--more-->\n\n\n\n<p style=\"text-align: justify;\">\u017byczenia z\u0142o\u017cy\u0142 w imieniu pracownik\u00f3w W\u00f3jt Gminy \u0141abunie&nbsp; &#8211; Mariusz Kukie\u0142ka. Podzi\u0119kowa\u0142 za wieloletni\u0105 prac\u0119 na rzecz samorz\u0105du \u017cycz\u0105c jednocze\u015bnie zdrowia, spokoju i realizacji swoich pasji oraz zainteresowa\u0144. Do \u017cycze\u0144 z kwiatami, pami\u0105tkowym dyplomem i upominkiem do\u0142\u0105czy\u0142 Sekretarz Gminy&nbsp; &#8211; Sebastian Pe\u0142ech, Skarbnik gminy \u2013 Agnieszka Niemczuk oraz pozostali pracownicy Urz\u0119du.<\/p>\n<p style=\"text-align: justify;\">Pan Stanis\u0142aw Gredys w Urz\u0119dzie Gminy \u0141abunie pracuje od 1 czerwca 1988 roku. W\u00f3wczas by\u0142 specjalist\u0105 ds. budowy, modernizacji i ochrony dr\u00f3g gminnych. Od 1 pa\u017adziernika 1990 r. zosta\u0142 podinspektorem ds. gospodarki komunalnej. Po 28 latach&nbsp; pracy zosta\u0142 inspektorem ds. zam\u00f3wie\u0144 publicznych i zagospodarowania przestrzennego, a od 2018 r. do 2024 r. \u2013 inspektorem ds. zam\u00f3wie\u0144 publicznych i gospodarki komunalnej. Podczas 36-oletniej pracy w samorz\u0105dzie by\u0142 pod zwierzchnictwem Naczelnika Gminy, a po zmianie ustroju \u2013 trzech W\u00f3jt\u00f3w Gminy \u0141abunie.<\/p>\n<p style=\"text-align: justify;\">W 2015 r. Pan Stanis\u0142aw Gredys otrzyma\u0142 odznaczenie pa\u0144stwowe \u2013 Z\u0142oty Medal za D\u0142ugoletni\u0105 S\u0142u\u017cb\u0119.<\/p>\n\n\n\n<div style=\"height:12px\" aria-hidden=\"true\" class=\"wp-block-spacer\"><\/div>\n\n\n\n<figure class=\"wp-block-gallery columns-3 is-cropped wp-block-gallery-1 is-layout-flex wp-block-gallery-is-layout-flex\"><ul class=\"blocks-gallery-grid\"><li class=\"blocks-gallery-item\"><figure><a href=\"https:\/\/www.labunie.com.pl\/wp-content\/uploads\/2025\/01\/IMG_20250113_121341-scaled.jpg\" data-rel=\"lightbox-gallery-l0VbuF1g\" data-rl_title=\"\" data-rl_caption=\"\" title=\"\"><img loading=\"lazy\" decoding=\"async\" width=\"1024\" height=\"473\" src=\"https:\/\/www.labunie.com.pl\/wp-content\/uploads\/2025\/01\/IMG_20250113_121341-1024x473.jpg\" alt=\"\" data-id=\"39150\" data-full-url=\"https:\/\/www.labunie.com.pl\/wp-content\/uploads\/2025\/01\/IMG_20250113_121341-scaled.jpg\" data-link=\"https:\/\/www.labunie.com.pl\/?attachment_id=39150\" class=\"wp-image-39150\" srcset=\"https:\/\/labunie.com.pl\/wp-content\/uploads\/2025\/01\/IMG_20250113_121341-1024x473.jpg 1024w, https:\/\/labunie.com.pl\/wp-content\/uploads\/2025\/01\/IMG_20250113_121341-300x138.jpg 300w, https:\/\/labunie.com.pl\/wp-content\/uploads\/2025\/01\/IMG_20250113_121341-768x354.jpg 768w, https:\/\/labunie.com.pl\/wp-content\/uploads\/2025\/01\/IMG_20250113_121341-1536x709.jpg 1536w, https:\/\/labunie.com.pl\/wp-content\/uploads\/2025\/01\/IMG_20250113_121341-2048x945.jpg 2048w\" sizes=\"auto, (max-width: 1024px) 100vw, 1024px\" \/><\/a><\/figure><\/li><li class=\"blocks-gallery-item\"><figure><a href=\"https:\/\/www.labunie.com.pl\/wp-content\/uploads\/2025\/01\/IMG_20250113_121359-scaled.jpg\" data-rel=\"lightbox-gallery-l0VbuF1g\" data-rl_title=\"\" data-rl_caption=\"\" title=\"\"><img loading=\"lazy\" decoding=\"async\" width=\"1024\" height=\"473\" src=\"https:\/\/www.labunie.com.pl\/wp-content\/uploads\/2025\/01\/IMG_20250113_121359-1024x473.jpg\" alt=\"\" data-id=\"39151\" data-full-url=\"https:\/\/www.labunie.com.pl\/wp-content\/uploads\/2025\/01\/IMG_20250113_121359-scaled.jpg\" data-link=\"https:\/\/www.labunie.com.pl\/?attachment_id=39151\" class=\"wp-image-39151\" srcset=\"https:\/\/labunie.com.pl\/wp-content\/uploads\/2025\/01\/IMG_20250113_121359-1024x473.jpg 1024w, https:\/\/labunie.com.pl\/wp-content\/uploads\/2025\/01\/IMG_20250113_121359-300x138.jpg 300w, https:\/\/labunie.com.pl\/wp-content\/uploads\/2025\/01\/IMG_20250113_121359-768x354.jpg 768w, https:\/\/labunie.com.pl\/wp-content\/uploads\/2025\/01\/IMG_20250113_121359-1536x709.jpg 1536w, https:\/\/labunie.com.pl\/wp-content\/uploads\/2025\/01\/IMG_20250113_121359-2048x945.jpg 2048w\" sizes=\"auto, (max-width: 1024px) 100vw, 1024px\" \/><\/a><\/figure><\/li><li class=\"blocks-gallery-item\"><figure><a href=\"https:\/\/www.labunie.com.pl\/wp-content\/uploads\/2025\/01\/IMG_20250113_121511_1-scaled.jpg\" data-rel=\"lightbox-gallery-l0VbuF1g\" data-rl_title=\"\" data-rl_caption=\"\" title=\"\"><img loading=\"lazy\" decoding=\"async\" width=\"473\" height=\"1024\" src=\"https:\/\/www.labunie.com.pl\/wp-content\/uploads\/2025\/01\/IMG_20250113_121511_1-473x1024.jpg\" alt=\"\" data-id=\"39152\" data-full-url=\"https:\/\/www.labunie.com.pl\/wp-content\/uploads\/2025\/01\/IMG_20250113_121511_1-scaled.jpg\" data-link=\"https:\/\/www.labunie.com.pl\/?attachment_id=39152\" class=\"wp-image-39152\" srcset=\"https:\/\/labunie.com.pl\/wp-content\/uploads\/2025\/01\/IMG_20250113_121511_1-473x1024.jpg 473w, https:\/\/labunie.com.pl\/wp-content\/uploads\/2025\/01\/IMG_20250113_121511_1-138x300.jpg 138w, https:\/\/labunie.com.pl\/wp-content\/uploads\/2025\/01\/IMG_20250113_121511_1-768x1664.jpg 768w, https:\/\/labunie.com.pl\/wp-content\/uploads\/2025\/01\/IMG_20250113_121511_1-709x1536.jpg 709w, https:\/\/labunie.com.pl\/wp-content\/uploads\/2025\/01\/IMG_20250113_121511_1-945x2048.jpg 945w, https:\/\/labunie.com.pl\/wp-content\/uploads\/2025\/01\/IMG_20250113_121511_1-scaled.jpg 1182w\" sizes=\"auto, (max-width: 473px) 100vw, 473px\" \/><\/a><\/figure><\/li><li class=\"blocks-gallery-item\"><figure><a href=\"https:\/\/www.labunie.com.pl\/wp-content\/uploads\/2025\/01\/IMG_20250113_122130-scaled.jpg\" data-rel=\"lightbox-gallery-l0VbuF1g\" data-rl_title=\"\" data-rl_caption=\"\" title=\"\"><img loading=\"lazy\" decoding=\"async\" width=\"473\" height=\"1024\" src=\"https:\/\/www.labunie.com.pl\/wp-content\/uploads\/2025\/01\/IMG_20250113_122130-473x1024.jpg\" alt=\"\" data-id=\"39153\" data-full-url=\"https:\/\/www.labunie.com.pl\/wp-content\/uploads\/2025\/01\/IMG_20250113_122130-scaled.jpg\" data-link=\"https:\/\/www.labunie.com.pl\/?attachment_id=39153\" class=\"wp-image-39153\" srcset=\"https:\/\/labunie.com.pl\/wp-content\/uploads\/2025\/01\/IMG_20250113_122130-473x1024.jpg 473w, https:\/\/labunie.com.pl\/wp-content\/uploads\/2025\/01\/IMG_20250113_122130-138x300.jpg 138w, https:\/\/labunie.com.pl\/wp-content\/uploads\/2025\/01\/IMG_20250113_122130-768x1664.jpg 768w, https:\/\/labunie.com.pl\/wp-content\/uploads\/2025\/01\/IMG_20250113_122130-709x1536.jpg 709w, https:\/\/labunie.com.pl\/wp-content\/uploads\/2025\/01\/IMG_20250113_122130-945x2048.jpg 945w, https:\/\/labunie.com.pl\/wp-content\/uploads\/2025\/01\/IMG_20250113_122130-scaled.jpg 1182w\" sizes=\"auto, (max-width: 473px) 100vw, 473px\" \/><\/a><\/figure><\/li><\/ul><\/figure>\n","protected":false},"excerpt":{"rendered":"<p>Po&nbsp;36 latach pracy w Urz\u0119dzie Gminy \u0141abunie Pan Stanis\u0142aw Gredys odszed\u0142 na emerytur\u0119. Uroczyste po\u017cegnanie odby\u0142o si\u0119 w poniedzia\u0142ek, 13 stycznia.<\/p>\n","protected":false},"author":11,"featured_media":39155,"comment_status":"closed","ping_status":"closed","sticky":false,"template":"","format":"standard","meta":{"footnotes":""},"categories":[1],"tags":[],"class_list":["post-39149","post","type-post","status-publish","format-standard","has-post-thumbnail","hentry","category-wpisy","clearfix"],"_links":{"self":[{"href":"https:\/\/labunie.com.pl\/index.php?rest_route=\/wp\/v2\/posts\/39149","targetHints":{"allow":["GET"]}}],"collection":[{"href":"https:\/\/labunie.com.pl\/index.php?rest_route=\/wp\/v2\/posts"}],"about":[{"href":"https:\/\/labunie.com.pl\/index.php?rest_route=\/wp\/v2\/types\/post"}],"author":[{"embeddable":true,"href":"https:\/\/labunie.com.pl\/index.php?rest_route=\/wp\/v2\/users\/11"}],"replies":[{"embeddable":true,"href":"https:\/\/labunie.com.pl\/index.php?rest_route=%2Fwp%2Fv2%2Fcomments&post=39149"}],"version-history":[{"count":2,"href":"https:\/\/labunie.com.pl\/index.php?rest_route=\/wp\/v2\/posts\/39149\/revisions"}],"predecessor-version":[{"id":39156,"href":"https:\/\/labunie.com.pl\/index.php?rest_route=\/wp\/v2\/posts\/39149\/revisions\/39156"}],"wp:featuredmedia":[{"embeddable":true,"href":"https:\/\/labunie.com.pl\/index.php?rest_route=\/wp\/v2\/media\/39155"}],"wp:attachment":[{"href":"https:\/\/labunie.com.pl\/index.php?rest_route=%2Fwp%2Fv2%2Fmedia&parent=39149"}],"wp:term":[{"taxonomy":"category","embeddable":true,"href":"https:\/\/labunie.com.pl\/index.php?rest_route=%2Fwp%2Fv2%2Fcategories&post=39149"},{"taxonomy":"post_tag","embeddable":true,"href":"https:\/\/labunie.com.pl\/index.php?rest_route=%2Fwp%2Fv2%2Ftags&post=39149"}],"curies":[{"name":"wp","href":"https:\/\/api.w.org\/{rel}","templated":true}]}}