{"id":39265,"date":"2025-01-24T08:13:07","date_gmt":"2025-01-24T07:13:07","guid":{"rendered":"https:\/\/www.labunie.com.pl\/?p=39265"},"modified":"2025-01-24T08:13:29","modified_gmt":"2025-01-24T07:13:29","slug":"targi-rolnicze-agro-park-2","status":"publish","type":"post","link":"https:\/\/labunie.com.pl\/?p=39265","title":{"rendered":"Targi Rolnicze Agro-Park"},"content":{"rendered":"\n<p style=\"text-align: justify;\"><strong>W&nbsp;imieniu organizator\u00f3w informujemy, \u017ce w dniach 8-9 lutego w Lublinie odb\u0119d\u0105 si\u0119 Targi Rolnicze Agro-Park 2025.<\/strong><\/p>\n\n\n\n<div style=\"height:29px\" aria-hidden=\"true\" class=\"wp-block-spacer\"><\/div>\n\n\n\n<!--more-->\n\n\n\n<p style=\"text-align: justify;\">W XVII edycji we\u017amie udzia\u0142 ponad 120 wystawc\u00f3w, z czego ponad 20 po raz pierwszy w Lublinie.<\/p>\n<p style=\"text-align: justify;\">Nowo\u015bci\u0105 tegorocznych targ\u00f3w b\u0119dzie specjalnie wydzielona strefa, w kt\u00f3rej b\u0119dzie mo\u017cna zobaczy\u0107 najwi\u0119ksze i najmocniejsze ci\u0105gniki na \u015bwiecie. W niedziel\u0119 <strong>9<\/strong> <strong>lutego<\/strong> go\u015bciem specjalnym na Strefie najmocniejszych ci\u0105gnik\u00f3w b\u0119dzie najsilniejszy cz\u0142owiek \u015bwiata-Mariusz Pudzianowski.&nbsp;<\/p>\n<p style=\"text-align: justify;\">B\u0119d\u0105 te\u017c pokazane nowoczesne rozwi\u0105zania w rolnictwie, czyli drony, nawigacja rolnicza, specjalne oprogramowanie, samojezdne maszyny, technologie monitorowania gleby itp.<\/p>\n<p style=\"text-align: justify;\">Podobnie jak w roku ubieg\u0142ym podczas Agro-Parku ka\u017cdy rolnik b\u0119dzie m\u00f3g\u0142 wzi\u0105\u0107 udzia\u0142u w Konkursie dla Zwiedzaj\u0105cych-w tym roku nagroda g\u0142\u00f3wna to r\u00f3wnie\u017c 10 000 z\u0142. <\/p>\n\n\n\n<div style=\"height:16px\" aria-hidden=\"true\" class=\"wp-block-spacer\"><\/div>\n\n\n\n<figure class=\"wp-block-image size-large\"><img loading=\"lazy\" decoding=\"async\" width=\"671\" height=\"925\" src=\"https:\/\/www.labunie.com.pl\/wp-content\/uploads\/2025\/01\/Bez-tytulu-7.png\" alt=\"\" class=\"wp-image-39266\" srcset=\"https:\/\/labunie.com.pl\/wp-content\/uploads\/2025\/01\/Bez-tytulu-7.png 671w, https:\/\/labunie.com.pl\/wp-content\/uploads\/2025\/01\/Bez-tytulu-7-218x300.png 218w\" sizes=\"auto, (max-width: 671px) 100vw, 671px\" \/><\/figure>\n","protected":false},"excerpt":{"rendered":"<p>W&nbsp;imieniu organizator\u00f3w informujemy, \u017ce w dniach 8-9 lutego w Lublinie odb\u0119d\u0105 si\u0119 Targi Rolnicze Agro-Park 2025.<\/p>\n","protected":false},"author":11,"featured_media":39268,"comment_status":"closed","ping_status":"closed","sticky":false,"template":"","format":"standard","meta":{"footnotes":""},"categories":[1],"tags":[],"class_list":["post-39265","post","type-post","status-publish","format-standard","has-post-thumbnail","hentry","category-wpisy","clearfix"],"_links":{"self":[{"href":"https:\/\/labunie.com.pl\/index.php?rest_route=\/wp\/v2\/posts\/39265","targetHints":{"allow":["GET"]}}],"collection":[{"href":"https:\/\/labunie.com.pl\/index.php?rest_route=\/wp\/v2\/posts"}],"about":[{"href":"https:\/\/labunie.com.pl\/index.php?rest_route=\/wp\/v2\/types\/post"}],"author":[{"embeddable":true,"href":"https:\/\/labunie.com.pl\/index.php?rest_route=\/wp\/v2\/users\/11"}],"replies":[{"embeddable":true,"href":"https:\/\/labunie.com.pl\/index.php?rest_route=%2Fwp%2Fv2%2Fcomments&post=39265"}],"version-history":[{"count":2,"href":"https:\/\/labunie.com.pl\/index.php?rest_route=\/wp\/v2\/posts\/39265\/revisions"}],"predecessor-version":[{"id":39269,"href":"https:\/\/labunie.com.pl\/index.php?rest_route=\/wp\/v2\/posts\/39265\/revisions\/39269"}],"wp:featuredmedia":[{"embeddable":true,"href":"https:\/\/labunie.com.pl\/index.php?rest_route=\/wp\/v2\/media\/39268"}],"wp:attachment":[{"href":"https:\/\/labunie.com.pl\/index.php?rest_route=%2Fwp%2Fv2%2Fmedia&parent=39265"}],"wp:term":[{"taxonomy":"category","embeddable":true,"href":"https:\/\/labunie.com.pl\/index.php?rest_route=%2Fwp%2Fv2%2Fcategories&post=39265"},{"taxonomy":"post_tag","embeddable":true,"href":"https:\/\/labunie.com.pl\/index.php?rest_route=%2Fwp%2Fv2%2Ftags&post=39265"}],"curies":[{"name":"wp","href":"https:\/\/api.w.org\/{rel}","templated":true}]}}