{"id":40698,"date":"2025-06-18T12:25:39","date_gmt":"2025-06-18T10:25:39","guid":{"rendered":"https:\/\/www.labunie.com.pl\/?p=40698"},"modified":"2025-06-18T12:25:40","modified_gmt":"2025-06-18T10:25:40","slug":"grupa-wsparcia-dla-rodzicow-dzieci-z-niepelnosprawnosciami","status":"publish","type":"post","link":"https:\/\/labunie.com.pl\/?p=40698","title":{"rendered":"Grupa wsparcia dla Rodzic\u00f3w dzieci z niepe\u0142nosprawno\u015bciami"},"content":{"rendered":"\n<p><strong>Powiatowy O\u015brodek Interwencji Kryzysowej w Szczebrzeszynie prowadzi zapisy do grupy wsparcia dla rodzic\u00f3w dzieci z niepe\u0142nosprawno\u015bciami.<\/strong><\/p>\n\n\n\n<!--more-->\n\n\n\n<p>Niepe\u0142nosprawno\u015b\u0107 dziecka stanowi ogromne wyzwanie dla rodzic\u00f3w sprawuj\u0105cych nad nim opiek\u0119. Codzienne funkcjonowanie, sprostanie wymaganiom, nieustanne d\u0105\u017cenie do jak najlepszego funkcjonowania dziecka w \u015brodowisku wymagaj\u0105 ogromnego wysi\u0142ku. Ponadto rodzice cz\u0119sto mierz\u0105 si\u0119 z niezrozumieniem i krytyk\u0105 ze strony otoczenia, w tym r\u00f3wnie\u017c os\u00f3b najbli\u017cszych. Problemy i trudy dnia codziennego cz\u0119sto mog\u0105 przyt\u0142oczy\u0107. Nasza grupa powsta\u0142a w odpowiedzi na potrzeby os\u00f3b, kt\u00f3re mierz\u0105 si\u0119 z tym na co dzie\u0144.<\/p>\n\n\n\n<p>W trakcie spotka\u0144 uczestnicy b\u0119d\u0105 mieli mo\u017cliwo\u015b\u0107 podzielenia si\u0119 swoimi do\u015bwiadczeniami, swobodnej rozmowy o swoich troskach i rado\u015bciach, a tak\u017ce wzajemnej pomocy w rozwi\u0105zywaniu problem\u00f3w. Spotkania maj\u0105 na celu zwalczanie poczucia bezradno\u015bci, budowanie si\u0142y i nadziei, a tak\u017ce wymian\u0119 wiedzy na temat leczenia, rehabilitacji i wychowania.<\/p>\n\n\n\n<p>W grupach obowi\u0105zuje zasada zachowania prywatno\u015bci i szacunku dla godno\u015bci ka\u017cdego cz\u0142onka. Spotkania b\u0119d\u0105 odbywa\u0142y si\u0119 bezp\u0142atnie i cyklicznie.<\/p>\n\n\n\n<p><strong>DO\u0141\u0104CZ DO NAS!<\/strong><\/p>\n\n\n\n<p>Aby zapisa\u0107 si\u0119 do grupy wsparcia, skontaktuj si\u0119 z nami<br>Telefonicznie: <strong>84 68 72 958<\/strong><br>Osobi\u015bcie w siedzibie O\u015brodka: <strong>Szczebrzeszyn ul. Ogrodowa 14<\/strong><\/p>\n\n\n\n<div style=\"height:50px\" aria-hidden=\"true\" class=\"wp-block-spacer\"><\/div>\n\n\n\n<h2 class=\"has-text-align-center wp-block-heading\"><strong><span style=\"color:#0693e3\" class=\"tadv-color\"><em>Nie jeste\u015b sam \u2013 jeste\u015bmy tu, by Ci\u0119 wesprze\u0107.<\/em><\/span><\/strong><\/h2>\n","protected":false},"excerpt":{"rendered":"<p>Powiatowy O\u015brodek Interwencji Kryzysowej w Szczebrzeszynie prowadzi zapisy do grupy wsparcia dla rodzic\u00f3w dzieci z niepe\u0142nosprawno\u015bciami.<\/p>\n","protected":false},"author":7,"featured_media":40699,"comment_status":"closed","ping_status":"closed","sticky":false,"template":"","format":"standard","meta":{"footnotes":""},"categories":[1],"tags":[],"class_list":["post-40698","post","type-post","status-publish","format-standard","has-post-thumbnail","hentry","category-wpisy","clearfix"],"_links":{"self":[{"href":"https:\/\/labunie.com.pl\/index.php?rest_route=\/wp\/v2\/posts\/40698","targetHints":{"allow":["GET"]}}],"collection":[{"href":"https:\/\/labunie.com.pl\/index.php?rest_route=\/wp\/v2\/posts"}],"about":[{"href":"https:\/\/labunie.com.pl\/index.php?rest_route=\/wp\/v2\/types\/post"}],"author":[{"embeddable":true,"href":"https:\/\/labunie.com.pl\/index.php?rest_route=\/wp\/v2\/users\/7"}],"replies":[{"embeddable":true,"href":"https:\/\/labunie.com.pl\/index.php?rest_route=%2Fwp%2Fv2%2Fcomments&post=40698"}],"version-history":[{"count":1,"href":"https:\/\/labunie.com.pl\/index.php?rest_route=\/wp\/v2\/posts\/40698\/revisions"}],"predecessor-version":[{"id":40700,"href":"https:\/\/labunie.com.pl\/index.php?rest_route=\/wp\/v2\/posts\/40698\/revisions\/40700"}],"wp:featuredmedia":[{"embeddable":true,"href":"https:\/\/labunie.com.pl\/index.php?rest_route=\/wp\/v2\/media\/40699"}],"wp:attachment":[{"href":"https:\/\/labunie.com.pl\/index.php?rest_route=%2Fwp%2Fv2%2Fmedia&parent=40698"}],"wp:term":[{"taxonomy":"category","embeddable":true,"href":"https:\/\/labunie.com.pl\/index.php?rest_route=%2Fwp%2Fv2%2Fcategories&post=40698"},{"taxonomy":"post_tag","embeddable":true,"href":"https:\/\/labunie.com.pl\/index.php?rest_route=%2Fwp%2Fv2%2Ftags&post=40698"}],"curies":[{"name":"wp","href":"https:\/\/api.w.org\/{rel}","templated":true}]}}