{"id":40848,"date":"2025-07-04T08:33:13","date_gmt":"2025-07-04T06:33:13","guid":{"rendered":"https:\/\/www.labunie.com.pl\/?p=40848"},"modified":"2025-07-04T08:33:14","modified_gmt":"2025-07-04T06:33:14","slug":"konczy-sie-okres-przejsciowy-w-programie-czyste-powietrze","status":"publish","type":"post","link":"https:\/\/labunie.com.pl\/?p=40848","title":{"rendered":"Ko\u0144czy si\u0119 okres przej\u015bciowy w programie Czyste Powietrze"},"content":{"rendered":"\n<p><strong>Ko\u0144czy si\u0119 okres przej\u015bciowy w programie Czyste Powietrze w naborze trwaj\u0105cym od 31.03.2025 r. Z\u0142\u00f3\u017c wniosek do ko\u0144ca lipca<\/strong><\/p>\n\n\n\n<!--more-->\n\n\n\n<p>W marcu 2025 r. ruszy\u0142 nowy nab\u00f3r w programie Czyste Powietrze, a dla os\u00f3b, kt\u00f3re ponios\u0142y koszty inwestycji jeszcze przed jego uruchomieniem, wprowadzono okres przej\u015bciowy. Trwa on cztery miesi\u0105ce \u2013 do ko\u0144ca lipca \u2013 i umo\u017cliwia uzyskanie dofinansowania na wydatki kwalifikowane od 28 maja 2024 r. Po tym terminie ta mo\u017cliwo\u015b\u0107 przestaje obowi\u0105zywa\u0107.<\/p>\n\n\n\n<h3 class=\"wp-block-heading\">Ostatni dzwonek \u2013 ko\u0144czy si\u0119 wyj\u0105tkowy okres wsparcia<\/h3>\n\n\n\n<p>Jeszcze tylko do ko\u0144ca lipca br. trwa tzw. okres przej\u015bciowy w nowej wersji programu Czyste Powietrze. Zosta\u0142 on uruchomiony 31 marca 2025 r. i daje mo\u017cliwo\u015b\u0107 uzyskania dotacji za wydatki poniesione ju\u017c od 28 maja 2024 r. To propozycja dla tych, kt\u00f3rzy z r\u00f3\u017cnych powod\u00f3w nie zd\u0105\u017cyli z\u0142o\u017cy\u0107 wniosku o dofinansowanie przed zawieszeniem poprzedniego naboru.<\/p>\n\n\n\n<p>Od 1 sierpnia termin ponoszenia koszt\u00f3w kwalifikowanych w nowym programie Czyste Powietrze b\u0119dzie liczony wed\u0142ug zasady: nie wcze\u015bniej ni\u017c 6 miesi\u0119cy przed dat\u0105 z\u0142o\u017cenia wniosku o dofinansowanie. Koszty poniesione wcze\u015bniej, jak i przed oddaniem budynku do u\u017cytkowania, nie b\u0119d\u0105 kwalifikowane.<\/p>\n\n\n\n<h3 class=\"wp-block-heading\">Najpierw termomodernizacja, potem gaz \u2013 to klucz do pe\u0142nego wsparcia<\/h3>\n\n\n\n<p>Ci, kt\u00f3rzy czekaj\u0105 na ponowne uruchomienie naboru dotycz\u0105cego dofinansowania na gaz, ju\u017c wkr\u00f3tce, w po\u0142owie lipca, b\u0119d\u0105 mieli tak\u0105 mo\u017cliwo\u015b\u0107. Aby m\u00f3c z tego w pe\u0142ni skorzysta\u0107, nale\u017cy najpierw z\u0142o\u017cy\u0107 wniosek w ramach obecnego okresu przej\u015bciowego na wydatki zwi\u0105zane np. z ociepleniem budynku, wymian\u0105 okien i drzwi lub wentylacj\u0105. Dopiero wtedy b\u0119dzie mo\u017cna z\u0142o\u017cy\u0107 drugi wniosek \u2013 tym razem o dotacj\u0119 na gaz, gdy nab\u00f3r zostanie wznowiony w po\u0142owie lipca w ramach starszej wersji programu obowi\u0105zuj\u0105cej w 2024 r.<\/p>\n\n\n\n<h3 class=\"wp-block-heading\">Odwrotna kolejno\u015b\u0107? B\u0119d\u0105 ograniczenia<\/h3>\n\n\n\n<p>Warto pami\u0119ta\u0107: je\u015bli jako pierwszy zostanie z\u0142o\u017cony wniosek o dotacj\u0119 na gaz, a nie ten dotycz\u0105cy termomodernizacji w nowym naborze, skorzystanie z kolejnego naboru b\u0119dzie mo\u017cliwe dopiero po zako\u0144czeniu i rozliczeniu tej inwestycji. Odwrotna kolejno\u015b\u0107 \u2013 czyli najpierw termomodernizacja (wniosek w nowej wersji programu), potem gaz (wniosek w poprzedniej wersji programu) \u2013 pozwala unikn\u0105\u0107 tych ogranicze\u0144.<\/p>\n\n\n\n<p><a href=\"https:\/\/czystepowietrze.gov.pl\/\">czystepowietrze.gov.pl<\/a><\/p>\n\n\n\n<h2 class=\"wp-block-heading\">***<\/h2>\n\n\n\n<h3 class=\"wp-block-heading\">W skr\u00f3cie:<\/h3>\n\n\n\n<h3 class=\"wp-block-heading\">Jak po\u0142\u0105czy\u0107 dotacje z dw\u00f3ch nabor\u00f3w w programie Czyste Powietrze?<\/h3>\n\n\n\n<p>Mo\u017cliwe jest po\u0142\u0105czenie dw\u00f3ch dotacji dla jednego budynku:<\/p>\n\n\n\n<ul class=\"wp-block-list\"><li>z naboru od 31.03.2025 r. (nowe zasady \u2013 tutaj skorzystaj z okresu przej\u015bciowego i mo\u017cliwo\u015bci rozliczenia koszt\u00f3w termomodernizacji poniesionych od 28 maja 2024 r.),<\/li><li>z wznowionego naboru \u2013 w po\u0142owie lipca \u2013 dotycz\u0105cego kot\u0142\u00f3w gazowych.<\/li><\/ul>\n\n\n\n<h3 class=\"wp-block-heading\">Kolejno\u015b\u0107 sk\u0142adania wniosk\u00f3w ma ogromne znaczenie:<\/h3>\n\n\n\n<p>Je\u015bli ponios\u0142e\u015b koszty termomodernizacji w 2024 r.:<\/p>\n\n\n\n<ul class=\"wp-block-list\"><li>Najpierw z\u0142\u00f3\u017c wniosek w naborze od 31.03.2025 r. do ko\u0144ca lipca,<\/li><li>Nast\u0119pnie z\u0142\u00f3\u017c wniosek w starszej wersji programu na dofinansowanie do \u017ar\u00f3d\u0142a gazowego zamontowanego w 2024 r. (nab\u00f3r w po\u0142owie lipca).<\/li><\/ul>\n\n\n\n<p>Je\u015bli planujesz termomodernizacj\u0119 dopiero w przysz\u0142o\u015bci:<\/p>\n\n\n\n<ul class=\"wp-block-list\"><li>Je\u015bli najpierw z\u0142o\u017cysz wniosek w naborze na \u017ar\u00f3d\u0142a gazowe \u2013 musisz zako\u0144czy\u0107 i rozliczy\u0107 to przedsi\u0119wzi\u0119cie, by z\u0142o\u017cy\u0107 kolejny wniosek w naborze trwaj\u0105cym od 31.03.2025 r.<\/li><\/ul>\n\n\n\n<p><strong>Uwaga<\/strong>: wnioski sk\u0142adane w naborze na dofinansowanie do \u017ar\u00f3d\u0142a gazowego zamontowanego w 2024 r. nie b\u0119d\u0105 wymaga\u0142y rozliczenia wcze\u015bniejszego wniosku o dofinansowanie do termomodernizacji. Pami\u0119taj jednak o odpowiedniej kolejno\u015bci sk\u0142adania wniosk\u00f3w.<\/p>\n","protected":false},"excerpt":{"rendered":"<p>Ko\u0144czy si\u0119 okres przej\u015bciowy w programie Czyste Powietrze w naborze trwaj\u0105cym od 31.03.2025 r. Z\u0142\u00f3\u017c wniosek do ko\u0144ca lipca<\/p>\n","protected":false},"author":7,"featured_media":24038,"comment_status":"closed","ping_status":"closed","sticky":false,"template":"","format":"standard","meta":{"footnotes":""},"categories":[1],"tags":[],"class_list":["post-40848","post","type-post","status-publish","format-standard","has-post-thumbnail","hentry","category-wpisy","clearfix"],"_links":{"self":[{"href":"https:\/\/labunie.com.pl\/index.php?rest_route=\/wp\/v2\/posts\/40848","targetHints":{"allow":["GET"]}}],"collection":[{"href":"https:\/\/labunie.com.pl\/index.php?rest_route=\/wp\/v2\/posts"}],"about":[{"href":"https:\/\/labunie.com.pl\/index.php?rest_route=\/wp\/v2\/types\/post"}],"author":[{"embeddable":true,"href":"https:\/\/labunie.com.pl\/index.php?rest_route=\/wp\/v2\/users\/7"}],"replies":[{"embeddable":true,"href":"https:\/\/labunie.com.pl\/index.php?rest_route=%2Fwp%2Fv2%2Fcomments&post=40848"}],"version-history":[{"count":1,"href":"https:\/\/labunie.com.pl\/index.php?rest_route=\/wp\/v2\/posts\/40848\/revisions"}],"predecessor-version":[{"id":40849,"href":"https:\/\/labunie.com.pl\/index.php?rest_route=\/wp\/v2\/posts\/40848\/revisions\/40849"}],"wp:featuredmedia":[{"embeddable":true,"href":"https:\/\/labunie.com.pl\/index.php?rest_route=\/wp\/v2\/media\/24038"}],"wp:attachment":[{"href":"https:\/\/labunie.com.pl\/index.php?rest_route=%2Fwp%2Fv2%2Fmedia&parent=40848"}],"wp:term":[{"taxonomy":"category","embeddable":true,"href":"https:\/\/labunie.com.pl\/index.php?rest_route=%2Fwp%2Fv2%2Fcategories&post=40848"},{"taxonomy":"post_tag","embeddable":true,"href":"https:\/\/labunie.com.pl\/index.php?rest_route=%2Fwp%2Fv2%2Ftags&post=40848"}],"curies":[{"name":"wp","href":"https:\/\/api.w.org\/{rel}","templated":true}]}}