{"id":40884,"date":"2025-07-14T12:06:55","date_gmt":"2025-07-14T10:06:55","guid":{"rendered":"https:\/\/www.labunie.com.pl\/?p=40884"},"modified":"2025-09-11T10:16:32","modified_gmt":"2025-09-11T08:16:32","slug":"zmiana-organizacji-ruchu-na-trasie-budowy-s17","status":"publish","type":"post","link":"https:\/\/labunie.com.pl\/?p=40884","title":{"rendered":"Utrudnienia w zwi\u0105zku z budow\u0105 S17: drogi gminne i powiatowe"},"content":{"rendered":"\n<p style=\"text-align: justify;\"><strong>W&nbsp;zwi\u0105zku z budow\u0105 drogi ekspresowej S17 wykonawca inwestycji informuje, \u017ce na terenie gminy \u0141abunie zostanie wprowadzona zmiana organizacji ruchu na wybranych drogach gminnych publicznych, drogach gminnych wewn\u0119trznych i drogach powiatowych.<\/strong> <strong>Ograniczenia dotycz\u0105 czasowego zamkni\u0119cia odcink\u00f3w lub zw\u0119\u017cenia odcink\u00f3w dr\u00f3g.&nbsp; &nbsp;<\/strong><\/p>\n\n\n\n<div style=\"height:16px\" aria-hidden=\"true\" class=\"wp-block-spacer\"><\/div>\n\n\n\n<!--more-->\n\n\n\n<p style=\"text-align: justify;\"><span style=\"text-decoration: underline; color: #ff0000;\"><strong>DROGI POWIATOWE &#8211; zmiana organizacji ruchu od 15 lipca 2025 r. do 31 grudnia 2025 r.<\/strong><\/span><\/p>\n<p style=\"text-align: justify;\"><strong>Zmiana organizacji ruchu dotyczy nast\u0119puj\u0105cych odcink\u00f3w dr\u00f3g powiatowych w gminie \u0141abunie:<\/strong><\/p>\n<ul style=\"text-align: justify;\">\n<li>\u0141abu\u0144ki &#8211; Barchacz\u00f3w &#8211; Antoni\u00f3wka &#8211; Zubowice<\/li>\n<li>Cze\u015bniki &#8211; \u0141abunie (ul. D\u0142uga w \u0141abuniach)<\/li>\n<li>W\u00f3lka \u0141abu\u0144ska &#8211; Komar\u00f3w-Osada &#8211; Przewale<\/li>\n<li style=\"text-align: justify;\">Sitno &#8211; \u0141abu\u0144ki (odcinek drogi z \u0141abuniek Pierwszych w kierunku Jaros\u0142awca)\u00a0\u00a0<\/li>\n<\/ul>\n<p style=\"text-align: justify;\"><span style=\"text-decoration: underline; color: #ff0000;\"><strong>DROGI GMINNE PUBLICZNE (Z NAWIERZCHNI\u0104 ASFALTOW\u0104) &#8211; zmiana organizacji ruchu od 16 lipca 2025 r. do 30 kwietnia 2026 r.\u00a0<\/strong><\/span><\/p>\n<p style=\"text-align: justify;\"><strong><em>Wykonawca informuje, \u017ce zapewni lokalnym mieszka\u0144com dost\u0119p do p\u00f3l w miejscach, gdzie nie ma dr\u00f3g powiatowych.\u00a0<\/em><\/strong><\/p>\n<p style=\"text-align: justify;\">Zmiana organizacji ruchu dotyczy nast\u0119puj\u0105cych odcink\u00f3w dr\u00f3g gminnych publicznych:<\/p>\n<ul style=\"text-align: justify;\">\n<li>\u0141abu\u0144ki Pierwsze &#8211; Moc\u00f3wka &#8211; do ko\u0144ca zabudowy<\/li>\n<li>\u0141abu\u0144ki Sachalin &#8211; Kol. Jatut\u00f3w<\/li>\n<li>Barchacz\u00f3w &#8211; do ko\u0144ca zabudowy<\/li>\n<\/ul>\n<p style=\"text-align: justify;\"><span style=\"color: #0000ff;\">MAPA O NAZWIE &#8220;DROGI GMINNE PUBLICZNE&#8221; &#8211; ZMIANA ORGANIZACJI RUCHU OZNACZONA JEST NA MAPIE CZERWONYMI KWADRATAMI <\/span><\/p>\n<p><span style=\"text-decoration: underline;\"><span style=\"color: #ff0000;\"><strong>DROGI GMINNE WEWN\u0118TRZNE (POLNE, GRUNTOWE) &#8211; zmiana organizacji ruchu od 17 lipca 2025 r.\u00a0\u00a0<\/strong><\/span><\/span><\/p>\n<p><strong><em>Wykonawca informuje, \u017ce zapewni lokalnym mieszka\u0144com dost\u0119p do p\u00f3l w miejscach, gdzie nie ma dr\u00f3g powiatowych poprzez tymczasowe dojazdy po \u015bladzie dr\u00f3g technologicznych wykorzystywanych przy budowie S17. Lokalizacje tych dojazd\u00f3w b\u0119d\u0105 ustalane na bie\u017c\u0105co na etapie budowy ekspres\u00f3wki.\u00a0<\/em><\/strong><\/p>\n<p>Zmiana organizacji ruchu dotyczy dr\u00f3g polnych, kt\u00f3re wskazane s\u0105 na mapach o nazwach:<span style=\"color: #0000ff;\"> &#8220;DROGI GMINNE WEWN\u0118TRZNE 1&#8221;<\/span> i <span style=\"color: #0000ff;\">&#8220;DROGI GMINNE WEWN\u0118TRZNE 2&#8221; &#8211;<span style=\"color: #000000;\"> na mapach oznaczone czerwonymi kwadratami z numeracj\u0105 od 1.1. do 13.1.<\/span><\/span><\/p>\n\n\n\n<div style=\"height:16px\" aria-hidden=\"true\" class=\"wp-block-spacer\"><\/div>\n\n\n\n<figure class=\"wp-block-gallery columns-3 is-cropped wp-block-gallery-1 is-layout-flex wp-block-gallery-is-layout-flex\"><ul class=\"blocks-gallery-grid\"><li class=\"blocks-gallery-item\"><figure><a href=\"https:\/\/www.labunie.com.pl\/wp-content\/uploads\/2025\/07\/DROGI-GMINNE-PUBLICZNE.jpg\" data-rel=\"lightbox-gallery-JTJ0TcCX\" data-rl_title=\"\" data-rl_caption=\"\" title=\"\"><img loading=\"lazy\" decoding=\"async\" width=\"1024\" height=\"723\" src=\"https:\/\/www.labunie.com.pl\/wp-content\/uploads\/2025\/07\/DROGI-GMINNE-PUBLICZNE-1024x723.jpg\" alt=\"\" data-id=\"40885\" data-full-url=\"https:\/\/www.labunie.com.pl\/wp-content\/uploads\/2025\/07\/DROGI-GMINNE-PUBLICZNE.jpg\" data-link=\"https:\/\/www.labunie.com.pl\/?attachment_id=40885\" class=\"wp-image-40885\" srcset=\"https:\/\/labunie.com.pl\/wp-content\/uploads\/2025\/07\/DROGI-GMINNE-PUBLICZNE-1024x723.jpg 1024w, https:\/\/labunie.com.pl\/wp-content\/uploads\/2025\/07\/DROGI-GMINNE-PUBLICZNE-300x212.jpg 300w, https:\/\/labunie.com.pl\/wp-content\/uploads\/2025\/07\/DROGI-GMINNE-PUBLICZNE-768x543.jpg 768w, https:\/\/labunie.com.pl\/wp-content\/uploads\/2025\/07\/DROGI-GMINNE-PUBLICZNE.jpg 1240w\" sizes=\"auto, (max-width: 1024px) 100vw, 1024px\" \/><\/a><figcaption class=\"blocks-gallery-item__caption\">DROGI GMINNE PUBLICZNE<\/figcaption><\/figure><\/li><li class=\"blocks-gallery-item\"><figure><a href=\"https:\/\/www.labunie.com.pl\/wp-content\/uploads\/2025\/07\/DROGI-GMINNE-WEWNETRZNE-1-rotated.jpg\" data-rel=\"lightbox-gallery-JTJ0TcCX\" data-rl_title=\"\" data-rl_caption=\"\" title=\"\"><img loading=\"lazy\" decoding=\"async\" width=\"1024\" height=\"723\" src=\"https:\/\/www.labunie.com.pl\/wp-content\/uploads\/2025\/07\/DROGI-GMINNE-WEWNETRZNE-1-1024x723.jpg\" alt=\"\" data-id=\"40886\" data-full-url=\"https:\/\/www.labunie.com.pl\/wp-content\/uploads\/2025\/07\/DROGI-GMINNE-WEWNETRZNE-1-rotated.jpg\" data-link=\"https:\/\/www.labunie.com.pl\/?attachment_id=40886\" class=\"wp-image-40886\" srcset=\"https:\/\/labunie.com.pl\/wp-content\/uploads\/2025\/07\/DROGI-GMINNE-WEWNETRZNE-1-1024x723.jpg 1024w, https:\/\/labunie.com.pl\/wp-content\/uploads\/2025\/07\/DROGI-GMINNE-WEWNETRZNE-1-300x212.jpg 300w, https:\/\/labunie.com.pl\/wp-content\/uploads\/2025\/07\/DROGI-GMINNE-WEWNETRZNE-1-768x543.jpg 768w, https:\/\/labunie.com.pl\/wp-content\/uploads\/2025\/07\/DROGI-GMINNE-WEWNETRZNE-1-rotated.jpg 1240w\" sizes=\"auto, (max-width: 1024px) 100vw, 1024px\" \/><\/a><figcaption class=\"blocks-gallery-item__caption\">DROGI GMINNE WEWN\u0118TRZNE 1<\/figcaption><\/figure><\/li><li class=\"blocks-gallery-item\"><figure><a href=\"https:\/\/www.labunie.com.pl\/wp-content\/uploads\/2025\/07\/DROGI-GMINNE-WEWNETRZNE-2.jpg\" data-rel=\"lightbox-gallery-JTJ0TcCX\" data-rl_title=\"\" data-rl_caption=\"\" title=\"\"><img loading=\"lazy\" decoding=\"async\" width=\"1024\" height=\"723\" src=\"https:\/\/www.labunie.com.pl\/wp-content\/uploads\/2025\/07\/DROGI-GMINNE-WEWNETRZNE-2-1024x723.jpg\" alt=\"\" data-id=\"40887\" data-full-url=\"https:\/\/www.labunie.com.pl\/wp-content\/uploads\/2025\/07\/DROGI-GMINNE-WEWNETRZNE-2.jpg\" data-link=\"https:\/\/www.labunie.com.pl\/?attachment_id=40887\" class=\"wp-image-40887\" srcset=\"https:\/\/labunie.com.pl\/wp-content\/uploads\/2025\/07\/DROGI-GMINNE-WEWNETRZNE-2-1024x723.jpg 1024w, https:\/\/labunie.com.pl\/wp-content\/uploads\/2025\/07\/DROGI-GMINNE-WEWNETRZNE-2-300x212.jpg 300w, https:\/\/labunie.com.pl\/wp-content\/uploads\/2025\/07\/DROGI-GMINNE-WEWNETRZNE-2-768x543.jpg 768w, https:\/\/labunie.com.pl\/wp-content\/uploads\/2025\/07\/DROGI-GMINNE-WEWNETRZNE-2.jpg 1240w\" sizes=\"auto, (max-width: 1024px) 100vw, 1024px\" \/><\/a><figcaption class=\"blocks-gallery-item__caption\">DROGI GMINNE WEWN\u0118TRZNE 2<br><\/figcaption><\/figure><\/li><\/ul><\/figure>\n","protected":false},"excerpt":{"rendered":"<p>W&nbsp;zwi\u0105zku z budow\u0105 drogi ekspresowej S17 wykonawca inwestycji informuje, \u017ce na terenie gminy \u0141abunie zostanie wprowadzona zmiana organizacji ruchu na wybranych drogach gminnych publicznych, drogach gminnych wewn\u0119trznych i drogach powiatowych. Ograniczenia dotycz\u0105 czasowego zamkni\u0119cia odcink\u00f3w lub zw\u0119\u017cenia odcink\u00f3w dr\u00f3g.&nbsp; &nbsp;<\/p>\n","protected":false},"author":11,"featured_media":23295,"comment_status":"closed","ping_status":"closed","sticky":false,"template":"","format":"standard","meta":{"footnotes":""},"categories":[1],"tags":[],"class_list":["post-40884","post","type-post","status-publish","format-standard","has-post-thumbnail","hentry","category-wpisy","clearfix"],"_links":{"self":[{"href":"https:\/\/labunie.com.pl\/index.php?rest_route=\/wp\/v2\/posts\/40884","targetHints":{"allow":["GET"]}}],"collection":[{"href":"https:\/\/labunie.com.pl\/index.php?rest_route=\/wp\/v2\/posts"}],"about":[{"href":"https:\/\/labunie.com.pl\/index.php?rest_route=\/wp\/v2\/types\/post"}],"author":[{"embeddable":true,"href":"https:\/\/labunie.com.pl\/index.php?rest_route=\/wp\/v2\/users\/11"}],"replies":[{"embeddable":true,"href":"https:\/\/labunie.com.pl\/index.php?rest_route=%2Fwp%2Fv2%2Fcomments&post=40884"}],"version-history":[{"count":5,"href":"https:\/\/labunie.com.pl\/index.php?rest_route=\/wp\/v2\/posts\/40884\/revisions"}],"predecessor-version":[{"id":41455,"href":"https:\/\/labunie.com.pl\/index.php?rest_route=\/wp\/v2\/posts\/40884\/revisions\/41455"}],"wp:featuredmedia":[{"embeddable":true,"href":"https:\/\/labunie.com.pl\/index.php?rest_route=\/wp\/v2\/media\/23295"}],"wp:attachment":[{"href":"https:\/\/labunie.com.pl\/index.php?rest_route=%2Fwp%2Fv2%2Fmedia&parent=40884"}],"wp:term":[{"taxonomy":"category","embeddable":true,"href":"https:\/\/labunie.com.pl\/index.php?rest_route=%2Fwp%2Fv2%2Fcategories&post=40884"},{"taxonomy":"post_tag","embeddable":true,"href":"https:\/\/labunie.com.pl\/index.php?rest_route=%2Fwp%2Fv2%2Ftags&post=40884"}],"curies":[{"name":"wp","href":"https:\/\/api.w.org\/{rel}","templated":true}]}}