{"id":41516,"date":"2025-09-23T14:39:09","date_gmt":"2025-09-23T12:39:09","guid":{"rendered":"https:\/\/www.labunie.com.pl\/?p=41516"},"modified":"2025-09-23T14:39:09","modified_gmt":"2025-09-23T12:39:09","slug":"komunikat-lubelskiego-wojewodzkiego-lekarza-weterynarii-2","status":"publish","type":"post","link":"https:\/\/labunie.com.pl\/?p=41516","title":{"rendered":"Komunikat Lubelskiego Wojew\u00f3dzkiego Lekarza Weterynarii"},"content":{"rendered":"\n<p><strong>Powiatowy Lekarz Weterynarii w Zamo\u015bciu informuje, \u017ce w dniach 3-5 pa\u017adziernika 2025 r. planowane jest przeprowadzenie jesiennej akcji szczepienia lis\u00f3w wolno\u017cyj\u0105cych przeciwko w\u015bciekli\u017anie na terenie wojew\u00f3dztwa lubelskiego.<\/strong><\/p>\n\n\n\n<!--more-->\n\n\n\n<p>Szczepienie zostanie przeprowadzone metod\u0105 zrzut\u00f3w z samolot\u00f3w przyn\u0119t ilo\u015bci 50 sztuk zostan\u0105 roz\u0142o\u017cone r\u0119cznie przez pracownik\u00f3w Inspekcji Weterynaryjnej.<\/p>\n\n\n\n<div style=\"height:50px\" aria-hidden=\"true\" class=\"wp-block-spacer\"><\/div>\n\n\n\n<div class=\"wp-block-image\"><figure class=\"aligncenter size-full\"><img loading=\"lazy\" decoding=\"async\" width=\"1000\" height=\"1414\" src=\"https:\/\/www.labunie.com.pl\/wp-content\/uploads\/2025\/09\/szczepienie_09-2025.png\" alt=\"\" class=\"wp-image-41517\" srcset=\"https:\/\/labunie.com.pl\/wp-content\/uploads\/2025\/09\/szczepienie_09-2025.png 1000w, https:\/\/labunie.com.pl\/wp-content\/uploads\/2025\/09\/szczepienie_09-2025-212x300.png 212w, https:\/\/labunie.com.pl\/wp-content\/uploads\/2025\/09\/szczepienie_09-2025-724x1024.png 724w, https:\/\/labunie.com.pl\/wp-content\/uploads\/2025\/09\/szczepienie_09-2025-768x1086.png 768w\" sizes=\"auto, (max-width: 1000px) 100vw, 1000px\" \/><\/figure><\/div>\n","protected":false},"excerpt":{"rendered":"<p>Powiatowy Lekarz Weterynarii w Zamo\u015bciu informuje, \u017ce w dniach 3-5 pa\u017adziernika 2025 r. planowane jest przeprowadzenie jesiennej akcji szczepienia lis\u00f3w wolno\u017cyj\u0105cych przeciwko w\u015bciekli\u017anie na terenie wojew\u00f3dztwa lubelskiego.<\/p>\n","protected":false},"author":7,"featured_media":38092,"comment_status":"closed","ping_status":"closed","sticky":false,"template":"","format":"standard","meta":{"footnotes":""},"categories":[1],"tags":[],"class_list":["post-41516","post","type-post","status-publish","format-standard","has-post-thumbnail","hentry","category-wpisy","clearfix"],"_links":{"self":[{"href":"https:\/\/labunie.com.pl\/index.php?rest_route=\/wp\/v2\/posts\/41516","targetHints":{"allow":["GET"]}}],"collection":[{"href":"https:\/\/labunie.com.pl\/index.php?rest_route=\/wp\/v2\/posts"}],"about":[{"href":"https:\/\/labunie.com.pl\/index.php?rest_route=\/wp\/v2\/types\/post"}],"author":[{"embeddable":true,"href":"https:\/\/labunie.com.pl\/index.php?rest_route=\/wp\/v2\/users\/7"}],"replies":[{"embeddable":true,"href":"https:\/\/labunie.com.pl\/index.php?rest_route=%2Fwp%2Fv2%2Fcomments&post=41516"}],"version-history":[{"count":1,"href":"https:\/\/labunie.com.pl\/index.php?rest_route=\/wp\/v2\/posts\/41516\/revisions"}],"predecessor-version":[{"id":41518,"href":"https:\/\/labunie.com.pl\/index.php?rest_route=\/wp\/v2\/posts\/41516\/revisions\/41518"}],"wp:featuredmedia":[{"embeddable":true,"href":"https:\/\/labunie.com.pl\/index.php?rest_route=\/wp\/v2\/media\/38092"}],"wp:attachment":[{"href":"https:\/\/labunie.com.pl\/index.php?rest_route=%2Fwp%2Fv2%2Fmedia&parent=41516"}],"wp:term":[{"taxonomy":"category","embeddable":true,"href":"https:\/\/labunie.com.pl\/index.php?rest_route=%2Fwp%2Fv2%2Fcategories&post=41516"},{"taxonomy":"post_tag","embeddable":true,"href":"https:\/\/labunie.com.pl\/index.php?rest_route=%2Fwp%2Fv2%2Ftags&post=41516"}],"curies":[{"name":"wp","href":"https:\/\/api.w.org\/{rel}","templated":true}]}}