{"id":4255,"date":"2016-10-11T12:15:38","date_gmt":"2016-10-11T10:15:38","guid":{"rendered":"https:\/\/www.labunie.com.pl\/?p=4255"},"modified":"2016-10-11T12:18:10","modified_gmt":"2016-10-11T10:18:10","slug":"nasz-kameralny-chor-konsonans-zdobyl-wyroznienie","status":"publish","type":"post","link":"https:\/\/labunie.com.pl\/?p=4255","title":{"rendered":"Nasz Kameralny Ch\u00f3r ,,Konsonans\u201d zdoby\u0142 wyr\u00f3\u017cnienie!"},"content":{"rendered":"<p><strong>Centrum Kulturalne w Przemy\u015blu wsp\u00f3lnie z Parafi\u0105 Konkatedraln\u0105 w Lubaczowie i Powiatowym Centrum Kultury w Lubaczowie zorganizowa\u0142y po raz pi\u0105ty Regionalny Przegl\u0105d Ch\u00f3r\u00f3w &#8211; Pie\u015bni Maryjne. Przegl\u0105d mia\u0142 formu\u0142\u0119 konkursu i skierowany by\u0142 do ch\u00f3r\u00f3w dzia\u0142aj\u0105cych na terenie archidiecezji przemyskiej, diecezji zamojsko-lubaczowskiej oraz rzeszowskiej. Tegoroczna edycja odby\u0142a si\u0119 9 pa\u017adziernika 2016 r. w Sanktuarium Naj\u015bwi\u0119tszej Maryi Panny \u0141askawej &#8211; Konkatedra w Lubaczowie. <\/strong><br \/>\n<!--more--><br \/>\n&nbsp;<br \/>\nPodczas przegl\u0105du zespo\u0142y mia\u0142y okazj\u0119 zaprezentowa\u0107 swoje osi\u0105gni\u0119cia, skonfrontowa\u0107 poziom wykonawczy z innymi ch\u00f3rami, a tak\u017ce piel\u0119gnowa\u0107 tradycj\u0119 \u015bpiewania pie\u015bni maryjnych w opracowaniach wielog\u0142osowych. W tym roku wszystkie ch\u00f3ry wsp\u00f3lnie (ponad 100 os\u00f3b!) wykona\u0142y &#8220;Modlitw\u0119 do Bogarodzicy&#8221; J. \u017bukowskiego w opracowaniu czterog\u0142osowym. My te\u017c uczestniczyli\u015bmy w tym wydarzeniu. To by\u0142y wyj\u0105tkowe i poruszaj\u0105ce emocje, kiedy z tak wiele g\u0142os\u00f3w splot\u0142o si\u0119 w zgodn\u0105 harmoni\u0119, wybrzmiewaj\u0105c\u0105 w murach pi\u0119knej Konkatedry.<br \/>\n&nbsp;<br \/>\nCh\u00f3r &#8220;KONSONANS&#8221; stan\u0105\u0142 do konkurencji z utytu\u0142owanymi ch\u00f3rami, takimi jak Ch\u00f3r \u0141a\u0144cuckiej Fary, Ch\u00f3r &#8220;Harmonia&#8221; z \u0141ukowej czy Ch\u00f3r &#8220;Solament&#8221; z Jod\u0142\u00f3wki. Nasz zesp\u00f3\u0142 wykona\u0142 15 minutowy program a\u2019capella, sk\u0142adaj\u0105cy si\u0119 z czterech utwor\u00f3w : &#8220;Regina Coeli&#8221; A. Lotti, &#8220;Ave Maria&#8221; O. M. \u017bukowski, &#8220;Tropar na Ro\u017cdiestwo Bohorodicy&#8221; A. Stiepnow i &#8220;Hymn do Naj\u015bwi\u0119tszej Panny w Ostrej Bramie&#8221; J. \u017bukowskiego. Du\u017cym wyzwaniem by\u0142o ciekawe, a zarazem trudne opracowanie czterog\u0142osowe utwor\u00f3w autorstwa J. Przytu\u0142y, co podkre\u015blone zosta\u0142o przez cz\u0142onk\u00f3w Jury. Emocje by\u0142y ogromne, trema te\u017c\u2026 Nasze starania zosta\u0142y nagrodzone wyr\u00f3\u017cnieniem, co przy tak wysokim poziomie zmaga\u0144 konkursowych jest du\u017cym sukcesem. Wszyscy ch\u00f3rzy\u015bci spisali si\u0119 bardzo dobrze. Ta nagroda motywuje do dalszej pracy. Pe\u0142ni zapa\u0142u, zgodnie \u2013 jak przysta\u0142o na &#8220;konsonanski&#8221; zabieramy si\u0119 do w\u015bpiewywania nowego repertuaru. Serdecznie dzi\u0119kujemy wszystkim sympatykom ch\u00f3ru za pomoc organizacyjn\u0105, ciep\u0142e s\u0142owa i trzymanie kciuk\u00f3w. Wasze wsparcie jest dla nas zawsze bardzo wa\u017cne!<\/p>\n<p style=\"text-align: right;\"><em><span style=\"font-size: 8pt;\">Agnieszka Brylewicz<\/span><\/em><\/p>\n<div id='pe-gallery-1' class='pe-gallery pe-gallery-4255 columns-3 img-size-medium'><div class='pe-row'><div class='col-md-4'><figure tabindex='0' class='pe-gallery-item ' ><div class='pe-gallery-image landscape'>\n\t\t\t\t\t\t\t<a href=\"https:\/\/labunie.com.pl\/wp-content\/uploads\/2016\/10\/dyplom_kons_20161009_f2.jpg\" data-rel=\"lightbox-gallery-x5w0wK5N\" data-rl_title=\"\" data-rl_caption=\"\" title=\"\"><img loading=\"lazy\" decoding=\"async\" width=\"300\" height=\"200\" src=\"https:\/\/labunie.com.pl\/wp-content\/uploads\/2016\/10\/dyplom_kons_20161009_f2-300x200.jpg\" class=\"attachment-medium size-medium\" alt=\"dyplom kons 20161009 f2\" data-no-retina=\"\" aria-describedby=\"gallery-1-4257\" srcset=\"https:\/\/labunie.com.pl\/wp-content\/uploads\/2016\/10\/dyplom_kons_20161009_f2-300x200.jpg 300w, https:\/\/labunie.com.pl\/wp-content\/uploads\/2016\/10\/dyplom_kons_20161009_f2-768x512.jpg 768w, https:\/\/labunie.com.pl\/wp-content\/uploads\/2016\/10\/dyplom_kons_20161009_f2-1024x682.jpg 1024w, https:\/\/labunie.com.pl\/wp-content\/uploads\/2016\/10\/dyplom_kons_20161009_f2.jpg 1100w\" sizes=\"auto, (max-width: 300px) 100vw, 300px\" \/><\/a>\n\t\t\t\t\t\t<\/div><figcaption class='wp-caption-text pe-gallery-caption'>\n\t\t\t\t\t\t\t\tdyplom kons 20161009 f2\n\t\t\t\t\t\t\t<\/figcaption><\/figure><\/div><div class='col-md-4'><figure tabindex='0' class='pe-gallery-item ' ><div class='pe-gallery-image landscape'>\n\t\t\t\t\t\t\t<a href=\"https:\/\/labunie.com.pl\/wp-content\/uploads\/2016\/10\/dyplom_kons_20161009_f1.jpg\" data-rel=\"lightbox-gallery-x5w0wK5N\" data-rl_title=\"\" data-rl_caption=\"\" title=\"\"><img loading=\"lazy\" decoding=\"async\" width=\"300\" height=\"200\" src=\"https:\/\/labunie.com.pl\/wp-content\/uploads\/2016\/10\/dyplom_kons_20161009_f1-300x200.jpg\" class=\"attachment-medium size-medium\" alt=\"dyplom kons 20161009 f1\" data-no-retina=\"\" aria-describedby=\"gallery-1-4256\" srcset=\"https:\/\/labunie.com.pl\/wp-content\/uploads\/2016\/10\/dyplom_kons_20161009_f1-300x200.jpg 300w, https:\/\/labunie.com.pl\/wp-content\/uploads\/2016\/10\/dyplom_kons_20161009_f1-768x512.jpg 768w, https:\/\/labunie.com.pl\/wp-content\/uploads\/2016\/10\/dyplom_kons_20161009_f1-1024x682.jpg 1024w, https:\/\/labunie.com.pl\/wp-content\/uploads\/2016\/10\/dyplom_kons_20161009_f1.jpg 1100w\" sizes=\"auto, (max-width: 300px) 100vw, 300px\" \/><\/a>\n\t\t\t\t\t\t<\/div><figcaption class='wp-caption-text pe-gallery-caption'>\n\t\t\t\t\t\t\t\tdyplom kons 20161009 f1\n\t\t\t\t\t\t\t<\/figcaption><\/figure><\/div><div class='col-md-4'><figure tabindex='0' class='pe-gallery-item ' ><div class='pe-gallery-image portrait'>\n\t\t\t\t\t\t\t<a href=\"https:\/\/labunie.com.pl\/wp-content\/uploads\/2016\/10\/kons_20161009_dyplom.jpg\" data-rel=\"lightbox-gallery-x5w0wK5N\" data-rl_title=\"\" data-rl_caption=\"\" title=\"\"><img loading=\"lazy\" decoding=\"async\" width=\"225\" height=\"300\" src=\"https:\/\/labunie.com.pl\/wp-content\/uploads\/2016\/10\/kons_20161009_dyplom-225x300.jpg\" class=\"attachment-medium size-medium\" alt=\"kons 20161009 dyplom\" data-no-retina=\"\" aria-describedby=\"gallery-1-4258\" srcset=\"https:\/\/labunie.com.pl\/wp-content\/uploads\/2016\/10\/kons_20161009_dyplom-225x300.jpg 225w, https:\/\/labunie.com.pl\/wp-content\/uploads\/2016\/10\/kons_20161009_dyplom.jpg 750w\" sizes=\"auto, (max-width: 225px) 100vw, 225px\" \/><\/a>\n\t\t\t\t\t\t<\/div><figcaption class='wp-caption-text pe-gallery-caption'>\n\t\t\t\t\t\t\t\tkons 20161009 dyplom\n\t\t\t\t\t\t\t<\/figcaption><\/figure><\/div><\/div><\/div>\n\n","protected":false},"excerpt":{"rendered":"<p>Centrum Kulturalne w Przemy\u015blu wsp\u00f3lnie z Parafi\u0105 Konkatedraln\u0105 w Lubaczowie i Powiatowym Centrum Kultury w Lubaczowie zorganizowa\u0142y po raz pi\u0105ty Regionalny Przegl\u0105d Ch\u00f3r\u00f3w &#8211; Pie\u015bni Maryjne. Przegl\u0105d mia\u0142 formu\u0142\u0119 konkursu i skierowany by\u0142 do ch\u00f3r\u00f3w dzia\u0142aj\u0105cych na terenie archidiecezji przemyskiej, diecezji zamojsko-lubaczowskiej oraz rzeszowskiej. Tegoroczna edycja odby\u0142a si\u0119 9 pa\u017adziernika 2016 r. w Sanktuarium Naj\u015bwi\u0119tszej [&hellip;]<\/p>\n","protected":false},"author":7,"featured_media":4259,"comment_status":"closed","ping_status":"closed","sticky":false,"template":"","format":"standard","meta":{"footnotes":""},"categories":[1],"tags":[],"class_list":["post-4255","post","type-post","status-publish","format-standard","has-post-thumbnail","hentry","category-wpisy","clearfix"],"_links":{"self":[{"href":"https:\/\/labunie.com.pl\/index.php?rest_route=\/wp\/v2\/posts\/4255","targetHints":{"allow":["GET"]}}],"collection":[{"href":"https:\/\/labunie.com.pl\/index.php?rest_route=\/wp\/v2\/posts"}],"about":[{"href":"https:\/\/labunie.com.pl\/index.php?rest_route=\/wp\/v2\/types\/post"}],"author":[{"embeddable":true,"href":"https:\/\/labunie.com.pl\/index.php?rest_route=\/wp\/v2\/users\/7"}],"replies":[{"embeddable":true,"href":"https:\/\/labunie.com.pl\/index.php?rest_route=%2Fwp%2Fv2%2Fcomments&post=4255"}],"version-history":[{"count":5,"href":"https:\/\/labunie.com.pl\/index.php?rest_route=\/wp\/v2\/posts\/4255\/revisions"}],"predecessor-version":[{"id":4264,"href":"https:\/\/labunie.com.pl\/index.php?rest_route=\/wp\/v2\/posts\/4255\/revisions\/4264"}],"wp:featuredmedia":[{"embeddable":true,"href":"https:\/\/labunie.com.pl\/index.php?rest_route=\/wp\/v2\/media\/4259"}],"wp:attachment":[{"href":"https:\/\/labunie.com.pl\/index.php?rest_route=%2Fwp%2Fv2%2Fmedia&parent=4255"}],"wp:term":[{"taxonomy":"category","embeddable":true,"href":"https:\/\/labunie.com.pl\/index.php?rest_route=%2Fwp%2Fv2%2Fcategories&post=4255"},{"taxonomy":"post_tag","embeddable":true,"href":"https:\/\/labunie.com.pl\/index.php?rest_route=%2Fwp%2Fv2%2Ftags&post=4255"}],"curies":[{"name":"wp","href":"https:\/\/api.w.org\/{rel}","templated":true}]}}