{"id":42586,"date":"2026-01-15T12:58:39","date_gmt":"2026-01-15T11:58:39","guid":{"rendered":"https:\/\/www.labunie.com.pl\/?p=42586"},"modified":"2026-01-15T12:59:28","modified_gmt":"2026-01-15T11:59:28","slug":"asystent-osobisty-osoby-z-niepelnosprawnoscia-dla-jednostek-samorzadu-terytorialnego-edycja-2026","status":"publish","type":"post","link":"https:\/\/labunie.com.pl\/?p=42586","title":{"rendered":"Asystent osobisty osoby z niepe\u0142nosprawno\u015bci\u0105 dla Jednostek Samorz\u0105du Terytorialnego \u2013 edycja 2026"},"content":{"rendered":"\n<p><strong>Gmina \u0141abunie przyst\u0105pi\u0142a do Programu \u201eAsystent osobisty osoby <\/strong><strong>z niepe\u0142nosprawno\u015bci\u0105\u201d dla Jednostek Samorz\u0105du Terytorialnego \u2013 edycja 2026 <\/strong><strong>w ramach \u015brodk\u00f3w z Funduszu Solidarno\u015bciowego otrzymanych z Ministerstwa Rodziny, Pracy i Polityki Spo\u0142ecznej.<\/strong><\/p>\n\n\n\n<div style=\"height:18px\" aria-hidden=\"true\" class=\"wp-block-spacer\"><\/div>\n\n\n\n<!--more-->\n\n\n\n<h2>Okres realizacji Programu na terenie Gminy \u0141abunie<\/h2>\n<p>Program b\u0119dzie realizowany do dnia 31 grudnia 2026 roku<\/p>\n<p>Kwota dofinansowania <strong>292 847,10<\/strong> z\u0142<\/p>\n<p>Warto\u015b\u0107 projektu<strong> 292 847,10<\/strong> z\u0142<\/p>\n<h2>Cele Programu<\/h2>\n<p>G\u0142\u00f3wnym celem Programu jest wprowadzenie us\u0142ug asystencji osobistej jako formy og\u00f3lnodost\u0119pnego wsparcia w wykonywaniu codziennych czynno\u015bci oraz funkcjonowaniu w \u017cyciu spo\u0142ecznym.<\/p>\n<h2>Adresatami Programu s\u0105:<\/h2>\n<p>osoby z niepe\u0142nosprawno\u015bciami posiadaj\u0105ce orzeczenie:<\/p>\n<ol>\n<li>a) o znacznym stopniu niepe\u0142nosprawno\u015bci albo<\/li>\n<li>b) o umiarkowanym stopniu niepe\u0142nosprawno\u015bci albo<\/li>\n<li>c) traktowane na r\u00f3wni z orzeczeniami wymienionymi w lit. a i b, zgodnie z art. 5 i art. 62 ustawy z dnia 27 sierpnia 1997 r. o rehabilitacji zawodowej i spo\u0142ecznej oraz zatrudnianiu os\u00f3b niepe\u0142nosprawnych.<\/li>\n<\/ol>\n<h2>Podstawa prawna Programu<\/h2>\n<p>Podstaw\u0105 prawn\u0105 Programu jest art. 7 ust. 5 ustawy z dnia 23 pa\u017adziernika 2018 r.<br \/>o Funduszu Solidarno\u015bciowym (Dz. U. z 2024 r. poz. 1848).<\/p>\n<p>Umowa o dofinansowanie zadania zosta\u0142a podpisana w dniu 13 stycznia 2026 r.<\/p>\n<p>\u00a0<\/p>\n<p>Szczeg\u00f3\u0142owe informacje dotycz\u0105ce programu mo\u017cna uzyska\u0107 w Gminnym O\u015brodku Pomocy Spo\u0142ecznej w \u0141abuniach ul. Orzechowa 10, pod numerem <strong>tel. 84 61 130 08.<\/strong><\/p>\n<p>\u00a0<\/p>\n\n\n\n<figure class=\"wp-block-image size-full\"><img loading=\"lazy\" decoding=\"async\" width=\"945\" height=\"143\" src=\"https:\/\/www.labunie.com.pl\/wp-content\/uploads\/2026\/01\/ddd.png\" alt=\"\" class=\"wp-image-42588\" srcset=\"https:\/\/labunie.com.pl\/wp-content\/uploads\/2026\/01\/ddd.png 945w, https:\/\/labunie.com.pl\/wp-content\/uploads\/2026\/01\/ddd-300x45.png 300w, https:\/\/labunie.com.pl\/wp-content\/uploads\/2026\/01\/ddd-768x116.png 768w\" sizes=\"auto, (max-width: 945px) 100vw, 945px\" \/><\/figure>\n\n\n","protected":false},"excerpt":{"rendered":"<p>Gmina \u0141abunie przyst\u0105pi\u0142a do Programu \u201eAsystent osobisty osoby z niepe\u0142nosprawno\u015bci\u0105\u201d dla Jednostek Samorz\u0105du Terytorialnego \u2013 edycja 2026 w ramach \u015brodk\u00f3w z Funduszu Solidarno\u015bciowego otrzymanych z Ministerstwa Rodziny, Pracy i Polityki Spo\u0142ecznej.<\/p>\n","protected":false},"author":11,"featured_media":23295,"comment_status":"closed","ping_status":"closed","sticky":false,"template":"","format":"standard","meta":{"footnotes":""},"categories":[1],"tags":[],"class_list":["post-42586","post","type-post","status-publish","format-standard","has-post-thumbnail","hentry","category-wpisy","clearfix"],"_links":{"self":[{"href":"https:\/\/labunie.com.pl\/index.php?rest_route=\/wp\/v2\/posts\/42586","targetHints":{"allow":["GET"]}}],"collection":[{"href":"https:\/\/labunie.com.pl\/index.php?rest_route=\/wp\/v2\/posts"}],"about":[{"href":"https:\/\/labunie.com.pl\/index.php?rest_route=\/wp\/v2\/types\/post"}],"author":[{"embeddable":true,"href":"https:\/\/labunie.com.pl\/index.php?rest_route=\/wp\/v2\/users\/11"}],"replies":[{"embeddable":true,"href":"https:\/\/labunie.com.pl\/index.php?rest_route=%2Fwp%2Fv2%2Fcomments&post=42586"}],"version-history":[{"count":3,"href":"https:\/\/labunie.com.pl\/index.php?rest_route=\/wp\/v2\/posts\/42586\/revisions"}],"predecessor-version":[{"id":42591,"href":"https:\/\/labunie.com.pl\/index.php?rest_route=\/wp\/v2\/posts\/42586\/revisions\/42591"}],"wp:featuredmedia":[{"embeddable":true,"href":"https:\/\/labunie.com.pl\/index.php?rest_route=\/wp\/v2\/media\/23295"}],"wp:attachment":[{"href":"https:\/\/labunie.com.pl\/index.php?rest_route=%2Fwp%2Fv2%2Fmedia&parent=42586"}],"wp:term":[{"taxonomy":"category","embeddable":true,"href":"https:\/\/labunie.com.pl\/index.php?rest_route=%2Fwp%2Fv2%2Fcategories&post=42586"},{"taxonomy":"post_tag","embeddable":true,"href":"https:\/\/labunie.com.pl\/index.php?rest_route=%2Fwp%2Fv2%2Ftags&post=42586"}],"curies":[{"name":"wp","href":"https:\/\/api.w.org\/{rel}","templated":true}]}}