{"id":43823,"date":"2026-04-30T12:15:29","date_gmt":"2026-04-30T10:15:29","guid":{"rendered":"https:\/\/www.labunie.com.pl\/?p=43823"},"modified":"2026-04-30T13:20:52","modified_gmt":"2026-04-30T11:20:52","slug":"gmina-labunie-bedzie-miala-nowa-scene-mobilna","status":"publish","type":"post","link":"https:\/\/labunie.com.pl\/?p=43823","title":{"rendered":"Gmina \u0141abunie b\u0119dzie mia\u0142a now\u0105 scen\u0119 mobiln\u0105"},"content":{"rendered":"\n\n\n<p style=\"text-align: justify;\"><strong>W\u00f3jt Gminy \u0141abunie &#8211; Mariusz Kukie\u0142ka podpisa\u0142 we wtorek, 28 kwietnia umow\u0119 na zakup i dostaw\u0119 nowej sceny mobilnej na potrzeby organizacji wydarze\u0144 kulturalnych w gminie \u0141abunie.<\/strong><\/p>\n\n\n\n<div style=\"height:23px\" aria-hidden=\"true\" class=\"wp-block-spacer\"><\/div>\n\n\n\n<!--more-->\n\n\n\n<p>B\u0119dzie to scena mobilna o wymiarach 8,0 m x 6,0 m z profilowanym dachem \u0142ukowym, skrzyd\u0142ami na nag\u0142o\u015bnienie liniowe, \u015bcianami w formie zak\u0142adanych siatek i plandek z hydraulicznym podnoszeniem dachu, schodami oraz barierkami ochronnymi na boki oraz ty\u0142 sceny. <br \/><br \/>Koszt zakupu nowej sceny wyniesie prawie 182 tys. z\u0142, z czego ok. 110 tys. to dofinansowanie przyznane przez Samorz\u0105d Wojew\u00f3dztwa Lubelskiego za po\u015brednictwem <span class=\"xv78j7m\" spellcheck=\"false\">LGD Ziemia Zamojska<\/span><br \/><br \/>Inwestycj\u0119 zrealizuje wybrana w drodze przetargu firma <span class=\"xv78j7m\" spellcheck=\"false\">ALspaw<\/span> Group Sp. z o.o. Sp. k. z siedzib\u0105 w Ostrowie Wielkopolskim.<\/p>\n\n\n\n<div style=\"height:23px\" aria-hidden=\"true\" class=\"wp-block-spacer\"><\/div>\n\n\n\n\n\n<figure class=\"wp-block-image size-large\"><img loading=\"lazy\" decoding=\"async\" width=\"1024\" height=\"721\" src=\"https:\/\/www.labunie.com.pl\/wp-content\/uploads\/2026\/04\/PLAKAT-SCENA-1024x721.png\" alt=\"\" class=\"wp-image-43824\" srcset=\"https:\/\/labunie.com.pl\/wp-content\/uploads\/2026\/04\/PLAKAT-SCENA-1024x721.png 1024w, https:\/\/labunie.com.pl\/wp-content\/uploads\/2026\/04\/PLAKAT-SCENA-300x211.png 300w, https:\/\/labunie.com.pl\/wp-content\/uploads\/2026\/04\/PLAKAT-SCENA-768x541.png 768w, https:\/\/labunie.com.pl\/wp-content\/uploads\/2026\/04\/PLAKAT-SCENA.png 1333w\" sizes=\"auto, (max-width: 1024px) 100vw, 1024px\" \/><\/figure>\n","protected":false},"excerpt":{"rendered":"<p>W\u00f3jt Gminy \u0141abunie &#8211; Mariusz Kukie\u0142ka podpisa\u0142 we wtorek, 28 kwietnia umow\u0119 na zakup i dostaw\u0119 nowej sceny mobilnej na potrzeby organizacji wydarze\u0144 kulturalnych w gminie \u0141abunie.<\/p>\n","protected":false},"author":11,"featured_media":43826,"comment_status":"closed","ping_status":"closed","sticky":false,"template":"","format":"standard","meta":{"footnotes":""},"categories":[1],"tags":[],"class_list":["post-43823","post","type-post","status-publish","format-standard","has-post-thumbnail","hentry","category-wpisy","clearfix"],"_links":{"self":[{"href":"https:\/\/labunie.com.pl\/index.php?rest_route=\/wp\/v2\/posts\/43823","targetHints":{"allow":["GET"]}}],"collection":[{"href":"https:\/\/labunie.com.pl\/index.php?rest_route=\/wp\/v2\/posts"}],"about":[{"href":"https:\/\/labunie.com.pl\/index.php?rest_route=\/wp\/v2\/types\/post"}],"author":[{"embeddable":true,"href":"https:\/\/labunie.com.pl\/index.php?rest_route=\/wp\/v2\/users\/11"}],"replies":[{"embeddable":true,"href":"https:\/\/labunie.com.pl\/index.php?rest_route=%2Fwp%2Fv2%2Fcomments&post=43823"}],"version-history":[{"count":2,"href":"https:\/\/labunie.com.pl\/index.php?rest_route=\/wp\/v2\/posts\/43823\/revisions"}],"predecessor-version":[{"id":43834,"href":"https:\/\/labunie.com.pl\/index.php?rest_route=\/wp\/v2\/posts\/43823\/revisions\/43834"}],"wp:featuredmedia":[{"embeddable":true,"href":"https:\/\/labunie.com.pl\/index.php?rest_route=\/wp\/v2\/media\/43826"}],"wp:attachment":[{"href":"https:\/\/labunie.com.pl\/index.php?rest_route=%2Fwp%2Fv2%2Fmedia&parent=43823"}],"wp:term":[{"taxonomy":"category","embeddable":true,"href":"https:\/\/labunie.com.pl\/index.php?rest_route=%2Fwp%2Fv2%2Fcategories&post=43823"},{"taxonomy":"post_tag","embeddable":true,"href":"https:\/\/labunie.com.pl\/index.php?rest_route=%2Fwp%2Fv2%2Ftags&post=43823"}],"curies":[{"name":"wp","href":"https:\/\/api.w.org\/{rel}","templated":true}]}}