{"id":6124,"date":"2017-06-06T12:03:57","date_gmt":"2017-06-06T10:03:57","guid":{"rendered":"https:\/\/www.labunie.com.pl\/?p=6124"},"modified":"2017-06-06T12:21:36","modified_gmt":"2017-06-06T10:21:36","slug":"pierwsza-labunska-noc-bibliotek","status":"publish","type":"post","link":"https:\/\/labunie.com.pl\/?p=6124","title":{"rendered":"Pierwsza \u0141abu\u0144ska Noc Bibliotek"},"content":{"rendered":"<p><strong>W nocy z 3 na 4 czerwca w gminie \u0141abunie odby\u0142a si\u0119 Noc Bibliotek. Go\u015bciem specjalnym \u201ePierwszej \u0141abu\u0144skiej Nocy Bibliotek\u201d by\u0142 Stefan Darda, nazywany &#8220;polskim Kingiem&#8221; (nie tylko z racji zbie\u017cno\u015bci imion). Spotkanie by\u0142o cz\u0119\u015bciowo po\u015bwi\u0119cone ksi\u0105\u017cce &#8220;Nowy dom na wyr\u0119bach&#8221; \u2013 kt\u00f3rej premiera ju\u017c w czerwcu.<\/strong><\/p>\n<p><!--more--><br \/>\n&nbsp;<br \/>\n&nbsp;<br \/>\nPe\u0142na relacja z wydarzenia i galeria zdj\u0119\u0107 na <a href=\"http:\/\/www.biblabunie.naszabiblioteka.com\/n,noc-w-bibliotece-relacja\">www.biblabunie.naszabiblioteka.com<\/a><\/p>\n","protected":false},"excerpt":{"rendered":"<p>W nocy z 3 na 4 czerwca w gminie \u0141abunie odby\u0142a si\u0119 Noc Bibliotek. Go\u015bciem specjalnym \u201ePierwszej \u0141abu\u0144skiej Nocy Bibliotek\u201d by\u0142 Stefan Darda, nazywany &#8220;polskim Kingiem&#8221; (nie tylko z racji zbie\u017cno\u015bci imion). Spotkanie by\u0142o cz\u0119\u015bciowo po\u015bwi\u0119cone ksi\u0105\u017cce &#8220;Nowy dom na wyr\u0119bach&#8221; \u2013 kt\u00f3rej premiera ju\u017c w czerwcu.<\/p>\n","protected":false},"author":7,"featured_media":6125,"comment_status":"closed","ping_status":"closed","sticky":false,"template":"","format":"standard","meta":{"footnotes":""},"categories":[1],"tags":[],"class_list":["post-6124","post","type-post","status-publish","format-standard","has-post-thumbnail","hentry","category-wpisy","clearfix"],"_links":{"self":[{"href":"https:\/\/labunie.com.pl\/index.php?rest_route=\/wp\/v2\/posts\/6124","targetHints":{"allow":["GET"]}}],"collection":[{"href":"https:\/\/labunie.com.pl\/index.php?rest_route=\/wp\/v2\/posts"}],"about":[{"href":"https:\/\/labunie.com.pl\/index.php?rest_route=\/wp\/v2\/types\/post"}],"author":[{"embeddable":true,"href":"https:\/\/labunie.com.pl\/index.php?rest_route=\/wp\/v2\/users\/7"}],"replies":[{"embeddable":true,"href":"https:\/\/labunie.com.pl\/index.php?rest_route=%2Fwp%2Fv2%2Fcomments&post=6124"}],"version-history":[{"count":3,"href":"https:\/\/labunie.com.pl\/index.php?rest_route=\/wp\/v2\/posts\/6124\/revisions"}],"predecessor-version":[{"id":6128,"href":"https:\/\/labunie.com.pl\/index.php?rest_route=\/wp\/v2\/posts\/6124\/revisions\/6128"}],"wp:featuredmedia":[{"embeddable":true,"href":"https:\/\/labunie.com.pl\/index.php?rest_route=\/wp\/v2\/media\/6125"}],"wp:attachment":[{"href":"https:\/\/labunie.com.pl\/index.php?rest_route=%2Fwp%2Fv2%2Fmedia&parent=6124"}],"wp:term":[{"taxonomy":"category","embeddable":true,"href":"https:\/\/labunie.com.pl\/index.php?rest_route=%2Fwp%2Fv2%2Fcategories&post=6124"},{"taxonomy":"post_tag","embeddable":true,"href":"https:\/\/labunie.com.pl\/index.php?rest_route=%2Fwp%2Fv2%2Ftags&post=6124"}],"curies":[{"name":"wp","href":"https:\/\/api.w.org\/{rel}","templated":true}]}}