{"id":6129,"date":"2017-06-06T14:51:11","date_gmt":"2017-06-06T12:51:11","guid":{"rendered":"https:\/\/www.labunie.com.pl\/?p=6129"},"modified":"2017-06-06T14:53:14","modified_gmt":"2017-06-06T12:53:14","slug":"dziedzictwo-kulinarne-i-rekodzielnicze-ziemi-zamojskiej-zaproszenie-na-warsztaty","status":"publish","type":"post","link":"https:\/\/labunie.com.pl\/?p=6129","title":{"rendered":"\u201eDziedzictwo kulinarne i r\u0119kodzielnicze Ziemi Zamojskiej\u201d &#8211; zaproszenie na warsztaty"},"content":{"rendered":"<p><strong>Stowarzyszenie Lokalna Grupa Dzia\u0142ania \u201eZiemia Zamojska\u201d zaprasza dzieci oraz m\u0142odzie\u017c w wieku 8-18 lat na bezp\u0142atne warsztaty kulinarne i r\u0119kodzielnicze w ramach projektu \u201eDziedzictwo kulinarne i r\u0119kodzielnicze Ziemi Zamojskiej\u201d.<\/strong><\/p>\n<p><!--more--><br \/>\n&nbsp;<br \/>\n&nbsp;<br \/>\n&nbsp;<br \/>\nWarsztaty odb\u0119d\u0105 si\u0119 w nast\u0119puj\u0105cych terminach:<\/p>\n<ul>\n<li><strong>28.06.2017 r.<\/strong>, &#8211; warsztaty r\u0119kodzie\u0142a artystycznego w Izbie Muzealnej w Barchaczowie, (szkatu\u0142ka metod\u0105 decupache i sospesso)<\/li>\n<li><strong>03.07.2017 r.<\/strong>, &#8211; warsztaty r\u0119kodzie\u0142a artystycznego w \u015awietlicy Wiejskiej (remiza) w Su\u0142owie, (szkatu\u0142ka metod\u0105 decupache i sospesso)<\/li>\n<li><strong>04.07.2017 r.<\/strong>, &#8211; warsztaty kulinarne w \u015awietlicy Wiejskiej w Wolicy \u015aniatyckiej, (tradycyjna kuchnia lokalna, elementy dekorowania sto\u0142u)<\/li>\n<li><strong>05.07.2017 r.<\/strong> &#8211; warsztaty kulinarne w Gminnym O\u015brodku Kultury w Starym Zamo\u015bciu, (tradycyjna kuchnia lokalna, elementy dekorowania sto\u0142u)<\/li>\n<\/ul>\n<p>&nbsp;<br \/>\nRozpocz\u0119cie warsztat\u00f3w w danych dniach od godziny 9.00. Ka\u017cdy z warsztat\u00f3w potrwa ok. 4 godz. Ka\u017cda grupa warsztatowa liczy\u0107 b\u0119dzie maksymalnie 15 os\u00f3b: dzieci i m\u0142odzie\u017c od 8 do 18 roku \u017cycia. W przypadku du\u017cego zainteresowania decydowa\u0107 b\u0119dzie kolejno\u015b\u0107 zg\u0142osze\u0144. Zg\u0142oszenia nale\u017cy dokona\u0107 poprzez dostarczenie do biura LGD deklaracji uczestnictwa w warsztatach (deklaracje poni\u017cej). Wszelkie informacje o warsztatach udzielane s\u0105 w Biurze LGD \u201eZiemia Zamojska\u201d pod numerem telefonu: 84 307 22 07.<br \/>\n&nbsp;<\/p>\n<table>\n<tbody>\n<tr>\n<td><a href=\"https:\/\/www.labunie.com.pl\/wp-content\/uploads\/2017\/06\/Deklaracja_rekodzielo.docx\"><img loading=\"lazy\" decoding=\"async\" class=\"aligncenter size-full wp-image-1484\" src=\"https:\/\/www.labunie.com.pl\/wp-content\/uploads\/2015\/07\/doc1.png\" alt=\"\" width=\"50\" height=\"50\" \/><\/a><\/td>\n<td><a href=\"https:\/\/www.labunie.com.pl\/wp-content\/uploads\/2017\/06\/Deklaracja_rekodzielo.docx\">Warsztaty r\u0119kodzie\u0142a &#8211; deklaracja<\/a><\/td>\n<\/tr>\n<tr>\n<td><a href=\"https:\/\/www.labunie.com.pl\/wp-content\/uploads\/2017\/06\/Deklaracja_kulin.docx\"><img loading=\"lazy\" decoding=\"async\" class=\"aligncenter size-full wp-image-1484\" src=\"https:\/\/www.labunie.com.pl\/wp-content\/uploads\/2015\/07\/doc1.png\" alt=\"\" width=\"50\" height=\"50\" \/><\/a><\/td>\n<td><a href=\"https:\/\/www.labunie.com.pl\/wp-content\/uploads\/2017\/06\/Deklaracja_kulin.docx\">Warsztaty kulinarne &#8211; deklaracja<\/a><\/td>\n<\/tr>\n<\/tbody>\n<\/table>\n<p style=\"text-align: center;\"><strong><em>Serdecznie zapraszamy!!!<\/em><\/strong><\/p>\n<p>&nbsp;<\/p>\n<p style=\"text-align: center;\">\n<span style=\"font-size: 8pt;\"><em>Projekt pn. \u201eDziedzictwo kulinarne i r\u0119kodzielnicze Ziemi Zamojskiej\u201d jest realizowany<\/em><\/span><br \/>\n<span style=\"font-size: 8pt;\"><em> w ramach wsparcia finansowego Starostwa Powiatowego w Zamo\u015bciu<\/em><\/span><br \/>\n<img loading=\"lazy\" decoding=\"async\" class=\"aligncenter size-full wp-image-6130\" src=\"https:\/\/www.labunie.com.pl\/wp-content\/uploads\/2017\/06\/pz-lgd.png\" alt=\"\" width=\"630\" height=\"100\" srcset=\"https:\/\/labunie.com.pl\/wp-content\/uploads\/2017\/06\/pz-lgd.png 630w, https:\/\/labunie.com.pl\/wp-content\/uploads\/2017\/06\/pz-lgd-300x48.png 300w\" sizes=\"auto, (max-width: 630px) 100vw, 630px\" \/><\/p>\n","protected":false},"excerpt":{"rendered":"<p>Stowarzyszenie Lokalna Grupa Dzia\u0142ania \u201eZiemia Zamojska\u201d zaprasza dzieci oraz m\u0142odzie\u017c w wieku 8-18 lat na bezp\u0142atne warsztaty kulinarne i r\u0119kodzielnicze w ramach projektu \u201eDziedzictwo kulinarne i r\u0119kodzielnicze Ziemi Zamojskiej\u201d.<\/p>\n","protected":false},"author":7,"featured_media":2281,"comment_status":"closed","ping_status":"closed","sticky":false,"template":"","format":"standard","meta":{"footnotes":""},"categories":[1],"tags":[],"class_list":["post-6129","post","type-post","status-publish","format-standard","has-post-thumbnail","hentry","category-wpisy","clearfix"],"_links":{"self":[{"href":"https:\/\/labunie.com.pl\/index.php?rest_route=\/wp\/v2\/posts\/6129","targetHints":{"allow":["GET"]}}],"collection":[{"href":"https:\/\/labunie.com.pl\/index.php?rest_route=\/wp\/v2\/posts"}],"about":[{"href":"https:\/\/labunie.com.pl\/index.php?rest_route=\/wp\/v2\/types\/post"}],"author":[{"embeddable":true,"href":"https:\/\/labunie.com.pl\/index.php?rest_route=\/wp\/v2\/users\/7"}],"replies":[{"embeddable":true,"href":"https:\/\/labunie.com.pl\/index.php?rest_route=%2Fwp%2Fv2%2Fcomments&post=6129"}],"version-history":[{"count":5,"href":"https:\/\/labunie.com.pl\/index.php?rest_route=\/wp\/v2\/posts\/6129\/revisions"}],"predecessor-version":[{"id":6138,"href":"https:\/\/labunie.com.pl\/index.php?rest_route=\/wp\/v2\/posts\/6129\/revisions\/6138"}],"wp:featuredmedia":[{"embeddable":true,"href":"https:\/\/labunie.com.pl\/index.php?rest_route=\/wp\/v2\/media\/2281"}],"wp:attachment":[{"href":"https:\/\/labunie.com.pl\/index.php?rest_route=%2Fwp%2Fv2%2Fmedia&parent=6129"}],"wp:term":[{"taxonomy":"category","embeddable":true,"href":"https:\/\/labunie.com.pl\/index.php?rest_route=%2Fwp%2Fv2%2Fcategories&post=6129"},{"taxonomy":"post_tag","embeddable":true,"href":"https:\/\/labunie.com.pl\/index.php?rest_route=%2Fwp%2Fv2%2Ftags&post=6129"}],"curies":[{"name":"wp","href":"https:\/\/api.w.org\/{rel}","templated":true}]}}