{"id":6861,"date":"2017-10-18T12:13:54","date_gmt":"2017-10-18T10:13:54","guid":{"rendered":"https:\/\/www.labunie.com.pl\/?p=6861"},"modified":"2017-10-18T12:13:54","modified_gmt":"2017-10-18T10:13:54","slug":"w-ramach-prow-2014-2020","status":"publish","type":"post","link":"https:\/\/labunie.com.pl\/?p=6861","title":{"rendered":"W ramach PROW 2014-2020"},"content":{"rendered":"<p><strong>17 pa\u017adziernika w siedzibie Departamentu PROW Urz\u0119du Marsza\u0142kowskiego w Lublinie W\u00f3jt Gminy \u0141abunie Antoni Wojciech Turczyn i Skarbnik Gminy Agnieszka Niemczuk w obecno\u015bci Zast\u0119pcy Dyrektora Mateusza Winiarskiego podpisali umowy <\/strong><strong>o dofinansowanie przedsi\u0119wzi\u0119\u0107 na terenie naszej gminy.<\/strong><\/p>\n<p><!--more--><br \/>\n&nbsp;<br \/>\n<img loading=\"lazy\" decoding=\"async\" class=\"aligncenter size-full wp-image-6863\" src=\"https:\/\/www.labunie.com.pl\/wp-content\/uploads\/2017\/10\/ue-lgd-leader-prow.png\" alt=\"\" width=\"630\" height=\"188\" srcset=\"https:\/\/labunie.com.pl\/wp-content\/uploads\/2017\/10\/ue-lgd-leader-prow.png 630w, https:\/\/labunie.com.pl\/wp-content\/uploads\/2017\/10\/ue-lgd-leader-prow-300x90.png 300w\" sizes=\"auto, (max-width: 630px) 100vw, 630px\" \/><br \/>\nGmina \u0141abunie realizowa\u0107 b\u0119dzie w latach 2017-2018 w ramach poddzia\u0142ania 19.2 \u201eWsparcie na wdra\u017canie operacji w ramach strategii rozwoju lokalnego kierowanego przez spo\u0142eczno\u015b\u0107\u201d obj\u0119tego PROW 2014-2020 dwie operacje pn. \u201eUtworzenie szlak\u00f3w rowerowych w Gminie \u0141abunie\u201d (kwota pomocy 32 133,00 z\u0142) i \u201ePrzebudowa i wyposa\u017cenie \u015bwietlicy wiejskiej w \u0141abuniach w celu odtworzenia funkcji kulturalno \u2013 spo\u0142ecznej (kwota pomocy 32 451,00 z\u0142).<br \/>\n&nbsp;<br \/>\n<div id='pe-gallery-1' class='pe-gallery pe-gallery-6861 columns-3 img-size-medium'><div class='pe-row'><div class='col-md-4'><figure tabindex='0' class='pe-gallery-item ' ><div class='pe-gallery-image landscape'>\n\t\t\t\t\t\t\t<a href=\"https:\/\/labunie.com.pl\/wp-content\/uploads\/2017\/10\/0001-1.jpg\" data-rel=\"lightbox-gallery-gPV4ftpK\" data-rl_title=\"\" data-rl_caption=\"\" title=\"\"><img loading=\"lazy\" decoding=\"async\" width=\"300\" height=\"225\" src=\"https:\/\/labunie.com.pl\/wp-content\/uploads\/2017\/10\/0001-1-300x225.jpg\" class=\"attachment-medium size-medium\" alt=\"0001 1\" data-no-retina=\"\" aria-describedby=\"gallery-1-6864\" srcset=\"https:\/\/labunie.com.pl\/wp-content\/uploads\/2017\/10\/0001-1-300x225.jpg 300w, https:\/\/labunie.com.pl\/wp-content\/uploads\/2017\/10\/0001-1-768x576.jpg 768w, https:\/\/labunie.com.pl\/wp-content\/uploads\/2017\/10\/0001-1.jpg 1000w\" sizes=\"auto, (max-width: 300px) 100vw, 300px\" \/><\/a>\n\t\t\t\t\t\t<\/div><figcaption class='wp-caption-text pe-gallery-caption'>\n\t\t\t\t\t\t\t\t0001 1\n\t\t\t\t\t\t\t<\/figcaption><\/figure><\/div><div class='col-md-4'><figure tabindex='0' class='pe-gallery-item ' ><div class='pe-gallery-image landscape'>\n\t\t\t\t\t\t\t<a href=\"https:\/\/labunie.com.pl\/wp-content\/uploads\/2017\/10\/0002-1.jpg\" data-rel=\"lightbox-gallery-gPV4ftpK\" data-rl_title=\"\" data-rl_caption=\"\" title=\"\"><img loading=\"lazy\" decoding=\"async\" width=\"300\" height=\"225\" src=\"https:\/\/labunie.com.pl\/wp-content\/uploads\/2017\/10\/0002-1-300x225.jpg\" class=\"attachment-medium size-medium\" alt=\"0002 1\" data-no-retina=\"\" aria-describedby=\"gallery-1-6865\" srcset=\"https:\/\/labunie.com.pl\/wp-content\/uploads\/2017\/10\/0002-1-300x225.jpg 300w, https:\/\/labunie.com.pl\/wp-content\/uploads\/2017\/10\/0002-1-768x576.jpg 768w, https:\/\/labunie.com.pl\/wp-content\/uploads\/2017\/10\/0002-1.jpg 1000w\" sizes=\"auto, (max-width: 300px) 100vw, 300px\" \/><\/a>\n\t\t\t\t\t\t<\/div><figcaption class='wp-caption-text pe-gallery-caption'>\n\t\t\t\t\t\t\t\t0002 1\n\t\t\t\t\t\t\t<\/figcaption><\/figure><\/div><\/div><\/div>\n<\/p>\n","protected":false},"excerpt":{"rendered":"<p>17 pa\u017adziernika w siedzibie Departamentu PROW Urz\u0119du Marsza\u0142kowskiego w Lublinie W\u00f3jt Gminy \u0141abunie Antoni Wojciech Turczyn i Skarbnik Gminy Agnieszka Niemczuk w obecno\u015bci Zast\u0119pcy Dyrektora Mateusza Winiarskiego podpisali umowy o dofinansowanie przedsi\u0119wzi\u0119\u0107 na terenie naszej gminy.<\/p>\n","protected":false},"author":7,"featured_media":6862,"comment_status":"closed","ping_status":"closed","sticky":false,"template":"","format":"standard","meta":{"footnotes":""},"categories":[1],"tags":[],"class_list":["post-6861","post","type-post","status-publish","format-standard","has-post-thumbnail","hentry","category-wpisy","clearfix"],"_links":{"self":[{"href":"https:\/\/labunie.com.pl\/index.php?rest_route=\/wp\/v2\/posts\/6861","targetHints":{"allow":["GET"]}}],"collection":[{"href":"https:\/\/labunie.com.pl\/index.php?rest_route=\/wp\/v2\/posts"}],"about":[{"href":"https:\/\/labunie.com.pl\/index.php?rest_route=\/wp\/v2\/types\/post"}],"author":[{"embeddable":true,"href":"https:\/\/labunie.com.pl\/index.php?rest_route=\/wp\/v2\/users\/7"}],"replies":[{"embeddable":true,"href":"https:\/\/labunie.com.pl\/index.php?rest_route=%2Fwp%2Fv2%2Fcomments&post=6861"}],"version-history":[{"count":3,"href":"https:\/\/labunie.com.pl\/index.php?rest_route=\/wp\/v2\/posts\/6861\/revisions"}],"predecessor-version":[{"id":7134,"href":"https:\/\/labunie.com.pl\/index.php?rest_route=\/wp\/v2\/posts\/6861\/revisions\/7134"}],"wp:featuredmedia":[{"embeddable":true,"href":"https:\/\/labunie.com.pl\/index.php?rest_route=\/wp\/v2\/media\/6862"}],"wp:attachment":[{"href":"https:\/\/labunie.com.pl\/index.php?rest_route=%2Fwp%2Fv2%2Fmedia&parent=6861"}],"wp:term":[{"taxonomy":"category","embeddable":true,"href":"https:\/\/labunie.com.pl\/index.php?rest_route=%2Fwp%2Fv2%2Fcategories&post=6861"},{"taxonomy":"post_tag","embeddable":true,"href":"https:\/\/labunie.com.pl\/index.php?rest_route=%2Fwp%2Fv2%2Ftags&post=6861"}],"curies":[{"name":"wp","href":"https:\/\/api.w.org\/{rel}","templated":true}]}}