{"id":8116,"date":"2018-03-21T15:20:05","date_gmt":"2018-03-21T14:20:05","guid":{"rendered":"https:\/\/www.labunie.com.pl\/?p=8116"},"modified":"2018-03-21T21:27:31","modified_gmt":"2018-03-21T20:27:31","slug":"muzyczne-inspiracje-kamili-wroblewskiej","status":"publish","type":"post","link":"https:\/\/labunie.com.pl\/?p=8116","title":{"rendered":"Muzyczne inspiracje Kamili Wr\u00f3blewskiej"},"content":{"rendered":"<p><strong>W dniach 1-2 marca 2018 r. w Pa\u0144stwowej Szkole Muzycznej I i II st. im. K. Szymanowskiego w Zamo\u015bciu odby\u0142 si\u0119 II Mi\u0119dzynarodowy Konkurs Pianistyczny &#8220;M\u0142odzi Wirtuozi&#8221; im. Carla Czernego. <\/strong><strong>Do konkursu zg\u0142osi\u0142o si\u0119 78 uczestnik\u00f3w z 35 szk\u00f3\u0142 muzycznych m.in. z Warszawy, Bia\u0142ej Podlaskiej, Krakowa, Che\u0142ma, Lwowa, \u0141ucka, Odessy, Szczebrzeszyna, Rzeszowa, Zamo\u015bcia.<\/strong><\/p>\n<p><!--more--><br \/>\n&nbsp;<br \/>\n<strong>Kamila Wr\u00f3blewska<\/strong> z \u0141abu\u0144, uczennica Pani Tatiany Kucharuk zdoby\u0142a wyr\u00f3\u017cnienie.<br \/>\n&nbsp;<br \/>\n<div id='pe-gallery-1' class='pe-gallery pe-gallery-8116 columns-3 img-size-medium'><div class='pe-row'><div class='col-md-4'><figure tabindex='0' class='pe-gallery-item ' ><div class='pe-gallery-image portrait'>\n\t\t\t\t\t\t\t<a href=\"https:\/\/labunie.com.pl\/wp-content\/uploads\/2018\/03\/kamila_1803-1.jpg\" data-rel=\"lightbox-gallery-xEGQuAkC\" data-rl_title=\"\" data-rl_caption=\"\" title=\"\"><img loading=\"lazy\" decoding=\"async\" width=\"217\" height=\"300\" src=\"https:\/\/labunie.com.pl\/wp-content\/uploads\/2018\/03\/kamila_1803-1-217x300.jpg\" class=\"attachment-medium size-medium\" alt=\"kamila 1803 1\" data-no-retina=\"\" aria-describedby=\"gallery-1-8118\" srcset=\"https:\/\/labunie.com.pl\/wp-content\/uploads\/2018\/03\/kamila_1803-1-217x300.jpg 217w, https:\/\/labunie.com.pl\/wp-content\/uploads\/2018\/03\/kamila_1803-1-768x1061.jpg 768w, https:\/\/labunie.com.pl\/wp-content\/uploads\/2018\/03\/kamila_1803-1-741x1024.jpg 741w, https:\/\/labunie.com.pl\/wp-content\/uploads\/2018\/03\/kamila_1803-1.jpg 1000w\" sizes=\"auto, (max-width: 217px) 100vw, 217px\" \/><\/a>\n\t\t\t\t\t\t<\/div><figcaption class='wp-caption-text pe-gallery-caption'>\n\t\t\t\t\t\t\t\tkamila 1803 1\n\t\t\t\t\t\t\t<\/figcaption><\/figure><\/div><\/div><\/div>\n<br \/>\n<img loading=\"lazy\" decoding=\"async\" src=\"https:\/\/www.labunie.com.pl\/wp-content\/uploads\/2015\/11\/pasek630s.png\" alt=\"\" width=\"630\" height=\"15\" class=\"alignright size-full wp-image-2314\" srcset=\"https:\/\/labunie.com.pl\/wp-content\/uploads\/2015\/11\/pasek630s.png 630w, https:\/\/labunie.com.pl\/wp-content\/uploads\/2015\/11\/pasek630s-300x7.png 300w\" sizes=\"auto, (max-width: 630px) 100vw, 630px\" \/><br \/>\nNatomiast, <strong>17 marca 2018 roku<\/strong> w Sali Koncertowej OSM w Lublinie odby\u0142 si\u0119 Festiwal Pianistyczny \u201eMuzyczne Inspiracje\u201d. Do udzia\u0142u w konkursie zg\u0142osi\u0142o si\u0119 74 uczestnik\u00f3w w 3 grupach wiekowych ze szk\u00f3\u0142 muzycznych w regionie (Lublin, \u015awidnik, Kra\u015bnik, Pu\u0142awy, Bia\u0142a Podlaska, Zamo\u015b\u0107, \u0141ukowa, Krasnystaw, Lubart\u00f3w, Bi\u0142goraj, Che\u0142m).<br \/>\n&nbsp;<br \/>\n<strong>Kamila Wr\u00f3blewska<\/strong> uczennica Pani Tatiany Kucharuk zdoby\u0142a wyr\u00f3\u017cnienie II stopnia.<br \/>\n&nbsp;<br \/>\n<div id='pe-gallery-2' class='pe-gallery pe-gallery-8116 columns-3 img-size-medium'><div class='pe-row'><div class='col-md-4'><figure tabindex='0' class='pe-gallery-item ' ><div class='pe-gallery-image portrait'>\n\t\t\t\t\t\t\t<a href=\"https:\/\/labunie.com.pl\/wp-content\/uploads\/2018\/03\/kamila_1803-3.jpg\" data-rel=\"lightbox-gallery-xEGQuAkC\" data-rl_title=\"\" data-rl_caption=\"\" title=\"\"><img loading=\"lazy\" decoding=\"async\" width=\"225\" height=\"300\" src=\"https:\/\/labunie.com.pl\/wp-content\/uploads\/2018\/03\/kamila_1803-3-225x300.jpg\" class=\"attachment-medium size-medium\" alt=\"kamila 1803 3\" data-no-retina=\"\" aria-describedby=\"gallery-2-8119\" srcset=\"https:\/\/labunie.com.pl\/wp-content\/uploads\/2018\/03\/kamila_1803-3-225x300.jpg 225w, https:\/\/labunie.com.pl\/wp-content\/uploads\/2018\/03\/kamila_1803-3.jpg 482w\" sizes=\"auto, (max-width: 225px) 100vw, 225px\" \/><\/a>\n\t\t\t\t\t\t<\/div><figcaption class='wp-caption-text pe-gallery-caption'>\n\t\t\t\t\t\t\t\tkamila 1803 3\n\t\t\t\t\t\t\t<\/figcaption><\/figure><\/div><div class='col-md-4'><figure tabindex='0' class='pe-gallery-item ' ><div class='pe-gallery-image portrait'>\n\t\t\t\t\t\t\t<a href=\"https:\/\/labunie.com.pl\/wp-content\/uploads\/2018\/03\/kamila_1803-2.jpg\" data-rel=\"lightbox-gallery-xEGQuAkC\" data-rl_title=\"\" data-rl_caption=\"\" title=\"\"><img loading=\"lazy\" decoding=\"async\" width=\"217\" height=\"300\" src=\"https:\/\/labunie.com.pl\/wp-content\/uploads\/2018\/03\/kamila_1803-2-217x300.jpg\" class=\"attachment-medium size-medium\" alt=\"kamila 1803 2\" data-no-retina=\"\" aria-describedby=\"gallery-2-8120\" srcset=\"https:\/\/labunie.com.pl\/wp-content\/uploads\/2018\/03\/kamila_1803-2-217x300.jpg 217w, https:\/\/labunie.com.pl\/wp-content\/uploads\/2018\/03\/kamila_1803-2-768x1061.jpg 768w, https:\/\/labunie.com.pl\/wp-content\/uploads\/2018\/03\/kamila_1803-2-741x1024.jpg 741w, https:\/\/labunie.com.pl\/wp-content\/uploads\/2018\/03\/kamila_1803-2.jpg 1000w\" sizes=\"auto, (max-width: 217px) 100vw, 217px\" \/><\/a>\n\t\t\t\t\t\t<\/div><figcaption class='wp-caption-text pe-gallery-caption'>\n\t\t\t\t\t\t\t\tkamila 1803 2\n\t\t\t\t\t\t\t<\/figcaption><\/figure><\/div><\/div><\/div>\n<br \/>\n&nbsp;<br \/>\n<iframe loading=\"lazy\" width=\"630\" height=\"350\" src=\"https:\/\/www.youtube.com\/embed\/-_r3T-HI1Ow\" frameborder=\"0\" allow=\"autoplay; encrypted-media\" allowfullscreen><\/iframe><\/p>\n","protected":false},"excerpt":{"rendered":"<p>W dniach 1-2 marca 2018 r. w Pa\u0144stwowej Szkole Muzycznej I i II st. im. K. Szymanowskiego w Zamo\u015bciu odby\u0142 si\u0119 II Mi\u0119dzynarodowy Konkurs Pianistyczny &#8220;M\u0142odzi Wirtuozi&#8221; im. Carla Czernego. Do konkursu zg\u0142osi\u0142o si\u0119 78 uczestnik\u00f3w z 35 szk\u00f3\u0142 muzycznych m.in. z Warszawy, Bia\u0142ej Podlaskiej, Krakowa, Che\u0142ma, Lwowa, \u0141ucka, Odessy, Szczebrzeszyna, Rzeszowa, Zamo\u015bcia.<\/p>\n","protected":false},"author":7,"featured_media":8117,"comment_status":"closed","ping_status":"closed","sticky":false,"template":"","format":"standard","meta":{"footnotes":""},"categories":[1],"tags":[],"class_list":["post-8116","post","type-post","status-publish","format-standard","has-post-thumbnail","hentry","category-wpisy","clearfix"],"_links":{"self":[{"href":"https:\/\/labunie.com.pl\/index.php?rest_route=\/wp\/v2\/posts\/8116","targetHints":{"allow":["GET"]}}],"collection":[{"href":"https:\/\/labunie.com.pl\/index.php?rest_route=\/wp\/v2\/posts"}],"about":[{"href":"https:\/\/labunie.com.pl\/index.php?rest_route=\/wp\/v2\/types\/post"}],"author":[{"embeddable":true,"href":"https:\/\/labunie.com.pl\/index.php?rest_route=\/wp\/v2\/users\/7"}],"replies":[{"embeddable":true,"href":"https:\/\/labunie.com.pl\/index.php?rest_route=%2Fwp%2Fv2%2Fcomments&post=8116"}],"version-history":[{"count":5,"href":"https:\/\/labunie.com.pl\/index.php?rest_route=\/wp\/v2\/posts\/8116\/revisions"}],"predecessor-version":[{"id":8126,"href":"https:\/\/labunie.com.pl\/index.php?rest_route=\/wp\/v2\/posts\/8116\/revisions\/8126"}],"wp:featuredmedia":[{"embeddable":true,"href":"https:\/\/labunie.com.pl\/index.php?rest_route=\/wp\/v2\/media\/8117"}],"wp:attachment":[{"href":"https:\/\/labunie.com.pl\/index.php?rest_route=%2Fwp%2Fv2%2Fmedia&parent=8116"}],"wp:term":[{"taxonomy":"category","embeddable":true,"href":"https:\/\/labunie.com.pl\/index.php?rest_route=%2Fwp%2Fv2%2Fcategories&post=8116"},{"taxonomy":"post_tag","embeddable":true,"href":"https:\/\/labunie.com.pl\/index.php?rest_route=%2Fwp%2Fv2%2Ftags&post=8116"}],"curies":[{"name":"wp","href":"https:\/\/api.w.org\/{rel}","templated":true}]}}